{"id":111436,"date":"2021-02-16T17:16:37","date_gmt":"2021-02-16T22:16:37","guid":{"rendered":"https:\/\/linitiative.ca\/International\/prevue-pour-le-21-fevrier-la-visite-dinfantino-a-alger-reportee\/"},"modified":"2021-02-16T17:16:37","modified_gmt":"2021-02-16T22:16:37","slug":"prevue-pour-le-21-fevrier-la-visite-dinfantino-a-alger-reportee","status":"publish","type":"post","link":"https:\/\/linitiative.ca\/International\/prevue-pour-le-21-fevrier-la-visite-dinfantino-a-alger-reportee\/","title":{"rendered":"Pr\u00e9vue pour le 21 f\u00e9vrier : La visite d\u2019Infantino \u00e0 Alger report\u00e9e"},"content":{"rendered":"<h4 class=\"title-14\"\/>\n<div class=\"featured_image\"><img loading=\"lazy\" decoding=\"async\" width=\"1200\" height=\"675\" src=\"https:\/\/www.elwatan.com\/wp-content\/uploads\/2021\/01\/Infantino.gif\" class=\"attachment-post-thumbnail size-post-thumbnail wp-post-image\" alt=\"\"\/> <span class=\"featured-image-caption\">Photo : D. R.<\/span><\/div>\n<p><span class=\"c5\">La visite de deux jours du pr\u00e9sident de la F\u00e9d\u00e9ration international de football association, Gianni Infantino \u00e0 Alger, pr\u00e9vue le 21 f\u00e9vrier prochain est finalement report\u00e9e.<\/span><\/p>\n<p><span class=\"c5\">C\u2019est ce que a annonc\u00e9 la F\u00e9d\u00e9ration alg\u00e9rienne de football sur son site officiel, o\u00f9 elle \u00e9crivait :<\/span> <em><span class=\"c5\">\u00abPour des raisons de contingences particuli\u00e8res, la visite du Pr\u00e9sident de la F\u00e9d\u00e9ration internationale de football association (FIFA), M. Gianni Infantino, est report\u00e9e \u00e0 une date prochaine\u00bb.<\/span><\/em><\/p>\n<p><span class=\"c5\">Ce report intervient pratiquement 24 heures apr\u00e8s l\u2019annonce de l\u2019arriv\u00e9e prochaine du pr\u00e9sident de la FIFA en Alg\u00e9rie.<\/span><\/p>\n<p><span class=\"c5\">A Alger, de nombreuses personnes se sont demand\u00e9s sur l\u2019opportunit\u00e9 de cette visite et n\u2019ont pas manqu\u00e9 de lui trouver un lien notamment apr\u00e8s le<\/span> <em><span class=\"c5\">\u00abconflit\u00bb<\/span><\/em> <span class=\"c5\">entre le MJS et la FAF autour des modifications des codes \u00e9lectoraux changement des statuts de la FAF.\u00a0<\/span><\/p>\n<p><span class=\"post-views-label\">Post Views:<\/span> <span class=\"post-views-count\">45<\/span><\/p>\n<p><br class=\"c2\"\/><\/p>\n<div class=\"ichhar-moneytagnative c6\" id=\"ichhar-289171303\">\n<p>Advertisements<\/p>\n<\/div>\n<p><br class=\"c2\"\/><br \/>\n<br class=\"c7\"\/><\/p>\n<p>Auteur: Mohand Yahiaoui<br \/>\n<a href=\"https:\/\/www.elwatan.com\/edition\/sports\/prevue-pour-le-21-fevrier-la-visite-dinfantino-a-alger-reportee-16-02-2021\">Cliquez ici pour lire l&rsquo;article depuis sa source.<\/a><\/p>\n","protected":false},"excerpt":{"rendered":"<p>Photo : D. R. La visite de deux jours du pr\u00e9sident de la F\u00e9d\u00e9ration international de football association, Gianni Infantino \u00e0 Alger, pr\u00e9vue le 21 f\u00e9vrier prochain est finalement report\u00e9e. C\u2019est ce que a annonc\u00e9 la F\u00e9d\u00e9ration alg\u00e9rienne de football sur son site officiel, o\u00f9 elle \u00e9crivait : \u00abPour des raisons de contingences particuli\u00e8res, la [&hellip;]<\/p>\n","protected":false},"author":1743,"featured_media":0,"comment_status":"closed","ping_status":"closed","sticky":false,"template":"","format":"standard","meta":{"fifu_image_url":"https:\/\/www.elwatan.com\/wp-content\/uploads\/2021\/01\/Infantino.gif","fifu_image_alt":"Pr\u00e9vue pour le 21 f\u00e9vrier : La visite d\u2019Infantino \u00e0 Alger report\u00e9e","footnotes":""},"categories":[73,53],"tags":[],"class_list":["post-111436","post","type-post","status-publish","format-standard","hentry","category-actualite","category-algerie"],"_links":{"self":[{"href":"https:\/\/linitiative.ca\/International\/wp-json\/wp\/v2\/posts\/111436","targetHints":{"allow":["GET"]}}],"collection":[{"href":"https:\/\/linitiative.ca\/International\/wp-json\/wp\/v2\/posts"}],"about":[{"href":"https:\/\/linitiative.ca\/International\/wp-json\/wp\/v2\/types\/post"}],"author":[{"embeddable":true,"href":"https:\/\/linitiative.ca\/International\/wp-json\/wp\/v2\/users\/1743"}],"replies":[{"embeddable":true,"href":"https:\/\/linitiative.ca\/International\/wp-json\/wp\/v2\/comments?post=111436"}],"version-history":[{"count":0,"href":"https:\/\/linitiative.ca\/International\/wp-json\/wp\/v2\/posts\/111436\/revisions"}],"wp:attachment":[{"href":"https:\/\/linitiative.ca\/International\/wp-json\/wp\/v2\/media?parent=111436"}],"wp:term":[{"taxonomy":"category","embeddable":true,"href":"https:\/\/linitiative.ca\/International\/wp-json\/wp\/v2\/categories?post=111436"},{"taxonomy":"post_tag","embeddable":true,"href":"https:\/\/linitiative.ca\/International\/wp-json\/wp\/v2\/tags?post=111436"}],"curies":[{"name":"wp","href":"https:\/\/api.w.org\/{rel}","templated":true}]}}