{"id":111440,"date":"2021-02-17T08:30:59","date_gmt":"2021-02-17T13:30:59","guid":{"rendered":"https:\/\/linitiative.ca\/International\/en-depit-du-contexte-pandemique-arval-realise-une-croissance-de-64-en-2020\/"},"modified":"2021-02-17T08:30:59","modified_gmt":"2021-02-17T13:30:59","slug":"en-depit-du-contexte-pandemique-arval-realise-une-croissance-de-64-en-2020","status":"publish","type":"post","link":"https:\/\/linitiative.ca\/International\/en-depit-du-contexte-pandemique-arval-realise-une-croissance-de-64-en-2020\/","title":{"rendered":"En d\u00e9pit du contexte pand\u00e9mique : Arval r\u00e9alise une croissance de 6,4% en 2020"},"content":{"rendered":"<figure class=\"post-thumbnail\" itemprop=\"associatedMedia\" itemscope=\"itemscope\" itemtype=\"http:\/\/schema.org\/ImageObject\"><img decoding=\"async\" class=\"post_layout_5_img\" src=\"http:\/\/aujourdhui.ma\/wp-content\/uploads\/2020\/11\/Eric-Fulcheri.jpg\" alt=\"En d\u00e9pit du contexte pand\u00e9mique : Arval r\u00e9alise une croissance de 6,4% en 2020\"\/><\/figure>\n<p><span class=\"c5\"><strong>En 2020, la flotte lou\u00e9e d\u2019Arval, sp\u00e9cialiste de la location \u00e0 longue dur\u00e9e, a connu une croissance de 6,4% par rapport \u00e0 2019, pour atteindre 1.381.555 v\u00e9hicules.<\/strong><\/span><span id=\"more-368500\"\/><\/p>\n<p>La flotte des clients entreprises a atteint le million de v\u00e9hicules en 2020. La flotte retail (petites, moyennes entreprises et particuliers) a connu une croissance de 15,7%, dont 100.000 v\u00e9hicules lou\u00e9s \u00e0 des particuliers. La flotte en location moyenne dur\u00e9e a augment\u00e9 de 6%. Les 7.200 collaborateurs d\u2019Arval accompagnent 300.000 clients, dans 30 pays.<\/p>\n<p><span class=\"c6\"><strong>Une ann\u00e9e solide<\/strong><\/span><\/p>\n<p>Pendant la crise sanitaire, les \u00e9quipes d\u2019Arval se sont mobilis\u00e9es dans le monde entier pour assurer aux clients la continuit\u00e9 du service. Gr\u00e2ce \u00e0 une infrastructure informatique solide, plus de 99% des collaborateurs d\u2019Arval ont pu travailler depuis leur domicile en toute s\u00e9curit\u00e9 \u00e0 partir de mars 2020.<br \/>L\u2019entreprise a \u00e9galement mis gracieusement \u00e0 la disposition du personnel de sant\u00e9 pr\u00e8s de 350 v\u00e9hicules dans 12 pays. Dans ce contexte, Arval a activement accompagn\u00e9 ses clients tout au long de la crise en leur offrant une flexibilit\u00e9 dans ses conditions contractuelles ainsi que des extensions de contrats. Arval a acc\u00e9l\u00e9r\u00e9 sa strat\u00e9gie de revente de v\u00e9hicules d\u2019occasion tout au long de la crise de Covid-19, en compl\u00e9tant ses activit\u00e9s de vente B2B par une approche Retail avec un parcours client enti\u00e8rement digitalis\u00e9.<\/p>\n<p><strong><span class=\"c6\">Faits marquants<\/span><\/strong><\/p>\n<p>Apr\u00e8s son 30\u00e8me anniversaire en 2019, Arval a franchi une \u00e9tape importante en pr\u00e9sentant son nouveau plan strat\u00e9gique Arval Beyond en octobre 2020. Il permet \u00e0 Arval de se transformer dans un monde en pleine \u00e9volution, en s\u2019appuyant sur ses principaux atouts mais en r\u00e9inventant son mod\u00e8le \u00e9conomique pour r\u00e9pondre aux nouveaux besoins des clients. Arval Beyond se d\u00e9cline en quatre offres : la mobilit\u00e9 au-del\u00e0 de la voiture avec par exemple le r\u00e9cent lancement de la location longue dur\u00e9e de v\u00e9los dans 8 pays (360\u00b0 Mobility), la technologie au service des clients (Connected &amp; Flexible), des partenariats solides (Arval Inside), la responsabilit\u00e9 et le d\u00e9veloppement durable au c\u0153ur de nos pr\u00e9occupations (Good for you, Good for all).<br \/>Anim\u00e9 par sa responsabilit\u00e9 envers la soci\u00e9t\u00e9 et ses clients, Arval a d\u00e9velopp\u00e9 en 2020 une strat\u00e9gie RSE ambitieuse, en r\u00e9ponse aux enjeux environnementaux, en se fixant des objectifs in\u00e9gal\u00e9s pour 2025 : une flotte de 500.000 v\u00e9hicules \u00e9lectrifi\u00e9s et -30% d\u2019\u00e9missions de CO2 en moyenne sur l\u2019ensemble de sa flotte.<\/p>\n<p>La croissance d\u2019Arval en 2020 ne se traduit pas seulement en termes de partenariats solides, mais elle se refl\u00e8te aussi \u00e0 travers son expansion g\u00e9ographique. L\u2019entreprise a renforc\u00e9 sa pr\u00e9sence en Am\u00e9rique latine avec l\u2019ouverture d\u2019une nouvelle entit\u00e9 en Colombie, en partenariat avec Relsa.<\/p>\n<p><span class=\"c6\"><strong>Des nouveaux horizons en 2021<\/strong><\/span><\/p>\n<p>En 2021, Arval continuera \u00e0 d\u00e9ployer sa strat\u00e9gie par des r\u00e9alisations concr\u00e8tes en lien avec ses objectifs. Parmi les projets pour cette nouvelle ann\u00e9e figurent de nouveaux services pour mieux r\u00e9pondre aux besoins des entreprises, une ambition renouvel\u00e9e de doubler le march\u00e9 des commandes de v\u00e9hicules \u00e9lectriques \u00e0 batterie, et un programme ambitieux de partenariats pour atteindre de nouvelles cibles et de nouvelles fronti\u00e8res.\u00abLa crise en 2020 a confirm\u00e9 que les priorit\u00e9s que nous avions d\u00e9finies pour Arval Beyond r\u00e9pondaient parfaitement aux besoins de nos clients. Arval est encore plus fort aujourd\u2019hui et se distingue en termes de performance, d\u2019esprit pionnier et d\u2019ambition RSE sur le march\u00e9. Je suis tr\u00e8s confiant pour cette ann\u00e9e, nous avons de nombreux projets et initiatives \u00e0 venir. L\u2019investissement que nous faisons aujourd\u2019hui renforcera encore notre position en 2021 et pour les ann\u00e9es \u00e0 venir, et nous avons pour objectif cette ann\u00e9e de d\u00e9passer la performance de 2020 en termes de croissance de la flotte\u00bb, d\u00e9clare Alain van Groenendael, pr\u00e9sident et directeur g\u00e9n\u00e9ral d\u2019Arval.<\/p>\n<p>Auteur: ALM<br \/>\n<a href=\"https:\/\/aujourdhui.ma\/automobile\/en-depit-du-contexte-pandemique-arval-realise-une-croissance-de-64-en-2020\">Cliquez ici pour lire l&rsquo;article depuis sa source.<\/a><\/p>\n","protected":false},"excerpt":{"rendered":"<p>En 2020, la flotte lou\u00e9e d\u2019Arval, sp\u00e9cialiste de la location \u00e0 longue dur\u00e9e, a connu une croissance de 6,4% par rapport \u00e0 2019, pour atteindre 1.381.555 v\u00e9hicules. La flotte des clients entreprises a atteint le million de v\u00e9hicules en 2020. La flotte retail (petites, moyennes entreprises et particuliers) a connu une croissance de 15,7%, dont [&hellip;]<\/p>\n","protected":false},"author":1759,"featured_media":0,"comment_status":"closed","ping_status":"closed","sticky":false,"template":"","format":"standard","meta":{"fifu_image_url":"http:\/\/aujourdhui.ma\/wp-content\/uploads\/2020\/11\/Eric-Fulcheri.jpg","fifu_image_alt":"En d\u00e9pit du contexte pand\u00e9mique : Arval r\u00e9alise une croissance de 6,4% en 2020","footnotes":""},"categories":[73,54],"tags":[],"class_list":["post-111440","post","type-post","status-publish","format-standard","hentry","category-actualite","category-maroc"],"_links":{"self":[{"href":"https:\/\/linitiative.ca\/International\/wp-json\/wp\/v2\/posts\/111440","targetHints":{"allow":["GET"]}}],"collection":[{"href":"https:\/\/linitiative.ca\/International\/wp-json\/wp\/v2\/posts"}],"about":[{"href":"https:\/\/linitiative.ca\/International\/wp-json\/wp\/v2\/types\/post"}],"author":[{"embeddable":true,"href":"https:\/\/linitiative.ca\/International\/wp-json\/wp\/v2\/users\/1759"}],"replies":[{"embeddable":true,"href":"https:\/\/linitiative.ca\/International\/wp-json\/wp\/v2\/comments?post=111440"}],"version-history":[{"count":0,"href":"https:\/\/linitiative.ca\/International\/wp-json\/wp\/v2\/posts\/111440\/revisions"}],"wp:attachment":[{"href":"https:\/\/linitiative.ca\/International\/wp-json\/wp\/v2\/media?parent=111440"}],"wp:term":[{"taxonomy":"category","embeddable":true,"href":"https:\/\/linitiative.ca\/International\/wp-json\/wp\/v2\/categories?post=111440"},{"taxonomy":"post_tag","embeddable":true,"href":"https:\/\/linitiative.ca\/International\/wp-json\/wp\/v2\/tags?post=111440"}],"curies":[{"name":"wp","href":"https:\/\/api.w.org\/{rel}","templated":true}]}}