{"id":111443,"date":"2021-02-17T11:18:23","date_gmt":"2021-02-17T16:18:23","guid":{"rendered":"https:\/\/linitiative.ca\/International\/mobilite-intelligente-sofac-et-badeel-sallient\/"},"modified":"2021-02-17T11:18:23","modified_gmt":"2021-02-17T16:18:23","slug":"mobilite-intelligente-sofac-et-badeel-sallient","status":"publish","type":"post","link":"https:\/\/linitiative.ca\/International\/mobilite-intelligente-sofac-et-badeel-sallient\/","title":{"rendered":"Mobilit\u00e9 intelligente : Sofac et Badeel s\u2019allient"},"content":{"rendered":"<figure class=\"post-thumbnail\" itemprop=\"associatedMedia\" itemscope=\"itemscope\" itemtype=\"http:\/\/schema.org\/ImageObject\"><img decoding=\"async\" class=\"post_layout_5_img\" src=\"http:\/\/aujourdhui.ma\/wp-content\/uploads\/2021\/02\/Sofac.jpg\" alt=\"Mobilit\u00e9 intelligente : Sofac et Badeel s\u2019allient\"\/><\/figure>\n<p><span class=\"c5\"><strong>Sofac prend une participation de 15% dans le capital de Badeel, soci\u00e9t\u00e9 sp\u00e9cialis\u00e9e dans la LLD (location longue dur\u00e9e), et les services de mobilit\u00e9.<\/strong><\/span><span id=\"more-368509\"\/><\/p>\n<p>Cette transaction doit permettre aux deux soci\u00e9t\u00e9s de renforcer les liens d\u00e9j\u00e0 \u00e9tablis et de d\u00e9velopper de nouvelles synergies, particuli\u00e8rement dans l\u2019offre de financement de l\u2019automobile et la commercialisation des services de mobilit\u00e9, indique-t-on dans un communiqu\u00e9. En effet, en donnant le coup d\u2019envoi \u00e0 la commercialisation de ses offres de LLD en octobre 2019, Badeel avait d\u00e9j\u00e0 innov\u00e9 dans le secteur de la LLD en proposant pour la premi\u00e8re fois au Maroc la possibilit\u00e9 de profiter de ce mode d\u2019acc\u00e8s \u00e0 l\u2019automobile autant pour les entreprises, professions lib\u00e9rales, que pour les particuliers qui, jusqu\u2019\u00e0 cette date, ne pouvaient pas contracter de v\u00e9hicule en LLD, fait savoir la m\u00eame source.<\/p>\n<p>Il s\u2019agit \u00e9galement du renouvellement de v\u00e9hicule tous les 15, 16 ou 18 mois selon la dur\u00e9e du contrat ainsi que la g\u00e9n\u00e9ralisation de la mensualit\u00e9 \u00abtout-compris\u00bb et du \u00abservice premium\u00bb \u00e0 tous ses clients, poursuit le communiqu\u00e9. Depuis, Badeel a \u00e9tendu son offre, en permettant aux entreprises et aux particuliers, qui disposent respectivement d\u2019un parc automobile ou d\u2019un v\u00e9hicule \u00e9ligible, de profiter du \u00abservice premium\u00bb en d\u00e9l\u00e9guant la gestion de leurs parc\/v\u00e9hicule \u00e0 Badeel, \u00e0 travers les services de mobilit\u00e9 Optimiz et Hany, en offrant des v\u00e9hicules en second lease \u00e0 ses clients et en d\u00e9veloppant une marque commerciale de vente de v\u00e9hicules d\u2019occasion. A travers cette alliance, Sofac et Badeel consolideront leur partenariat op\u00e9rationnel et peuvent mettre davantage en synergie leurs savoir-faire et leurs r\u00e9seaux pour proposer une mobilit\u00e9 toujours plus intelligente aux conducteurs, pr\u00e9cisent les deux parties.<\/p>\n<p>L\u2019un des premiers chantiers fruit de cette alliance et qui pourrait voir le jour peut concerner le financement \u00e0 cr\u00e9dit des v\u00e9hicules d\u2019occasion propos\u00e9s par Badeel via sa marque Ocazee. Cr\u00e9\u00e9 en 1947 avec pour vocation le financement des cr\u00e9dits \u00e0 la consommation et le leasing, Sofac est un organisme de cr\u00e9dit, dont le capital de la soci\u00e9t\u00e9 qui s\u2019\u00e9l\u00e8ve \u00e0 193,20 millions de dirhams (MDH) est d\u00e9tenu par CIH Bank (66,30%) et Barid Al Maghrib (33,55%). Badeel est, quant \u00e0 lui, un op\u00e9rateur de LLD et de services de mobilit\u00e9 n\u00e9 en 2018 qui a lanc\u00e9 officiellement la commercialisation de son offre le 15 octobre 2019. Dot\u00e9e d\u2019un capital de 16 MDH d\u00e9tenu par des particuliers marocains, Badeel propose la LLD nouvelle g\u00e9n\u00e9ration \u00e0 tous les publics et d\u00e9veloppe de nouveaux services de mobilit\u00e9.<\/p>\n<p>Auteur: ALM<br \/>\n<a href=\"https:\/\/aujourdhui.ma\/automobile\/mobilite-intelligente-sofac-et-badeel-sallient\">Cliquez ici pour lire l&rsquo;article depuis sa source.<\/a><\/p>\n","protected":false},"excerpt":{"rendered":"<p>Sofac prend une participation de 15% dans le capital de Badeel, soci\u00e9t\u00e9 sp\u00e9cialis\u00e9e dans la LLD (location longue dur\u00e9e), et les services de mobilit\u00e9. Cette transaction doit permettre aux deux soci\u00e9t\u00e9s de renforcer les liens d\u00e9j\u00e0 \u00e9tablis et de d\u00e9velopper de nouvelles synergies, particuli\u00e8rement dans l\u2019offre de financement de l\u2019automobile et la commercialisation des services [&hellip;]<\/p>\n","protected":false},"author":1759,"featured_media":0,"comment_status":"closed","ping_status":"closed","sticky":false,"template":"","format":"standard","meta":{"fifu_image_url":"http:\/\/aujourdhui.ma\/wp-content\/uploads\/2021\/02\/Sofac.jpg","fifu_image_alt":"Mobilit\u00e9 intelligente : Sofac et Badeel s\u2019allient","footnotes":""},"categories":[73,54],"tags":[],"class_list":["post-111443","post","type-post","status-publish","format-standard","hentry","category-actualite","category-maroc"],"_links":{"self":[{"href":"https:\/\/linitiative.ca\/International\/wp-json\/wp\/v2\/posts\/111443","targetHints":{"allow":["GET"]}}],"collection":[{"href":"https:\/\/linitiative.ca\/International\/wp-json\/wp\/v2\/posts"}],"about":[{"href":"https:\/\/linitiative.ca\/International\/wp-json\/wp\/v2\/types\/post"}],"author":[{"embeddable":true,"href":"https:\/\/linitiative.ca\/International\/wp-json\/wp\/v2\/users\/1759"}],"replies":[{"embeddable":true,"href":"https:\/\/linitiative.ca\/International\/wp-json\/wp\/v2\/comments?post=111443"}],"version-history":[{"count":0,"href":"https:\/\/linitiative.ca\/International\/wp-json\/wp\/v2\/posts\/111443\/revisions"}],"wp:attachment":[{"href":"https:\/\/linitiative.ca\/International\/wp-json\/wp\/v2\/media?parent=111443"}],"wp:term":[{"taxonomy":"category","embeddable":true,"href":"https:\/\/linitiative.ca\/International\/wp-json\/wp\/v2\/categories?post=111443"},{"taxonomy":"post_tag","embeddable":true,"href":"https:\/\/linitiative.ca\/International\/wp-json\/wp\/v2\/tags?post=111443"}],"curies":[{"name":"wp","href":"https:\/\/api.w.org\/{rel}","templated":true}]}}