{"id":111449,"date":"2021-02-17T03:22:44","date_gmt":"2021-02-17T08:22:44","guid":{"rendered":"https:\/\/linitiative.ca\/International\/interview-m-ridha-belhaj-flechir-sous-les-coups-abdiquer-abandonner-lespace-public-aux-extremes-jamais\/"},"modified":"2021-02-17T03:22:44","modified_gmt":"2021-02-17T08:22:44","slug":"interview-m-ridha-belhaj-flechir-sous-les-coups-abdiquer-abandonner-lespace-public-aux-extremes-jamais","status":"publish","type":"post","link":"https:\/\/linitiative.ca\/International\/interview-m-ridha-belhaj-flechir-sous-les-coups-abdiquer-abandonner-lespace-public-aux-extremes-jamais\/","title":{"rendered":"Interview M. Ridha Belhaj :\u00abFl\u00e9chir sous les coups? Abdiquer?  Abandonner l\u2019espace public aux extr\u00eames? Jamais\u00bb."},"content":{"rendered":"<p class=\"p1\">Int\u00e8gre, bienveillant, jovial : Les trois qualificatifs r\u00e9sument,<span class=\"Apple-converted-space\">\u00a0<\/span> aux yeux de ceux qui l\u2019ont fr\u00e9quent\u00e9 et appr\u00e9ci\u00e9, la personnalit\u00e9 de Ridha Belhaj, avocat actif au sein de la soci\u00e9t\u00e9 civile et politique, ancien directeur du cabinet pr\u00e9sidentiel de feu B\u00e9ji Caid Essebssi, pivot incontestable du lancement de l\u2019id\u00e9e du Nidaa en 2012 et compagnon de route du parti communiste tunisien au temps de Bourguiba<span class=\"Apple-converted-space\">\u00a0<\/span> et des forces progressistes durant des d\u00e9cennies.<\/p>\n<p class=\"p1\">Cet homme souriant et d\u2019une belle ouverture d\u2019esprit, fils d\u2019une famille djerbienne cultiv\u00e9e, \u00e9clectique, besogneuse, dont l\u2019une des figures tot\u00e9miques est un grand fr\u00e8re engag\u00e9 dans la r\u00e9sistance palestinienne dans les ann\u00e9es 70 et 80 \u00e0 Beyrouth , a accompagn\u00e9 toutes les phases de la transition d\u00e9mocratique depuis 2011 aux c\u00f4t\u00e9s de Mohamed Ghannouchi d\u2019abord et assistant Bajbouj par la suite dans son p\u00e9riple politique hallucinant de la kasbah au si\u00e8ge de Nidaa Tounes au Lac 1 pour atterrir finalement au Palais pr\u00e9sidentiel de Carthage apr\u00e8s la victoire des nidaistes aux \u00e9lections pr\u00e9sidentielles et l\u00e9gislatives face au mastodonte politique de l\u2019\u00e9poque \u00ab Ennahdha \u00bb.<\/p>\n<p class=\"p1\">Cela dit, difficile en ce moment au sein du microcosme tunisois de trouver des avis nuanc\u00e9s sur Ridha Belhaj. D\u2019un c\u00f4t\u00e9, il y a ceux qui ont chantonn\u00e9 d\u00e9j\u00e0 son requiem apr\u00e8s son d\u00e9part de Carthage et son divorce avec son mentor de l\u2019\u00e9poque. \u00ab Il est mort\u2026Il n\u2019est plus dans le radar\u2026.C\u2019est un homme du pass\u00e9\u2026.Ses id\u00e9es ne sont plus d\u2019actualit\u00e9\u2026. Le Nidaa est fini\u2026Lui avec\u2026.\u00bb, susurrent ses d\u00e9tracteurs, \u00e9parpill\u00e9s dans plusieurs formations politiques. De l\u2019autre, il y a des inconditionnels, qui croient mordicus que sa carri\u00e8re politique est loin d\u2019\u00eatre dans l\u2019impasse puisqu\u2019il continue, disent-ils, de refuser de dispara\u00eetre, de multiplier les interventions m\u00e9diatiques, de<span class=\"Apple-converted-space\">\u00a0<\/span> tenir un discours rassembleur au sein du parti Amal Tounes, d\u2019afficher, \u00e0 longueur de s\u00e9minaires et de forums, sa d\u00e9termination \u00e0 continuer la lutte dans l\u2019agora et d\u2019affirmer sa propension au combat politique dans un contexte de polarisation id\u00e9ologique exacerb\u00e9e.<\/p>\n<p class=\"p1\">\u00ab Ces derni\u00e8res ann\u00e9es, j\u2019ai travers\u00e9 des \u00e9preuves, but\u00e9 sur des chausse-trappes et de combines, subi des attaques tout azimuts.<span class=\"Apple-converted-space\">\u00a0<\/span> Certains esp\u00e8rent toujours me d\u00e9tourner de mon but. Fl\u00e9chir sous les coups ? Abdiquer ? Abandonner l\u2019espace public aux extr\u00eames ? Jamais ! \u00bb, nous dit M. Ridha Belhaj, qui a bien voulu nous recevoir au si\u00e8ge du parti Amal Tounes, s\u2019engageant avec \u00ab L\u2019expert \u00bb dans une discussion franche et spontan\u00e9e \u00e0 propos de sa vision de la Tunisie, des protagonistes politiques et des d\u00e9fis en cours, dix ans apr\u00e8s la r\u00e9volution du 14 janvier 2011.<\/p>\n<p class=\"p3 c2\"><strong><span class=\"c1\">Comment \u00e9valuez-vous la situation politique actuelle ?<\/span><\/strong><\/p>\n<p class=\"p1\">A l\u2019image de l\u2019Afrique du Sud, du Portugal ou de l\u2019Espagne, qui ont connu une transition d\u00e9mocratique \u00e0 haut risques, la Tunisie, \u00e9puis\u00e9e, taraud\u00e9e par les exc\u00e8s de langage et les slogans \u00e0 tout va,<span class=\"Apple-converted-space\">\u00a0<\/span> invente sa voie, essaie d\u2019\u00e9viter, autant que faire se peut,<span class=\"Apple-converted-space\">\u00a0<\/span> les blocages, n\u00e9gocie toutes les ouvertures possibles, peaufine ses r\u00e9ponses, s\u2019enlise souvent dans les d\u00e9bats id\u00e9ologiques, fait face \u00e0 la grogne sociale, g\u00e8re ses diff\u00e9rences, affronte son destin en d\u00e9pit des appels des uns et des autres \u00e0 casser le syst\u00e8me en place et \u00e0 jeter l\u2019anath\u00e8me sur l\u2019ensemble de la classe politique et les institutions, issues de la constitution de 2014.<\/p>\n<p class=\"p1\">A mon avis, malgr\u00e9 les imperfections du r\u00e9gime politique actuel, les d\u00e9boires des gouvernements successifs depuis 2011, le d\u00e9sespoir de la jeunesse face au ch\u00f4mage end\u00e9mique et les images d\u00e9solantes de l\u2019Assembl\u00e9e du peuple, les \u00e9lites tunisiennes doivent pers\u00e9v\u00e9rer dans la dynamique d\u00e9mocratique en cours,<span class=\"Apple-converted-space\">\u00a0<\/span> ancrer le principe de l\u2019alternance, recourir au dialogue et au compromis afin d\u2019assurer le lancement des r\u00e9formes \u00e9conomiques et politiques dans un contexte de crise sanitaire aigue.<\/p>\n<p class=\"p1\">Les Tunisiens sont condamn\u00e9s \u00e0 \u00e9crire un nouveau r\u00e9cit. Tous ensemble. Une nouvelle \u00e9tape \u00e0 franchir. Une r\u00e9volution tranquille \u00e0 engager. Une nouvelle Tunisie \u00e0 faire \u00e9merger. C\u2019est un long travail. C\u2019est vrai. Depuis des ann\u00e9es maintenant, nous traversons une terrible crise politico-sociale.<\/p>\n<p class=\"p1\">Nous devons nous rassembler autour d\u2019une table ronde pour renverser la tendance, retrouver l\u2019envie de nous engager, de dire non aux vieilles habitudes, \u00e0 ce populisme, qui nous \u00e9puise, red\u00e9couvrir l\u2019honneur d\u2019\u00eatre nous-m\u00eames et penser que la Tunisie est une chance. Notre chance.<\/p>\n<p class=\"p3 c2\"><span class=\"c1\"><strong>Quelles le\u00e7ons avez-vous tir\u00e9 de votre exp\u00e9rience nidaiste ?<\/strong><\/span><\/p>\n<p class=\"p1\">Tout d\u2019abord, l\u2019exp\u00e9rience \u00e9tait \u00e9difiante, grisante, excitante \u00e0 plus d\u2019un titre.<span class=\"Apple-converted-space\">\u00a0<\/span> Car, accompagner l\u2019itin\u00e9raire politique du regrett\u00e9 B\u00e9ji Caid Essebssi, assister au rassemblement des forces centristes<span class=\"Apple-converted-space\">\u00a0<\/span> et progressistes au sein du Nidaa, c\u00f4toyer<span class=\"Apple-converted-space\">\u00a0<\/span> des personnalit\u00e9s internationales influentes, participer \u00e0 la d\u00e9cision d\u00e9mocratique, exercer la magie du pouvoir, croiser le fer avec les diff\u00e9rentes protagonistes de la sc\u00e8ne publique et go\u00fbter au triomphe \u00e9lectoral en 2014 demeurent pour moi des jalons, des moments fatidiques, des ancrages grav\u00e9s \u00e0 jamais dans ma m\u00e9moire.<\/p>\n<p class=\"p1\">La patience, l\u2019humilit\u00e9, l\u2019art du compromis, la n\u00e9gociation, la retenue et non l\u2019\u00e9motion \u2026.Des le\u00e7ons \u00e0 retenir de mon passage au sein du Nidaa. H\u00e9las ! La densit\u00e9 des \u00e9v\u00e9nements apr\u00e8s la d\u00e9route de la troika en 2014 et le d\u00e9ficit d\u2019exp\u00e9rience dans la gestion des conflits internes a pr\u00e9cipit\u00e9 l\u2019implosion du parti, favoris\u00e9 le travail de sape de ses d\u00e9tracteurs, aiguis\u00e9 les app\u00e9tits des uns et des autres et aggrav\u00e9 les d\u00e9fiances des diff\u00e9rentes sensibilit\u00e9s constitutives<span class=\"Apple-converted-space\">\u00a0<\/span> du Nidaa.<\/p>\n<p class=\"p3 c2\"><span class=\"c1\"><strong>Que pensez-vous du palmar\u00e8s de Kais Said \u00e0 Carthage ?<\/strong><\/span><\/p>\n<p class=\"p1\">Nous sommes mal. Les Tunisiens ne parviennent ni \u00e0 comprendre la politique de Kais Said, ni \u00e0 l\u2019accompagner ou \u00e0 la contrarier. On le savait. Cet homme r\u00e8gne par le populisme. Par la division. De la Tunisie. Et des Tunisiens.<\/p>\n<p class=\"p1\">Mais les Tunisiens, eux, sont d\u00e9pit\u00e9s. Plus encore ceux qui ont vot\u00e9 pour lui. Les autres attendent. Normalement, apr\u00e8s l\u2019\u00e9lection, c\u2019est le temps de l\u2019infaillibilit\u00e9 du vote. Quelle pire impression que d\u2019avoir \u00e9t\u00e9 tromp\u00e9 ? Et nous sommes dans ce moment l\u00e0. Dans ce doute l\u00e0. Une pr\u00e9sidence qui a la haute main sur la diplomatie mais qui ne sait qu\u2019en faire. Impuissante. Irr\u00e9solue. Kais Said ne parvient pas \u00e0 s\u2019extraire de son discours \u00e9lectoral. A endosser les habits pr\u00e9sidentiels. A apaiser les passions. A jouer le f\u00e9d\u00e9rateur. Ses r\u00e9sultats, apr\u00e8s plus d\u2019une ann\u00e9e \u00e0 Carthage, sont marqu\u00e9s du sceau de l\u2019inefficacit\u00e9. De l\u2019indigence. Du d\u00e9sordre du discours. De l\u2019immobilisme. De l\u2019id\u00e9ologie. Son \u00e9quipe de conseillers est faible, divis\u00e9e, obnubil\u00e9e par les slogans de son patron. Quel pi\u00e8tre bilan. Quel \u00e9puisement de sa l\u00e9gitimit\u00e9.<\/p>\n<p class=\"p1\">Il voudrait nous faire croire \u00e0 son statut<span class=\"Apple-converted-space\">\u00a0<\/span> de saint. Qu\u2019on le voit vraiment en puritain. Mais, avec son verbe saccad\u00e9, la solitude que l\u2019on sent dans cette \u00e9trange pratique du pouvoir, cet habit pr\u00e9sidentiel que d\u00e9finitivement il ne parvient pas \u00e0 rev\u00eatir, il voudrait nous soumettre \u00e0 un pouvoir manich\u00e9en, vieux jeu, triste et tout compte fait dangereux. Seulement, les Tunisiens le d\u00e9couvrent au fur et \u00e0 mesure de leur quotidien. Ils comprennent chaque jour que le chef de l\u2019Etat, pl\u00e9biscit\u00e9 en 2019 par une majorit\u00e9 populaire, est devenu, dans l\u2019exercice du pouvoir, un chef de clan, de partisans, de parti, qui ignore les autres.<\/p>\n<p class=\"p1\">In fine, on n\u2019a pas besoin de beaucoup de d\u00e9monstration pour dresser le bilan de Kais Said. Chacun se souvient de sa campagne, il y a eu des promesses. Et finalement, ce qui allait mal va plus mal, ce qui allait bien va moins bien. Voil\u00e0 la situation dans la quelle on est. Et personne, les Tunisiens<span class=\"Apple-converted-space\">\u00a0<\/span> le disent, n\u2019a une id\u00e9e claire de la direction qu\u2019il prend et de l\u2019interpr\u00e9tation qu\u2019il se fait de la constitution.<\/p>\n<p class=\"p3 c2\"><strong><span class=\"c1\">\u00ab Mechichi a trahi Kais Said \u00bb,disent certains. Qu\u2019en pensez-vous ?<\/span><\/strong><\/p>\n<p class=\"p1\">Machiavel nous dit que l\u2019homme politique doit \u00ab tenir \u00e0 la fois du lion et du renard \u00bb. L\u2019homme politique\u2026Est-il un animal condamn\u00e9 \u00e0 trahir un jour ou l\u2019autre ?<span class=\"Apple-converted-space\">\u00a0<\/span> Hichem M\u00e9chichi a-t-il<span class=\"Apple-converted-space\">\u00a0<\/span> vraiment trahi le locataire de Carthage comme le pr\u00e9tendent certains observateurs?<span class=\"Apple-converted-space\">\u00a0<\/span> Dans ce cas, encore faut-il parvenir \u00e0 d\u00e9terminer ce que signifie \u00ab trahir \u00bb. Effectivement, il faut distinguer la trahison que je qualifierai d\u2019opportunit\u00e9, celle provoqu\u00e9e par les circonstances qui vous obligent \u00e0 vous d\u00e9dire, qui est peut-\u00eatre consubstantielle \u00e0 la situation politique actuelle, de la trahison par int\u00e9r\u00eat. Eh ! Oui\u2026Voil\u00e0 ce que le cours de la vie publique impose. Trahison \u00e0 la parole donn\u00e9e. Au mentor respect\u00e9, peu importe\u2026Selon moi, Hichem M\u00e9chichi avait besoin de s\u2019affranchir pour prouver qu\u2019il existe. Vis-\u00e0-vis d\u2019un homme qui le d\u00e9cevait un peu plus chaque jour.<\/p>\n<p class=\"p1\">Cela dit, il est maintenant sur la bonne voie pour assurer la stabilit\u00e9 gouvernementale, sauver le pays d\u2019une d\u00e9viation constitutionnelle, li\u00e9e \u00e0 l\u2019intrusion de Carthage dans les pr\u00e9rogatives de la Casbah, lancer les r\u00e9formes \u00e9conomiques n\u00e9cessaires et booster l\u2019id\u00e9e d\u2019un dialogue national \u00e0 m\u00eame de cr\u00e9dibiliser la Tunisie aupr\u00e8s des instances financi\u00e8res internationales.<\/p>\n<p class=\"p3 c2\"><span class=\"c1\"><strong>Quel est le positionnement politique d\u2019Amal Tounes ?<\/strong><\/span><\/p>\n<p class=\"p1\">Le lancement d\u2019Amal Tounes visait \u00e0 garantir les conditions de l\u2019alternance politique, \u00e0 favoriser le rassemblement des sensibilit\u00e9s d\u00e9mocratiques et centristes et \u00e0 opposer \u00e0 la coalition conservatrice au pouvoir une force de propositions cr\u00e9dible aux yeux des Tunisiens. En d\u00e9pit de la crise sanitaire, des difficult\u00e9s \u00e9conomiques, de la mont\u00e9e des voix populistes et de la d\u00e9ception de larges pans des \u00e9lecteurs vis-\u00e0-vis de la classe politique, nous avons r\u00e9ussi l\u2019\u00e9tablissement des structures r\u00e9gionales et locales, mont\u00e9 en puissance crescendo, mis en place une strat\u00e9gie communicative m\u00e9ticuleusement r\u00e9fl\u00e9chie, attir\u00e9 une armada de technocrates, d\u00e9fini un plan de conqu\u00eate de l\u2019opinion, renou\u00e9 avec les militants de base de Nidaa Tounes, travaill\u00e9 sur des th\u00e9matiques r\u00e9galiennes et \u00e9largi nos contacts avec d\u2019\u00e9minentes personnalit\u00e9s ind\u00e9pendantes et leaders de partis modernistes.<\/p>\n<p class=\"p3 c2\"><span class=\"c1\"><strong>L\u2019expert : Pouvez-vous expliquer la mont\u00e9e d\u2019Abir Moussa dans les sondages ?<\/strong><\/span><\/p>\n<p class=\"p1\">A mon avis, il s\u2019agit, \u00e0 n\u2019en pas douter, d\u2019un ph\u00e9nom\u00e8ne artificiel, gonfl\u00e9 \u00e0 bloc par son positionnement radical \u00e0 l\u2019\u00e9gard d\u2019Ennahdha. Adoptant un positionnement jusqu\u2019au boutiste \u00e0 l\u2019encontre de la formation islamiste, Abir Moussa a acquis une grande visibilit\u00e9 sur le plan g\u00e9opolitique, ce qui lui a permis de disposer d\u2019une caisse de r\u00e9sonnance exceptionnelle \u00e0 l\u2019\u00e9chelle internationale. Seulement, structurellement, son parti, g\u00e9r\u00e9 d\u2019une mani\u00e8re fasciste, unilat\u00e9rale, est d\u00e9pourvu de cadres, de relais locaux et d\u2019intellectuels, capables de porter la bonne parole.<\/p>\n<p class=\"p1\">A la premi\u00e8re \u00e9ch\u00e9ance \u00e9lectorale, les Tunisiens se rendront compte qu\u2019ils sont devant une coquille vide. A l\u2019image de tous les extr\u00eames, le PDL<span class=\"Apple-converted-space\">\u00a0<\/span> s\u2019essoufflera face \u00e0 l\u2019ancrage du processus d\u00e9mocratique en Tunisie.<\/p>\n<h5 class=\"p5\"><strong>Propos recueillis par Imededdine Boula\u00e2ba<\/strong><\/h5>\n<div class=\"wp-post-author-wrap wp-post-author-shortcode left\">\n<h3 class=\"awpa-title\"\/>\n<div class=\"wp-post-author\">\n<div class=\"awpa-img awpa-author-block square\"><a href=\"http:\/\/lexpertjournal.net\/fr\/?author=5\"><img loading=\"lazy\" decoding=\"async\" alt=\"\" src=\"http:\/\/0.gravatar.com\/avatar\/97f8e10a1c1125ba104a76514ee07b16?s=150&amp;d=mm&amp;r=g\" srcset=\"http:\/\/0.gravatar.com\/avatar\/97f8e10a1c1125ba104a76514ee07b16?s=300&amp;d=mm&amp;r=g 2x\" class=\"avatar avatar-150 photo\" height=\"150\" width=\"150\"\/><\/a><\/div>\n<\/div>\n<\/div>\n<aside class=\"mashsb-container mashsb-main mashsb-stretched\">\n<\/aside>\n<p>Auteur: L&rsquo;expert<br \/>\n<a href=\"http:\/\/lexpertjournal.net\/fr\/?p=18680\">Cliquez ici pour lire l&rsquo;article depuis sa source.<\/a><\/p>\n","protected":false},"excerpt":{"rendered":"<p>Int\u00e8gre, bienveillant, jovial : Les trois qualificatifs r\u00e9sument,\u00a0 aux yeux de ceux qui l\u2019ont fr\u00e9quent\u00e9 et appr\u00e9ci\u00e9, la personnalit\u00e9 de Ridha Belhaj, avocat actif au sein de la soci\u00e9t\u00e9 civile et politique, ancien directeur du cabinet pr\u00e9sidentiel de feu B\u00e9ji Caid Essebssi, pivot incontestable du lancement de l\u2019id\u00e9e du Nidaa en 2012 et compagnon de [&hellip;]<\/p>\n","protected":false},"author":1775,"featured_media":0,"comment_status":"closed","ping_status":"closed","sticky":false,"template":"","format":"standard","meta":{"fifu_image_url":"http:\/\/0.gravatar.com\/avatar\/97f8e10a1c1125ba104a76514ee07b16?s=150&d=mm&r=g","fifu_image_alt":"Interview M. Ridha Belhaj :\u00abFl\u00e9chir sous les coups? Abdiquer?  Abandonner l\u2019espace public aux extr\u00eames? Jamais\u00bb.","footnotes":""},"categories":[78,55],"tags":[],"class_list":["post-111449","post","type-post","status-publish","format-standard","hentry","category-economie","category-tunisie"],"_links":{"self":[{"href":"https:\/\/linitiative.ca\/International\/wp-json\/wp\/v2\/posts\/111449","targetHints":{"allow":["GET"]}}],"collection":[{"href":"https:\/\/linitiative.ca\/International\/wp-json\/wp\/v2\/posts"}],"about":[{"href":"https:\/\/linitiative.ca\/International\/wp-json\/wp\/v2\/types\/post"}],"author":[{"embeddable":true,"href":"https:\/\/linitiative.ca\/International\/wp-json\/wp\/v2\/users\/1775"}],"replies":[{"embeddable":true,"href":"https:\/\/linitiative.ca\/International\/wp-json\/wp\/v2\/comments?post=111449"}],"version-history":[{"count":0,"href":"https:\/\/linitiative.ca\/International\/wp-json\/wp\/v2\/posts\/111449\/revisions"}],"wp:attachment":[{"href":"https:\/\/linitiative.ca\/International\/wp-json\/wp\/v2\/media?parent=111449"}],"wp:term":[{"taxonomy":"category","embeddable":true,"href":"https:\/\/linitiative.ca\/International\/wp-json\/wp\/v2\/categories?post=111449"},{"taxonomy":"post_tag","embeddable":true,"href":"https:\/\/linitiative.ca\/International\/wp-json\/wp\/v2\/tags?post=111449"}],"curies":[{"name":"wp","href":"https:\/\/api.w.org\/{rel}","templated":true}]}}