{"id":111451,"date":"2021-02-17T03:31:58","date_gmt":"2021-02-17T08:31:58","guid":{"rendered":"https:\/\/linitiative.ca\/International\/quelles-sont-les-conditions-dune-reprise-economique-en-2021\/"},"modified":"2021-02-17T03:31:58","modified_gmt":"2021-02-17T08:31:58","slug":"quelles-sont-les-conditions-dune-reprise-economique-en-2021","status":"publish","type":"post","link":"https:\/\/linitiative.ca\/International\/quelles-sont-les-conditions-dune-reprise-economique-en-2021\/","title":{"rendered":"Quelles sont les conditions  d\u2019une reprise \u00e9conomique  en 2021 ?"},"content":{"rendered":"<p class=\"p1\"><strong><em>Apr\u00e8s une r\u00e9cession historique de l\u2019\u00e9conomie tunisienne, les perspectives pour 2021 ne s\u2019annoncent pas prometteuses surtout \u00e0 la lumi\u00e8re de la persistance de la pand\u00e9mie et le retard enregistr\u00e9 pour la vaccination.<\/em><\/strong><\/p>\n<p class=\"p1\">Cette situation s\u2019amplifie encore plus surtout dans un contexte d\u2019instabilit\u00e9 politique, d\u2019absence de visibilit\u00e9 \u00e9conomique et d\u2019implosion sociale. Malgr\u00e9 cette situation pouvons-nous esp\u00e9rer \u00e0 une reprise rapide de la croissance \u00e9conomique ? Les conditions de cette reprise peuvent elles se r\u00e9unir ?<\/p>\n<p class=\"p2 c2\"><span class=\"c1\"><strong>Une ann\u00e9e 2020 difficile, et des perspectives fragiles :<\/strong><\/span><\/p>\n<p class=\"p1\">Si la Tunisie a pu \u00e9viter un impact fracassant de la pand\u00e9mie sur le plan sanitaire durant sa premi\u00e8re vague, la deuxi\u00e8me vague \u00e9tait plus grave sur l\u2019\u00e9conomie et la sant\u00e9 en m\u00eame temps. En 2020, le 1er trimestre a \u00e9t\u00e9 termin\u00e9 avec une r\u00e9cession de 2.7%, un deuxi\u00e8me trimestre caract\u00e9ris\u00e9 par un effondrement de 19%. Au troisi\u00e8me trimestre, l\u2019\u00e9conomie tunisienne s\u2019est contract\u00e9e de 6%, par rapport au m\u00eame trimestre de l\u2019ann\u00e9e 2019 et a progress\u00e9 de 19,8% par rapport au deuxi\u00e8me trimestre de la m\u00eame ann\u00e9e. La Tunisie va terminer l\u2019ann\u00e9e avec une baisse de 8\u00e0 9% selon les r\u00e9centes perspectives.<\/p>\n<p class=\"p1\">La production industrielle a baiss\u00e9 de pas moins de 6% en 2020 t\u00e9moignant d\u2019une r\u00e9cession importante, quant au taux d\u2019investissement il a chut\u00e9 de 19 \u00e0 10%, et l\u2019\u00e9pargne nationale a atteint un niveau historique passant de 10 \u00e0 3%. Cette situation s\u2019est accompagn\u00e9e par un ch\u00f4mage important qui a atteint plus de 17%, avec un ch\u00f4mage des jeunes d\u00e9passant les 36%. Rien qu\u2019\u00e0 cause de la crise, on a recens\u00e9 plus de 270.000 nouveaux ch\u00f4meurs. Quant au d\u00e9ficit de la balance courante, il a enregistr\u00e9 une l\u00e9g\u00e8re am\u00e9lioration passant de -9% \u00e0 -7%, profitant surtout d\u2019une baisse importante des importations surtout chinoises, et d\u2019un secteur agricole qui a r\u00e9alis\u00e9 une bonne performance au niveau des exportations, et surtout la baisse des voyages \u00e0 l\u2019\u00e9tranger vu la fermeture des fronti\u00e8res, et l\u2019effondrement des cours du brut. Actuellement la Tunisie compte des r\u00e9serves en devises pour plus de 125 jours d\u2019importation. Ce d\u00e9ficit n\u2019a pas \u00e9t\u00e9 impact\u00e9 par la baisse des recettes touristiques.<\/p>\n<p class=\"p1\">Le d\u00e9ficit budg\u00e9taire, et \u00e0 l\u2019instar tous les pays dans le monde, a quant \u00e0 lui explos\u00e9 en 2020, pour atteindre 11,4% du PIB contre 3% pr\u00e9vu par la loi des finances initiale. Pour cette ann\u00e9e l\u2019Etat sera oblig\u00e9 de s\u2019endetter \u00e0 hauteur de 20 milliards de dinars, et ce malgr\u00e9 un financement exceptionnel et forc\u00e9 de la Banque Centrale \u00e0 hauteur de 2.8 milliards de dinars. Selon les premi\u00e8res estimations le taux d\u2019endettement pourra d\u00e9passer les 100% du PIB.<\/p>\n<p class=\"p1\">En traduisant cette situation difficile, l\u2019agence de notation \u201cFitch Ratings\u201d a r\u00e9vis\u00e9 au mois de Novembre 2020 la perspective de la Tunisie de \u201cstable\u201d \u00e0 \u201cn\u00e9gative\u201d, tout en maintenant sa notation souveraine \u00e0 \u201cB\u201d.<\/p>\n<p class=\"p1\">Quant \u00e0 l\u2019inflation elle s\u2019est l\u00e9g\u00e8rement contract\u00e9e pour terminer \u00e0 5.6% au mois de d\u00e9cembre 2020.<\/p>\n<p class=\"p1\">Selon les r\u00e9centes perspectives du FMI, l\u2019\u00e9conomie tunisienne devrait rebondir \u00e0 4% en 2021 et de 3% en 2022. Quant \u00e0 la Banque Mondiale, elle pr\u00e9voit une croissance \u00e9conomique pour la Tunisie de 5.8% en 2021.<\/p>\n<p class=\"p1\">Ces perspectives se sont bas\u00e9es sur une baisse de la propagation de la pand\u00e9mie, surtout apr\u00e8s le commencement des campagnes de vaccination contre le Covid-19.<\/p>\n<p class=\"p2 c2\"><span class=\"c1\"><strong>Les conditions d\u2019une reprise :<\/strong><\/span><\/p>\n<p class=\"p1\">Si les perspectives sont optimistes, avec un mod\u00e8le de croissance en \u00ab V \u00bb, les conditions de la reprise doivent \u00eatre r\u00e9unies pour l\u2019amorcer. Sur un premier plan, l\u2019instabilit\u00e9 politique se pr\u00e9sente comme un \u00e9l\u00e9ment n\u00e9cessaire pour amorcer une reprise \u00e9conomique. Pour cette raison il est important que les 3 pr\u00e9sidents se r\u00e9unissent et mettent fin aux querelles politiques qui nuisent \u00e9norm\u00e9ment au moral des tunisiens et des investisseurs. Les 3 pr\u00e9sidents doivent se concerter autour d\u2019une feuille de route politique et un code de bonne conduite, et surtout un consensus sur les principales questions litigieuses. La situation actuelle, avec 3 t\u00eates du pouvoir qui se jettent la responsabilit\u00e9 et font des \u00ab clash \u00bb \u00e0 travers les interviews et les d\u00e9clarations. Il faut envoyer des ondes positives afin de trouver le terrain propice pour consensus national. Chacun doit laisser du leste et limiter son arrogance et manigance.<\/p>\n<p class=\"p1\">Le dialogue national \u00e9conomique et social propos\u00e9 par l\u2019UGTT et parrain\u00e9 avec des conditions strictes de la part du pr\u00e9sident de la R\u00e9publique doit \u00eatre lanc\u00e9 rapidement. Ce dialogue national doit surtout fixer les priorit\u00e9s nationales sur le plan \u00e9conomique, social et surtout sanitaire. Le volet politique doit \u00eatre rel\u00e9gu\u00e9 et diff\u00e9r\u00e9 pour d\u2019autres rendez-vous.<\/p>\n<p class=\"p1\">Les r\u00e9centes manifestations dans la rue avec une participation massive des jeunes tunisiens, exasp\u00e9r\u00e9 par la situation \u00e9conomique et politique, impose aujourd\u2019hui un dialogue national avec eux. Ce dialogue ne doit pas \u00eatre conduit par un organisme ou d\u00e9partement officiel, mais sous l\u2019\u00e9gide de certaines composantes de la soci\u00e9t\u00e9 civile. En effet, le pouvoir en place a perdu une grande part de sa cr\u00e9dibilit\u00e9 aupr\u00e8s des jeunes.<\/p>\n<p class=\"p1\">De son c\u00f4t\u00e9 le gouvernement doit surtout maintenir les mesures lanc\u00e9es de soutien budg\u00e9taire et financier, et introduire plus de souplesse dans la gestion des aides et des cr\u00e9dits, pour pouvoir s\u2019adapter aux changements rapides.<span class=\"Apple-converted-space\">\u00a0<\/span> Il est important aussi de s\u2019orienter vers un ciblage des interventions publiques.<\/p>\n<p class=\"p1\">Sur le plan sanitaire, la Tunisie doit rapidement clarifier sa vision pour la vaccination massive des tunisiens. D\u00e9j\u00e0, selon le ministre de la sant\u00e9, les premi\u00e8res doses arriveront vers la mi-f\u00e9vrier, dans le cadre du programme mondial de l\u2019OMS. La vaccination doit couvrir une grande partie des tunisiens afin d\u2019atteindre un niveau d\u2019immunit\u00e9 collective important. Le gouvernement doit surtout continuer \u00e0 investir dans le syst\u00e8me de sant\u00e9 qui demeure une priorit\u00e9.<\/p>\n<p class=\"p1\">Durant cette ann\u00e9e la Tunisie restera tributaire massivement des bailleurs de fonds et des march\u00e9s financiers internationaux, et pour cette raison elle doit clarifier les principales r\u00e9formes \u00e0 engager que ce soit au niveau des entreprises publiques en difficult\u00e9s, des salaires dans la fonction publique ou de la compensation. L\u2019objectif \u00e9tant de regagner la confiance des sph\u00e8res financi\u00e8res mondiales qui observent la Tunisie avec m\u00e9fiance et prudence. Pour pouvoir collecter les 3 milliards de dollars annonc\u00e9s r\u00e9cemment par le ministre des finances, il faut beaucoup travailler sur la transparence et la stabilit\u00e9. Le montant indique est important et sans pr\u00e9c\u00e9dent dans l\u2019histoire du pays. Gardons l\u2019optimisme affich\u00e9 par le ministre des finances.<\/p>\n<h5 class=\"p1\"><strong>ABOU FARAH<\/strong><\/h5>\n<div class=\"wp-post-author-wrap wp-post-author-shortcode left\">\n<h3 class=\"awpa-title\"\/>\n<div class=\"wp-post-author\">\n<div class=\"awpa-img awpa-author-block square\"><a href=\"http:\/\/lexpertjournal.net\/fr\/?author=5\"><img loading=\"lazy\" decoding=\"async\" alt=\"\" src=\"http:\/\/0.gravatar.com\/avatar\/97f8e10a1c1125ba104a76514ee07b16?s=150&amp;d=mm&amp;r=g\" srcset=\"http:\/\/0.gravatar.com\/avatar\/97f8e10a1c1125ba104a76514ee07b16?s=300&amp;d=mm&amp;r=g 2x\" class=\"avatar avatar-150 photo\" height=\"150\" width=\"150\"\/><\/a><\/div>\n<\/div>\n<\/div>\n<aside class=\"mashsb-container mashsb-main mashsb-stretched\">\n<\/aside>\n<p>Auteur: L&rsquo;expert<br \/>\n<a href=\"http:\/\/lexpertjournal.net\/fr\/?p=18686\">Cliquez ici pour lire l&rsquo;article depuis sa source.<\/a><\/p>\n","protected":false},"excerpt":{"rendered":"<p>Apr\u00e8s une r\u00e9cession historique de l\u2019\u00e9conomie tunisienne, les perspectives pour 2021 ne s\u2019annoncent pas prometteuses surtout \u00e0 la lumi\u00e8re de la persistance de la pand\u00e9mie et le retard enregistr\u00e9 pour la vaccination. Cette situation s\u2019amplifie encore plus surtout dans un contexte d\u2019instabilit\u00e9 politique, d\u2019absence de visibilit\u00e9 \u00e9conomique et d\u2019implosion sociale. Malgr\u00e9 cette situation pouvons-nous esp\u00e9rer [&hellip;]<\/p>\n","protected":false},"author":1775,"featured_media":0,"comment_status":"closed","ping_status":"closed","sticky":false,"template":"","format":"standard","meta":{"fifu_image_url":"http:\/\/0.gravatar.com\/avatar\/97f8e10a1c1125ba104a76514ee07b16?s=150&d=mm&r=g","fifu_image_alt":"Quelles sont les conditions  d\u2019une reprise \u00e9conomique  en 2021 ?","footnotes":""},"categories":[78,55],"tags":[],"class_list":["post-111451","post","type-post","status-publish","format-standard","hentry","category-economie","category-tunisie"],"_links":{"self":[{"href":"https:\/\/linitiative.ca\/International\/wp-json\/wp\/v2\/posts\/111451","targetHints":{"allow":["GET"]}}],"collection":[{"href":"https:\/\/linitiative.ca\/International\/wp-json\/wp\/v2\/posts"}],"about":[{"href":"https:\/\/linitiative.ca\/International\/wp-json\/wp\/v2\/types\/post"}],"author":[{"embeddable":true,"href":"https:\/\/linitiative.ca\/International\/wp-json\/wp\/v2\/users\/1775"}],"replies":[{"embeddable":true,"href":"https:\/\/linitiative.ca\/International\/wp-json\/wp\/v2\/comments?post=111451"}],"version-history":[{"count":0,"href":"https:\/\/linitiative.ca\/International\/wp-json\/wp\/v2\/posts\/111451\/revisions"}],"wp:attachment":[{"href":"https:\/\/linitiative.ca\/International\/wp-json\/wp\/v2\/media?parent=111451"}],"wp:term":[{"taxonomy":"category","embeddable":true,"href":"https:\/\/linitiative.ca\/International\/wp-json\/wp\/v2\/categories?post=111451"},{"taxonomy":"post_tag","embeddable":true,"href":"https:\/\/linitiative.ca\/International\/wp-json\/wp\/v2\/tags?post=111451"}],"curies":[{"name":"wp","href":"https:\/\/api.w.org\/{rel}","templated":true}]}}