{"id":111455,"date":"2021-02-17T08:10:00","date_gmt":"2021-02-17T13:10:00","guid":{"rendered":"https:\/\/linitiative.ca\/International\/25-manifestants-relaxes\/"},"modified":"2021-02-17T08:10:00","modified_gmt":"2021-02-17T13:10:00","slug":"25-manifestants-relaxes","status":"publish","type":"post","link":"https:\/\/linitiative.ca\/International\/25-manifestants-relaxes\/","title":{"rendered":"25 manifestants relax\u00e9s"},"content":{"rendered":"<div id=\"originalText\" readability=\"68\">\n<p>Le tribunal de B\u00e9ja\u00efa a prononc\u00e9, mardi, la relaxe en faveur de 25 activistes du Hirak, poursuivis dans deux affaires distinctes pour \u00ab incitation \u00e0 attroupement non arm\u00e9 \u00bb.<\/p>\n<p>Le premier verdict rendu par ce tribunal de premi\u00e8re instance concerne le proc\u00e8s des 22 manifestants qui s\u2019est tenu le 2 f\u00e9vrier dernier. Le parquet a r\u00e9clam\u00e9, dans son r\u00e9quisitoire, une peine de six mois de prison ferme \u00e0 l\u2019encontre des 22 pr\u00e9venus. Ces derniers, faut-il le rappeler, font partie des 32 personnes arr\u00eat\u00e9es le 19 juin 2020, lors d\u2019une manifestation de rue organis\u00e9e dans la ville de B\u00e9ja\u00efa.<\/p>\n<p>Apr\u00e8s leur remise en libert\u00e9, 22 d\u2019entre elles, dont l\u2019ancien journaliste Dalil Yamouni, ont \u00e9t\u00e9 convoqu\u00e9es \u00e0 compara\u00eetre en citation directe.<\/p>\n<p>Par ailleurs, la m\u00eame juridiction a relax\u00e9 trois autres activistes du Hirak, Yanis Adjlia, Riadh Yazid et Walid Aouchiche, dont le proc\u00e8s a eu lieu le 9 f\u00e9vrier pass\u00e9. Le procureur a requis, \u00e0 l\u2019issue de l\u2019audience, une ann\u00e9e de prison ferme assortie d&rsquo;une amende de 20 000 DA \u00e0 chacun des trois mis en cause, poursuivis pour le m\u00eame chef d\u2019inculpation \u00ab incitation \u00e0 attroupement non arm\u00e9 \u00bb. Ils avaient \u00e9t\u00e9 interpell\u00e9s par la police, en d\u00e9cembre 2018, alors qu&rsquo;ils distribuaient des affiches pour la \u00ab\u00a0marche des libert\u00e9s\u00a0\u00bb organis\u00e9e \u00e0 l\u2019occasion de la c\u00e9l\u00e9bration de la Journ\u00e9e internationale des droits de l&rsquo;homme.<\/p>\n<p class=\"c6\"><strong>KAMAL OUHNIA pour R\u00e9daction Web<\/strong><\/p>\n<\/div>\n<div id=\"text_core\" readability=\"68\">\n<p>Le tribunal de B\u00e9ja\u00efa a prononc\u00e9, mardi, la relaxe en faveur de 25 activistes du Hirak, poursuivis dans deux affaires distinctes pour \u00ab incitation \u00e0 attroupement non arm\u00e9 \u00bb.<\/p>\n<p>Le premier verdict rendu par ce tribunal de premi\u00e8re instance concerne le proc\u00e8s des 22 manifestants qui s\u2019est tenu le 2 f\u00e9vrier dernier. Le parquet a r\u00e9clam\u00e9, dans son r\u00e9quisitoire, une peine de six mois de prison ferme \u00e0 l\u2019encontre des 22 pr\u00e9venus. Ces derniers, faut-il le rappeler, font partie des 32 personnes arr\u00eat\u00e9es le 19 juin 2020, lors d\u2019une manifestation de rue organis\u00e9e dans la ville de B\u00e9ja\u00efa.<\/p>\n<p>Apr\u00e8s leur remise en libert\u00e9, 22 d\u2019entre elles, dont l\u2019ancien journaliste Dalil Yamouni, ont \u00e9t\u00e9 convoqu\u00e9es \u00e0 compara\u00eetre en citation directe.<\/p>\n<p>Par ailleurs, la m\u00eame juridiction a relax\u00e9 trois autres activistes du Hirak, Yanis Adjlia, Riadh Yazid et Walid Aouchiche, dont le proc\u00e8s a eu lieu le 9 f\u00e9vrier pass\u00e9. Le procureur a requis, \u00e0 l\u2019issue de l\u2019audience, une ann\u00e9e de prison ferme assortie d&rsquo;une amende de 20 000 DA \u00e0 chacun des trois mis en cause, poursuivis pour le m\u00eame chef d\u2019inculpation \u00ab incitation \u00e0 attroupement non arm\u00e9 \u00bb. Ils avaient \u00e9t\u00e9 interpell\u00e9s par la police, en d\u00e9cembre 2018, alors qu&rsquo;ils distribuaient des affiches pour la \u00ab\u00a0marche des libert\u00e9s\u00a0\u00bb organis\u00e9e \u00e0 l\u2019occasion de la c\u00e9l\u00e9bration de la Journ\u00e9e internationale des droits de l&rsquo;homme.<\/p>\n<p class=\"c6\"><strong>KAMAL OUHNIA pour R\u00e9daction Web<\/strong><\/p>\n<\/div>\n<p>Auteur:<br \/>\n<a href=\"https:\/\/www.liberte-algerie.com\/actualite\/25-manifestants-relaxes-354236\">Cliquez ici pour lire l&rsquo;article depuis sa source.<\/a><\/p>\n","protected":false},"excerpt":{"rendered":"<p>Le tribunal de B\u00e9ja\u00efa a prononc\u00e9, mardi, la relaxe en faveur de 25 activistes du Hirak, poursuivis dans deux affaires distinctes pour \u00ab incitation \u00e0 attroupement non arm\u00e9 \u00bb. Le premier verdict rendu par ce tribunal de premi\u00e8re instance concerne le proc\u00e8s des 22 manifestants qui s\u2019est tenu le 2 f\u00e9vrier dernier. Le parquet a [&hellip;]<\/p>\n","protected":false},"author":1742,"featured_media":0,"comment_status":"closed","ping_status":"closed","sticky":false,"template":"","format":"standard","meta":{"fifu_image_url":"","fifu_image_alt":"","footnotes":""},"categories":[73,53],"tags":[],"class_list":["post-111455","post","type-post","status-publish","format-standard","hentry","category-actualite","category-algerie"],"_links":{"self":[{"href":"https:\/\/linitiative.ca\/International\/wp-json\/wp\/v2\/posts\/111455","targetHints":{"allow":["GET"]}}],"collection":[{"href":"https:\/\/linitiative.ca\/International\/wp-json\/wp\/v2\/posts"}],"about":[{"href":"https:\/\/linitiative.ca\/International\/wp-json\/wp\/v2\/types\/post"}],"author":[{"embeddable":true,"href":"https:\/\/linitiative.ca\/International\/wp-json\/wp\/v2\/users\/1742"}],"replies":[{"embeddable":true,"href":"https:\/\/linitiative.ca\/International\/wp-json\/wp\/v2\/comments?post=111455"}],"version-history":[{"count":0,"href":"https:\/\/linitiative.ca\/International\/wp-json\/wp\/v2\/posts\/111455\/revisions"}],"wp:attachment":[{"href":"https:\/\/linitiative.ca\/International\/wp-json\/wp\/v2\/media?parent=111455"}],"wp:term":[{"taxonomy":"category","embeddable":true,"href":"https:\/\/linitiative.ca\/International\/wp-json\/wp\/v2\/categories?post=111455"},{"taxonomy":"post_tag","embeddable":true,"href":"https:\/\/linitiative.ca\/International\/wp-json\/wp\/v2\/tags?post=111455"}],"curies":[{"name":"wp","href":"https:\/\/api.w.org\/{rel}","templated":true}]}}