{"id":111458,"date":"2021-02-17T09:59:05","date_gmt":"2021-02-17T14:59:05","guid":{"rendered":"https:\/\/linitiative.ca\/International\/guercif-bon-deroulement-de-la-campagne-de-vaccination-anti-covid-19\/"},"modified":"2021-02-17T09:59:05","modified_gmt":"2021-02-17T14:59:05","slug":"guercif-bon-deroulement-de-la-campagne-de-vaccination-anti-covid-19","status":"publish","type":"post","link":"https:\/\/linitiative.ca\/International\/guercif-bon-deroulement-de-la-campagne-de-vaccination-anti-covid-19\/","title":{"rendered":"Guercif: Bon d\u00e9roulement de la campagne de vaccination anti-Covid-19"},"content":{"rendered":"<p class=\"c4\">La campagne nationale de vaccination contre le nouveau coronavirus se d\u00e9roule dans de bonnes conditions au niveau de la province de Guercif, avec la participation de l\u2019ensemble des intervenants et une forte adh\u00e9sion des citoyens concern\u00e9s par cette op\u00e9ration.<\/p>\n<p class=\"c4\">Les autorit\u00e9s provinciales, sanitaires, s\u00e9curitaires ainsi que tous les intervenants font preuve d\u2019une grande mobilisation pour r\u00e9ussir cette op\u00e9ration, lanc\u00e9e par SM le Roi Mohammed VI fin janvier et qui enregistre une participation accrue des cat\u00e9gories cibl\u00e9es.<\/p>\n<p class=\"c4\">Au total, 35 centres de vaccination ont \u00e9t\u00e9 am\u00e9nag\u00e9s au niveau de la province de Guercif, 10 en milieu urbain et 25 dans le monde rural, avec pour objectif de vacciner quelque 150.000 personnes de plus de 17 ans, indiquent les responsables de la Sant\u00e9 dans la province, pr\u00e9cisant qu\u2019\u00e0 la date du lundi 15 f\u00e9vrier 2021, plus de 8.000 personnes avaient d\u00e9j\u00e0 re\u00e7u leur premi\u00e8re dose du vaccin anti-Covid.<\/p>\n<p class=\"c4\">Dans une d\u00e9claration \u00e0 la MAP, le d\u00e9l\u00e9gu\u00e9 provincial de la Sant\u00e9, Dr Hicham Alaoui Ismaili, a soulign\u00e9 que cette campagne de vaccination a \u00e9t\u00e9 pr\u00e9c\u00e9d\u00e9e par des pr\u00e9paratifs minutieux et des r\u00e9unions successives avec les cadres de la Sant\u00e9 et l\u2019ensemble des intervenants, en particulier l\u2019autorit\u00e9 provinciale, pr\u00e9sid\u00e9e par le gouverneur de la province, dans le cadre du comit\u00e9 de veille.<\/p>\n<p class=\"c4\">Les deux premi\u00e8res semaines de la campagne ont concern\u00e9 les cat\u00e9gories \u0153uvrant aux premi\u00e8res lignes face \u00e0 la pand\u00e9mie, \u00e0 savoir le personnel de la Sant\u00e9 \u00e2g\u00e9 de plus de 40 ans, les agents des services de s\u00e9curit\u00e9 et les cadres de l\u2019enseignement \u00e2g\u00e9s de plus de 45 ans, ainsi que les personnes de plus de 75 ans, a-t-il ajout\u00e9.<\/p>\n<p class=\"c4\">\u00abVendredi dernier, nous avons commenc\u00e9 \u00e0 \u00e9largir l\u2019op\u00e9ration de vaccination pour inclure les personnes de plus de 65 ans, et cette \u00e9tape connait, \u00e0 l\u2019instar de la premi\u00e8re phase, une forte adh\u00e9sion des citoyens. L\u2019op\u00e9ration se d\u00e9roule de mani\u00e8re souple et dans le respect des mesures de s\u00e9curit\u00e9 sanitaire\u00bb, a assur\u00e9 le responsable.<\/p>\n<p class=\"c4\">Il a aussi relev\u00e9 qu\u2019aucun cas de complication de sant\u00e9 li\u00e9 au vaccin n\u2019a \u00e9t\u00e9 enregistr\u00e9, hormis quelques effets secondaires minimes qui s\u2019estompent en l\u2019espace de 48 heures.<\/p>\n<p class=\"c4\">M. Alaoui Ismaili a tenu \u00e0 remercier l\u2019ensemble des intervenants, en particulier les cadres de la Sant\u00e9, qui d\u00e9ploient de grands efforts et font preuve d\u2019un sens \u00e9lev\u00e9 d\u2019abn\u00e9gation, ainsi que les autorit\u00e9s provinciales et locales et l\u2019ensemble des partenaires dont le Croissant rouge marocain et les associations de la soci\u00e9t\u00e9 civile.<\/p>\n<p class=\"c4\">Par ailleurs, les autorit\u00e9s sanitaires provinciales appellent les citoyens \u00e0 adh\u00e9rer massivement \u00e0 cette campagne de vaccination qui constitue le seul moyen de sortir de cette pand\u00e9mie, tout en rappelant la n\u00e9cessit\u00e9 de continuer \u00e0 respecter les mesures de pr\u00e9caution et de pr\u00e9vention sanitaires, notamment le port des masques de protection et la distanciation sociale et ce avant, pendant et apr\u00e8s la vaccination, en vue d\u2019atteindre l\u2019objectif de l\u2019immunit\u00e9 individuelle et collective.<\/p>\n<p>Auteur: Soufiane ELAHMAR<br \/>\n<a href=\"http:\/\/www.mapoujda.ma\/fr\/guercif-bon-deroulement-de-la-campagne-de-vaccination-anti-covid-19\/\">Cliquez ici pour lire l&rsquo;article depuis sa source.<\/a><\/p>\n","protected":false},"excerpt":{"rendered":"<p>La campagne nationale de vaccination contre le nouveau coronavirus se d\u00e9roule dans de bonnes conditions au niveau de la province de Guercif, avec la participation de l\u2019ensemble des intervenants et une forte adh\u00e9sion des citoyens concern\u00e9s par cette op\u00e9ration. Les autorit\u00e9s provinciales, sanitaires, s\u00e9curitaires ainsi que tous les intervenants font preuve d\u2019une grande mobilisation pour [&hellip;]<\/p>\n","protected":false},"author":1788,"featured_media":0,"comment_status":"closed","ping_status":"closed","sticky":false,"template":"","format":"standard","meta":{"fifu_image_url":"","fifu_image_alt":"","footnotes":""},"categories":[54,76],"tags":[],"class_list":["post-111458","post","type-post","status-publish","format-standard","hentry","category-maroc","category-regions"],"_links":{"self":[{"href":"https:\/\/linitiative.ca\/International\/wp-json\/wp\/v2\/posts\/111458","targetHints":{"allow":["GET"]}}],"collection":[{"href":"https:\/\/linitiative.ca\/International\/wp-json\/wp\/v2\/posts"}],"about":[{"href":"https:\/\/linitiative.ca\/International\/wp-json\/wp\/v2\/types\/post"}],"author":[{"embeddable":true,"href":"https:\/\/linitiative.ca\/International\/wp-json\/wp\/v2\/users\/1788"}],"replies":[{"embeddable":true,"href":"https:\/\/linitiative.ca\/International\/wp-json\/wp\/v2\/comments?post=111458"}],"version-history":[{"count":0,"href":"https:\/\/linitiative.ca\/International\/wp-json\/wp\/v2\/posts\/111458\/revisions"}],"wp:attachment":[{"href":"https:\/\/linitiative.ca\/International\/wp-json\/wp\/v2\/media?parent=111458"}],"wp:term":[{"taxonomy":"category","embeddable":true,"href":"https:\/\/linitiative.ca\/International\/wp-json\/wp\/v2\/categories?post=111458"},{"taxonomy":"post_tag","embeddable":true,"href":"https:\/\/linitiative.ca\/International\/wp-json\/wp\/v2\/tags?post=111458"}],"curies":[{"name":"wp","href":"https:\/\/api.w.org\/{rel}","templated":true}]}}