{"id":111460,"date":"2021-02-17T10:24:26","date_gmt":"2021-02-17T15:24:26","guid":{"rendered":"https:\/\/linitiative.ca\/International\/le-programme-american-leadership-academy-2021-lance\/"},"modified":"2021-02-17T10:24:26","modified_gmt":"2021-02-17T15:24:26","slug":"le-programme-american-leadership-academy-2021-lance","status":"publish","type":"post","link":"https:\/\/linitiative.ca\/International\/le-programme-american-leadership-academy-2021-lance\/","title":{"rendered":"Le programme American Leadership Academy 2021 lanc\u00e9"},"content":{"rendered":"<p class=\"rtejustify\">Le programme American Leadership Academy 2021 pour l&rsquo;accompagnement de la prochaine g\u00e9n\u00e9ration des jeunes marocains et de d\u00e9veloppement de leurs comp\u00e9tences en leadership et en entrepreneuriat, vient d&rsquo;\u00eatre lanc\u00e9 \u00e0 l&rsquo;initiative de l\u2019Association Anoual en partenariat avec l&rsquo;ambassade des \u00c9tats-Unis.<\/p>\n<p class=\"rtejustify\">Les jeunes leaders seront immerg\u00e9s dans un programme intensif de 6 mois avec cinq ateliers et deux semaines de bootcamps sur des th\u00e9matiques sp\u00e9cifiques, notamment le leadership inclusif, le leadership authentique, le leadership ax\u00e9 sur la vision ou encore \u00ab\u00a0R\u00eavez grand\u00a0\u00bb, ont indiqu\u00e9 les organisateurs.<\/p>\n<p class=\"rtejustify\">Les participants \u00e0 ce programme b\u00e9n\u00e9ficieront d\u2019un m\u00e9lange d\u2019ateliers attrayants en ligne, de pratiques dans le monde r\u00e9el, de webinaires interactifs et de discussions en groupe. American Leadership Academy permettra aux participants d\u2019\u00e9largir leurs connaissances dans le domaine des droits civiques et des responsabilit\u00e9s, ont-ils soulign\u00e9, relevant qu&rsquo;ils seront connect\u00e9s \u00e0 un r\u00e9seau puissant avec comme missions la promotion du concept du leadership au sein du Royaume, le d\u00e9veloppement de l\u2019esprit du leadership aupr\u00e8s de la jeunesse marocaine \u00e0 travers des modules ax\u00e9s sur la communication et la gestion de projets et le conflit management.<\/p>\n<p class=\"rtejustify\">Ainsi, le 16 janvier dernier, l\u2019aventure a d\u00e9marr\u00e9 avec une premi\u00e8re formation pour les mentors anim\u00e9e par un invit\u00e9 d\u2019honneur, le Dr. Deidre Combs, auteure et consultante am\u00e9ricaine sp\u00e9cialis\u00e9e dans la compr\u00e9hension de la diversit\u00e9 culturelle et la gestion des conflits.<\/p>\n<p class=\"rtejustify\">Lors de cet atelier virtuel, 42 participants ont appris \u00e0 s\u2019int\u00e9grer efficacement dans le monde du mentorat. Ils ont \u00e9t\u00e9 choisis de diff\u00e9rentes villes du Maroc et se sont distingu\u00e9s par leur passion pour le leadership, l\u2019entrepreneuriat, l\u2019innovation et la soci\u00e9t\u00e9 civile.<\/p>\n<p class=\"rtejustify\">\u00a0<\/p>\n<p>Auteur: mbasraoui<br \/>\n<a href=\"https:\/\/www.leconomiste.com\/flash-infos\/le-programme-american-leadership-academy-2021-lance\">Cliquez ici pour lire l&rsquo;article depuis sa source.<\/a><\/p>\n","protected":false},"excerpt":{"rendered":"<p>Le programme American Leadership Academy 2021 pour l&rsquo;accompagnement de la prochaine g\u00e9n\u00e9ration des jeunes marocains et de d\u00e9veloppement de leurs comp\u00e9tences en leadership et en entrepreneuriat, vient d&rsquo;\u00eatre lanc\u00e9 \u00e0 l&rsquo;initiative de l\u2019Association Anoual en partenariat avec l&rsquo;ambassade des \u00c9tats-Unis. Les jeunes leaders seront immerg\u00e9s dans un programme intensif de 6 mois avec cinq ateliers [&hellip;]<\/p>\n","protected":false},"author":1763,"featured_media":0,"comment_status":"closed","ping_status":"closed","sticky":false,"template":"","format":"standard","meta":{"fifu_image_url":"","fifu_image_alt":"","footnotes":""},"categories":[78,54],"tags":[],"class_list":["post-111460","post","type-post","status-publish","format-standard","hentry","category-economie","category-maroc"],"_links":{"self":[{"href":"https:\/\/linitiative.ca\/International\/wp-json\/wp\/v2\/posts\/111460","targetHints":{"allow":["GET"]}}],"collection":[{"href":"https:\/\/linitiative.ca\/International\/wp-json\/wp\/v2\/posts"}],"about":[{"href":"https:\/\/linitiative.ca\/International\/wp-json\/wp\/v2\/types\/post"}],"author":[{"embeddable":true,"href":"https:\/\/linitiative.ca\/International\/wp-json\/wp\/v2\/users\/1763"}],"replies":[{"embeddable":true,"href":"https:\/\/linitiative.ca\/International\/wp-json\/wp\/v2\/comments?post=111460"}],"version-history":[{"count":0,"href":"https:\/\/linitiative.ca\/International\/wp-json\/wp\/v2\/posts\/111460\/revisions"}],"wp:attachment":[{"href":"https:\/\/linitiative.ca\/International\/wp-json\/wp\/v2\/media?parent=111460"}],"wp:term":[{"taxonomy":"category","embeddable":true,"href":"https:\/\/linitiative.ca\/International\/wp-json\/wp\/v2\/categories?post=111460"},{"taxonomy":"post_tag","embeddable":true,"href":"https:\/\/linitiative.ca\/International\/wp-json\/wp\/v2\/tags?post=111460"}],"curies":[{"name":"wp","href":"https:\/\/api.w.org\/{rel}","templated":true}]}}