{"id":111463,"date":"2021-02-17T12:16:43","date_gmt":"2021-02-17T17:16:43","guid":{"rendered":"https:\/\/linitiative.ca\/International\/medecine-dentaire-signature-de-conventions-cadres-pour-developper-le-secteur\/"},"modified":"2021-02-17T12:16:43","modified_gmt":"2021-02-17T17:16:43","slug":"medecine-dentaire-signature-de-conventions-cadres-pour-developper-le-secteur","status":"publish","type":"post","link":"https:\/\/linitiative.ca\/International\/medecine-dentaire-signature-de-conventions-cadres-pour-developper-le-secteur\/","title":{"rendered":"M\u00e9decine dentaire: signature de conventions-cadres pour d\u00e9velopper le secteur"},"content":{"rendered":"<p>Visant \u00e0 fixer les conditions et les modes de coop\u00e9ration pour d\u00e9velopper la m\u00e9decine dentaire, les universit\u00e9s Mohammed V de Rabat et Hassan II de Casablanca ont sign\u00e9\u00a0deux conventions-cadres avec l\u2019Ordre national des m\u00e9decins dentistes du Maroc (ONMD).<\/p>\n<p>Ainsi, une convention-cadre a \u00e9t\u00e9 sign\u00e9e sous la pr\u00e9sidence du ministre de l\u2019\u00c9ducation nationale, de la formation professionnelle, de l\u2019enseignement sup\u00e9rieur et de la recherche scientifique, Saaid Amzazi, accompagn\u00e9 du ministre d\u00e9l\u00e9gu\u00e9 charg\u00e9 de l\u2019enseignement sup\u00e9rieur et de la recherche scientifique, Driss Ouaouicha, entre l\u2019Universit\u00e9 Mohammed V de Rabat repr\u00e9sent\u00e9e par son pr\u00e9sident Mohammed Rhachi, la facult\u00e9 de m\u00e9decine dentaire de Rabat en pr\u00e9sence de son doyen, Nawal Bouyahyaoui et l\u2019ONMD repr\u00e9sent\u00e9 par son pr\u00e9sident Mohammed Hjira.<\/p>\n<p>Il a \u00e9t\u00e9 \u00e9galement proc\u00e9d\u00e9 \u00e0 la signature d&rsquo;une convention similaire entre l\u2019Universit\u00e9 Hassan II de Casablanca repr\u00e9sent\u00e9e par sa pr\u00e9sidente Aawatif Hayar, la Facult\u00e9 de m\u00e9decine dentaire de Casablanca en pr\u00e9sence de son doyen Chouaib Rifki, et l\u2019ONMD repr\u00e9sent\u00e9 par son pr\u00e9sident, indique le d\u00e9partement de l&rsquo;Enseignement sup\u00e9rieur et de la recherche scientifique.<\/p>\n<p>Ces conventions portent sur cinq axes principaux, \u00e0 savoir les formations et stages, la recherche scientifique, la lutte contre l\u2019exercice ill\u00e9gal, le d\u00e9veloppement du sens de la responsabilit\u00e9 soci\u00e9tale ainsi que la gouvernance et la communication.<\/p>\n<p>Deux conventions sp\u00e9cifiques ont \u00e9t\u00e9 \u00e9galement sign\u00e9es pour promouvoir leur coop\u00e9ration dans le domaine de la formation des \u00e9tudiants des deux facult\u00e9s de M\u00e9decine Dentaire (Rabat et Casablanca).<\/p>\n<p>Auteur: mbasraoui<br \/>\n<a href=\"https:\/\/www.leconomiste.com\/flash-infos\/medecine-dentaire-signature-de-conventions-cadres-pour-developper-le-secteur\">Cliquez ici pour lire l&rsquo;article depuis sa source.<\/a><\/p>\n","protected":false},"excerpt":{"rendered":"<p>Visant \u00e0 fixer les conditions et les modes de coop\u00e9ration pour d\u00e9velopper la m\u00e9decine dentaire, les universit\u00e9s Mohammed V de Rabat et Hassan II de Casablanca ont sign\u00e9\u00a0deux conventions-cadres avec l\u2019Ordre national des m\u00e9decins dentistes du Maroc (ONMD). Ainsi, une convention-cadre a \u00e9t\u00e9 sign\u00e9e sous la pr\u00e9sidence du ministre de l\u2019\u00c9ducation nationale, de la formation [&hellip;]<\/p>\n","protected":false},"author":1763,"featured_media":0,"comment_status":"closed","ping_status":"closed","sticky":false,"template":"","format":"standard","meta":{"fifu_image_url":"","fifu_image_alt":"","footnotes":""},"categories":[78,54],"tags":[],"class_list":["post-111463","post","type-post","status-publish","format-standard","hentry","category-economie","category-maroc"],"_links":{"self":[{"href":"https:\/\/linitiative.ca\/International\/wp-json\/wp\/v2\/posts\/111463","targetHints":{"allow":["GET"]}}],"collection":[{"href":"https:\/\/linitiative.ca\/International\/wp-json\/wp\/v2\/posts"}],"about":[{"href":"https:\/\/linitiative.ca\/International\/wp-json\/wp\/v2\/types\/post"}],"author":[{"embeddable":true,"href":"https:\/\/linitiative.ca\/International\/wp-json\/wp\/v2\/users\/1763"}],"replies":[{"embeddable":true,"href":"https:\/\/linitiative.ca\/International\/wp-json\/wp\/v2\/comments?post=111463"}],"version-history":[{"count":0,"href":"https:\/\/linitiative.ca\/International\/wp-json\/wp\/v2\/posts\/111463\/revisions"}],"wp:attachment":[{"href":"https:\/\/linitiative.ca\/International\/wp-json\/wp\/v2\/media?parent=111463"}],"wp:term":[{"taxonomy":"category","embeddable":true,"href":"https:\/\/linitiative.ca\/International\/wp-json\/wp\/v2\/categories?post=111463"},{"taxonomy":"post_tag","embeddable":true,"href":"https:\/\/linitiative.ca\/International\/wp-json\/wp\/v2\/tags?post=111463"}],"curies":[{"name":"wp","href":"https:\/\/api.w.org\/{rel}","templated":true}]}}