{"id":111465,"date":"2021-02-17T11:00:00","date_gmt":"2021-02-17T16:00:00","guid":{"rendered":"https:\/\/linitiative.ca\/International\/un-bel-exemple-du-partenariat-culturel-et-artistique-tuniso-italien\/"},"modified":"2021-02-17T11:00:00","modified_gmt":"2021-02-17T16:00:00","slug":"un-bel-exemple-du-partenariat-culturel-et-artistique-tuniso-italien","status":"publish","type":"post","link":"https:\/\/linitiative.ca\/International\/un-bel-exemple-du-partenariat-culturel-et-artistique-tuniso-italien\/","title":{"rendered":"Un bel exemple du partenariat culturel et artistique, tuniso-italien"},"content":{"rendered":"<p class=\"p1 c3\"><span class=\"c2\"><strong>Le Temps-Sayda Ben ZINEB<\/strong><\/span><\/p>\n<p class=\"p1 c3\"><span class=\"c2\"><strong><em>Le confinement et ses m\u00e9faits qui p\u00e8sent lourd depuis un an d\u00e9j\u00e0, nous poussent vers la tentation de ne plus voir ce<span class=\"Apple-converted-space\">\u00a0<\/span> qui est tant montr\u00e9 dans les m\u00e9dias ainsi que sur les r\u00e9seaux sociaux, et partir le \u00ab plus loin possible \u00bb, le temps de voir un film, une pi\u00e8ce de th\u00e9\u00e2tre ou un beau spectacle de danse digne de celui pr\u00e9sent\u00e9 dimanche 14 f\u00e9vrier dernier \u00e0 la Cit\u00e9 de la Culture.<span class=\"Apple-converted-space\">\u00a0<\/span><\/em><\/strong><\/span><\/p>\n<p class=\"p1 c4\"><span class=\"c2\">Guirlandes multicolores et c\u0153urs g\u00e9ants \u00e0 l\u2019entr\u00e9e du Th\u00e9\u00e2tre de l\u2019Op\u00e9ra annon\u00e7aient la couleur, celle de la<span class=\"Apple-converted-space\">\u00a0<\/span> f\u00eate de l\u2019amour, avec ses joies et ses peines, et celle aussi d\u2019un grand spectacle programm\u00e9 pour l\u2019occasion : \u00ab Rom\u00e9o et Juliette \u00bb, la nouvelle cr\u00e9ation chor\u00e9graphique du Ballet de l\u2019Op\u00e9ra de Tunis pr\u00e9sent\u00e9e en avant-premi\u00e8re, en pr\u00e9sence de nombreux Rom\u00e9o \u2026et Juliette. <span class=\"Apple-converted-space\">\u00a0<\/span><\/span><\/p>\n<p class=\"p1 c4\"><span class=\"c2\"><span class=\"Apple-converted-space\">\u00a0<\/span>Cette trag\u00e9die de William Shakespeare qui<span class=\"Apple-converted-space\">\u00a0<\/span> raconte l&rsquo;histoire de deux jeunes<span class=\"Apple-converted-space\">\u00a0<\/span> qui s&rsquo;aiment malgr\u00e9 la haine que se vouent leurs familles et connaissent un destin funeste,<span class=\"Apple-converted-space\">\u00a0<\/span> continue de faire l\u2019objet d\u2019adaptations<span class=\"Apple-converted-space\">\u00a0<\/span> au th\u00e9\u00e2tre, au cin\u00e9ma et \u00e0 l\u2019op\u00e9ra tout en inspirant encore et toujours, les chor\u00e9graphes \u00e0 travers le monde.<span class=\"Apple-converted-space\">\u00a0<\/span><\/span><\/p>\n<p class=\"p2 c5\"><span class=\"c2\"><strong>L\u2019amour sacrifi\u00e9 \u00e0 la haine<\/strong><\/span><\/p>\n<p class=\"p1 c4\"><span class=\"c2\">Sign\u00e9e<span class=\"Apple-converted-space\">\u00a0<\/span> par le c\u00e9l\u00e8bre chor\u00e9graphe italien Luca Bruni, l\u2019\u0153uvre chor\u00e9graphique \u00ab Rom\u00e9o et Juliette \u00bb restitue avec fougue la jeunesse et la passion qui attisent le drame shakespearien, mettant en sc\u00e8ne l\u2019amour juv\u00e9nile sacrifi\u00e9 \u00e0 la haine des adultes, admirablement interpr\u00e9t\u00e9 par une pl\u00e9iade de<span class=\"Apple-converted-space\">\u00a0<\/span> nos jeunes danseurs<span class=\"Apple-converted-space\">\u00a0<\/span> du Ballet<span class=\"Apple-converted-space\">\u00a0<\/span> de l\u2019Op\u00e9ra de Tunis qui ont fait preuve de beaucoup de<span class=\"Apple-converted-space\">\u00a0<\/span> prouesse, dont : Wael Marghni dans le r\u00f4le de Rom\u00e9o, et Ranim K\u00e9fi dans celui de Juliette..<\/span><\/p>\n<p class=\"p1 c4\"><span class=\"c2\"><span class=\"Apple-converted-space\">\u00a0<\/span>La musique qui accompagne et soutient le drame par ses \u00e9clatantes harmonies et ses d\u00e9licates m\u00e9lodies, est celle<span class=\"Apple-converted-space\">\u00a0<\/span> du compositeur russe Serguei Prokofiev,<span class=\"Apple-converted-space\">\u00a0<\/span> et du compositeur italien Marco Schiavoni. Quant aux d\u00e9cors<span class=\"Apple-converted-space\">\u00a0<\/span> et costumes, ils sont con\u00e7us par le sc\u00e9nographe Mario Ferrari, sans oublier les assistantes \u00e0 la chor\u00e9graphie, Maria Olga Palliani et Veronica Nieddu.<\/span><\/p>\n<p class=\"p2 c5\"><span class=\"c2\"><strong>Luca Bruni et l\u2019acte<span class=\"Apple-converted-space\">\u00a0<\/span><\/strong><\/span><\/p>\n<p class=\"p2 c5\"><span class=\"c2\"><strong>de courage<span class=\"Apple-converted-space\">\u00a0<\/span><\/strong><\/span><\/p>\n<p class=\"p1 c4\"><span class=\"c2\">Chor\u00e9graphe, danseur et directeur artistique de la c\u00e9l\u00e8bre<span class=\"Apple-converted-space\">\u00a0<\/span> troupe de danse Oplas\/Centro Regionale della Danza Umbria, Luca Bruni propose \u00ab Rom\u00e9o et Juliette \u00bb au Ballet<span class=\"Apple-converted-space\">\u00a0<\/span> du Th\u00e9\u00e2tre de l&rsquo;Op\u00e9ra. L&rsquo;\u00e9v\u00e9nement vient apr\u00e8s deux ans de collaboration intense gr\u00e2ce \u00e0 une louable initiative men\u00e9e comme toujours, par l&rsquo;Institut culturel italien \u00e0 Tunis.<span class=\"Apple-converted-space\">\u00a0<\/span><\/span><\/p>\n<p class=\"p1 c4\"><span class=\"c2\">La nouvelle aventure artistique de Bruni au prestigieux Th\u00e9\u00e2tre<span class=\"Apple-converted-space\">\u00a0<\/span> de l\u2019Op\u00e9ra <span class=\"Apple-converted-space\">\u00a0<\/span> est un acte de courage et d&rsquo;amour pour l&rsquo;art chor\u00e9graphique qui souffre en particulier durant cette p\u00e9riode d\u2019arr\u00eat et de confinement.<span class=\"Apple-converted-space\">\u00a0<\/span><\/span><\/p>\n<p class=\"p1 c4\"><span class=\"c2\">\u00ab Dans un moment aussi compliqu\u00e9, confie l&rsquo;artiste dans l\u2019une de ses d\u00e9clarations, le d\u00e9sir de r\u00e9silience aussi se communique \u00e0 travers la confrontation des risques de traverser les fronti\u00e8res pour faire ce qui est impossible en Italie aujourd&rsquo;hui, \u00e0 savoir, <span class=\"Apple-converted-space\">\u00a0<\/span> gagner sa vie \u00e0 travers la danse\u00bb.<span class=\"Apple-converted-space\">\u00a0 \u00a0<\/span><\/span><\/p>\n<p class=\"p1 c4\"><span class=\"c2\">Le ballet italien est ainsi entrain de continuer son chemin en <span class=\"Apple-converted-space\">\u00a0<\/span> gagnant du succ\u00e8s \u00e0 travers le monde en d\u00e9pit des obstacles et des difficult\u00e9s que<span class=\"Apple-converted-space\">\u00a0<\/span> traverse le secteur de la danse durant cette<span class=\"Apple-converted-space\">\u00a0<\/span> conjoncture de pand\u00e9mie, sous le slogan :<span class=\"Apple-converted-space\">\u00a0<\/span> \u00ab ceux qui s&rsquo;arr\u00eatent sont perdus \u00bb, comme l\u2019affirment Luca<span class=\"Apple-converted-space\">\u00a0<\/span> Bruni et Mario Ferrari, le concepteur de la sc\u00e8ne et des costumes de \u00ab Rom\u00e9o et Juliette\u00bb.<span class=\"Apple-converted-space\">\u00a0 \u00a0<\/span> \u00ab Oplas \u00bb, a toujours \u00e9t\u00e9, selon les critiques,<span class=\"Apple-converted-space\">\u00a0<\/span> appr\u00e9ci\u00e9e \u00e0 l&rsquo;\u00e9tranger et en Italie o\u00f9 la troupe a \u00e9t\u00e9 consid\u00e9r\u00e9e comme une excellence r\u00e9gionale pendant des ann\u00e9es. La r\u00e9gion d\u2019Ombrie<span class=\"Apple-converted-space\">\u00a0 \u00a0<\/span> constitue<span class=\"Apple-converted-space\">\u00a0<\/span> en effet, l\u2019un des soutiens du projet \u00ab Rom\u00e9o et Juliette \u00bb.<span class=\"Apple-converted-space\">\u00a0 \u00a0<\/span><\/span><\/p>\n<p class=\"p2 c5\"><span class=\"c2\"><strong><span class=\"Apple-converted-space\">\u00a0<\/span> On continue malgr\u00e9<span class=\"Apple-converted-space\">\u00a0<\/span><\/strong><\/span><\/p>\n<p class=\"p2 c5\"><span class=\"c2\"><strong>les restrictions\u2026<\/strong><\/span><\/p>\n<p class=\"p1 c4\"><span class=\"c2\"><span class=\"Apple-converted-space\">\u00a0<\/span>En guise de satisfaction,<span class=\"Apple-converted-space\">\u00a0<\/span> Luca<span class=\"Apple-converted-space\">\u00a0<\/span> Bruni exprime son bonheur de renouveler une fructueuse<span class=\"Apple-converted-space\">\u00a0<\/span> collaboration<span class=\"Apple-converted-space\">\u00a0<\/span> \u00e0 Tunis qui consolide selon lui,<span class=\"Apple-converted-space\">\u00a0<\/span> une relation de reconnaissance et de confiance mutuelle avec les protagonistes de la sc\u00e8ne artistique locale.<\/span><\/p>\n<p class=\"p1 c4\"><span class=\"c2\"><span class=\"Apple-converted-space\">\u00a0<\/span>\u00ab Je suis convaincu, d\u00e9clare t -il,<span class=\"Apple-converted-space\">\u00a0<\/span> qu\u2019en partageant ensemble un objectif, des \u00e9nergies et des exp\u00e9riences, nous arriverons \u00e0 surmonter ce moment difficile qui met en p\u00e9ril la survie des spectacles vivants et, une fois ce moment d\u00e9pass\u00e9, \u00e0 progresser encore plus\u2026 Ici \u00e0 Tunis, malgr\u00e9 les restrictions impos\u00e9es, nous avons l&rsquo;opportunit\u00e9 de pr\u00e9senter des r\u00e9citals, promouvoir des cr\u00e9ations artistiques et les mettre en sc\u00e8ne, et ceci est une chose extraordinaire ! Merci de tout mon c\u0153ur \u00e0 l&rsquo;\u00e9quipe de la Cit\u00e9 de la Culture, \u00e0 tous ceux qui, avec beaucoup d&rsquo;abn\u00e9gation, continuent de travailler, surmontant chaque difficult\u00e9, \u00e0 tous les danseurs, Nesrine Chaboouni (directrice du P\u00f4le Ballet et Arts chor\u00e9graphiques \u00e0 la Cit\u00e9 de la Culture ) et Malek Sabai qui vient d&rsquo;\u00eatre nomm\u00e9e directrice artistique du Ballet du Th\u00e9\u00e2tre de l&rsquo;Op\u00e9ra et \u00e0 qui je souhaite beaucoup de succ\u00e8s \u00bb. <span class=\"Apple-converted-space\">\u00a0<\/span><\/span><\/p>\n<p class=\"p3 c6\">\u00a0<\/p>\n<p class=\"p1 c3\">\u00a0<\/p>\n<p class=\"p4 c7\"><span class=\"c2\"><strong>S.B.Z<\/strong><\/span><\/p>\n<p>Auteur: letemps1<br \/>\n<a href=\"http:\/\/www.letemps.com.tn\/article\/119305\/un-bel-exemple-du-partenariat-culturel-et-artistique-tuniso-italien\">Cliquez ici pour lire l&rsquo;article depuis sa source.<\/a><\/p>\n","protected":false},"excerpt":{"rendered":"<p>Le Temps-Sayda Ben ZINEB Le confinement et ses m\u00e9faits qui p\u00e8sent lourd depuis un an d\u00e9j\u00e0, nous poussent vers la tentation de ne plus voir ce\u00a0 qui est tant montr\u00e9 dans les m\u00e9dias ainsi que sur les r\u00e9seaux sociaux, et partir le \u00ab plus loin possible \u00bb, le temps de voir un film, une pi\u00e8ce [&hellip;]<\/p>\n","protected":false},"author":1773,"featured_media":0,"comment_status":"closed","ping_status":"closed","sticky":false,"template":"","format":"standard","meta":{"fifu_image_url":"","fifu_image_alt":"","footnotes":""},"categories":[73,55],"tags":[],"class_list":["post-111465","post","type-post","status-publish","format-standard","hentry","category-actualite","category-tunisie"],"_links":{"self":[{"href":"https:\/\/linitiative.ca\/International\/wp-json\/wp\/v2\/posts\/111465","targetHints":{"allow":["GET"]}}],"collection":[{"href":"https:\/\/linitiative.ca\/International\/wp-json\/wp\/v2\/posts"}],"about":[{"href":"https:\/\/linitiative.ca\/International\/wp-json\/wp\/v2\/types\/post"}],"author":[{"embeddable":true,"href":"https:\/\/linitiative.ca\/International\/wp-json\/wp\/v2\/users\/1773"}],"replies":[{"embeddable":true,"href":"https:\/\/linitiative.ca\/International\/wp-json\/wp\/v2\/comments?post=111465"}],"version-history":[{"count":0,"href":"https:\/\/linitiative.ca\/International\/wp-json\/wp\/v2\/posts\/111465\/revisions"}],"wp:attachment":[{"href":"https:\/\/linitiative.ca\/International\/wp-json\/wp\/v2\/media?parent=111465"}],"wp:term":[{"taxonomy":"category","embeddable":true,"href":"https:\/\/linitiative.ca\/International\/wp-json\/wp\/v2\/categories?post=111465"},{"taxonomy":"post_tag","embeddable":true,"href":"https:\/\/linitiative.ca\/International\/wp-json\/wp\/v2\/tags?post=111465"}],"curies":[{"name":"wp","href":"https:\/\/api.w.org\/{rel}","templated":true}]}}