{"id":111466,"date":"2021-02-17T11:00:00","date_gmt":"2021-02-17T16:00:00","guid":{"rendered":"https:\/\/linitiative.ca\/International\/le-drame-de-vouloir-etre-femme\/"},"modified":"2021-02-17T11:00:00","modified_gmt":"2021-02-17T16:00:00","slug":"le-drame-de-vouloir-etre-femme","status":"publish","type":"post","link":"https:\/\/linitiative.ca\/International\/le-drame-de-vouloir-etre-femme\/","title":{"rendered":"Le drame de vouloir \u00eatre femme"},"content":{"rendered":"<p class=\"p1 c3\"><span class=\"c2\"><strong>Le Temps-Zouhour HARBAOUI<\/strong><\/span><\/p>\n<p class=\"p1 c3\"><span class=\"c2\"><strong>Le court m\u00e9trage de Maxime Roy, \u00abSole mio\u00bb, met en exergue le mal \u00eatre d&rsquo;un homme-femme ou d&rsquo;une femme-homme&#8230;<\/strong><\/span><\/p>\n<p class=\"p1 c4\"><span class=\"c2\">L&rsquo;artiste fran\u00e7ais Michel Sardou chantait, en 1981, \u00abEtre une femme\u00bb : \u00abDans un voyage en absurdie que je fais lorsque je m&rsquo;ennuie, j&rsquo;ai imagin\u00e9 sans complexe qu&rsquo;un matin je changeais de sexe.<\/span><\/p>\n<p class=\"p1 c4\"><span class=\"c2\">Que je vivais l&rsquo;\u00e9trange drame d&rsquo;\u00eatre une femme\u00bb. L&rsquo;un des h\u00e9ros du court m\u00e9trage de Maxime Roy, \u00abSole mio\u00bb, lui, n&rsquo;imagine pas, il le vit. Ce personnage est un homme avec l&rsquo;\u00e2me d&rsquo;une femme, et une femme dans le corps d&rsquo;un homme. Apr\u00e8s avoir quitt\u00e9, du jour au lendemain, \u00e9pouse et fils pour vivre pleinement son \u00e9tat de femme, il d\u00e9cide de subir une op\u00e9ration pour changer de sexe et s\u2019appeler Lisa ; passant ainsi de travesti\/transgenre \u00e0 transsexuel. Son fils Daniel est au courant de la d\u00e9cision de son p\u00e8re, avec qui il \u00e9tait en contact depuis son d\u00e9part. Le jeune homme force son paternel \u00e0 tout avouer \u00e0 son \u00e9pouse, d\u00e9sesp\u00e9r\u00e9e depuis la \u00abdisparition\u00bb de son mari. Lisa n&rsquo;arrive pas \u00e0 sauter le pas de la confrontation, ce qui va remettre en question sa d\u00e9cision d&rsquo;\u00eatre femme corporellement.<\/span><\/p>\n<p class=\"p1 c4\"><span class=\"c2\">Bien que le sujet ne soit pas nouveau, il aurait \u00e9t\u00e9 tr\u00e8s int\u00e9ressant sous l\u2019\u0153il de la cam\u00e9ra de Maxime Roy, si le r\u00e9alisateur avait su travailler sur la psychologie des personnages, notamment du p\u00e8re. Quitter sa famille, depuis des ann\u00e9es, pour vivre sa vie de travesti, c&rsquo;est avoir une volont\u00e9 de fer. D\u00e9cider de sauter le pas et de devenir une femme corporellement, c&rsquo;est aussi une volont\u00e9 de fer. Mais, on ne saisit pas l&rsquo;h\u00e9sitation de Lisa \u00e0 passer sur le billard apr\u00e8s qu&rsquo;il\/elle ait vu son \u00e9pouse, alors que celle-ci a retrouv\u00e9 l&rsquo;amour aupr\u00e8s d&rsquo;un autre homme. Du coup, on ne trouve pas de subtilit\u00e9s dans \u00abSole mio\u00bb et le court laisse les spectateurs sur leur faim.<span class=\"Apple-converted-space\">\u00a0<\/span><\/span><\/p>\n<p class=\"p1 c3\">\u00a0<\/p>\n<p class=\"p2 c5\"><span class=\"c2\"><strong>Z.H<\/strong><\/span><\/p>\n<p>Auteur: letemps1<br \/>\n<a href=\"http:\/\/www.letemps.com.tn\/article\/119306\/le-drame-de-vouloir-%C3%AAtre-femme\">Cliquez ici pour lire l&rsquo;article depuis sa source.<\/a><\/p>\n","protected":false},"excerpt":{"rendered":"<p>Le Temps-Zouhour HARBAOUI Le court m\u00e9trage de Maxime Roy, \u00abSole mio\u00bb, met en exergue le mal \u00eatre d&rsquo;un homme-femme ou d&rsquo;une femme-homme&#8230; L&rsquo;artiste fran\u00e7ais Michel Sardou chantait, en 1981, \u00abEtre une femme\u00bb : \u00abDans un voyage en absurdie que je fais lorsque je m&rsquo;ennuie, j&rsquo;ai imagin\u00e9 sans complexe qu&rsquo;un matin je changeais de sexe. Que [&hellip;]<\/p>\n","protected":false},"author":1773,"featured_media":0,"comment_status":"closed","ping_status":"closed","sticky":false,"template":"","format":"standard","meta":{"fifu_image_url":"","fifu_image_alt":"","footnotes":""},"categories":[73,55],"tags":[],"class_list":["post-111466","post","type-post","status-publish","format-standard","hentry","category-actualite","category-tunisie"],"_links":{"self":[{"href":"https:\/\/linitiative.ca\/International\/wp-json\/wp\/v2\/posts\/111466","targetHints":{"allow":["GET"]}}],"collection":[{"href":"https:\/\/linitiative.ca\/International\/wp-json\/wp\/v2\/posts"}],"about":[{"href":"https:\/\/linitiative.ca\/International\/wp-json\/wp\/v2\/types\/post"}],"author":[{"embeddable":true,"href":"https:\/\/linitiative.ca\/International\/wp-json\/wp\/v2\/users\/1773"}],"replies":[{"embeddable":true,"href":"https:\/\/linitiative.ca\/International\/wp-json\/wp\/v2\/comments?post=111466"}],"version-history":[{"count":0,"href":"https:\/\/linitiative.ca\/International\/wp-json\/wp\/v2\/posts\/111466\/revisions"}],"wp:attachment":[{"href":"https:\/\/linitiative.ca\/International\/wp-json\/wp\/v2\/media?parent=111466"}],"wp:term":[{"taxonomy":"category","embeddable":true,"href":"https:\/\/linitiative.ca\/International\/wp-json\/wp\/v2\/categories?post=111466"},{"taxonomy":"post_tag","embeddable":true,"href":"https:\/\/linitiative.ca\/International\/wp-json\/wp\/v2\/tags?post=111466"}],"curies":[{"name":"wp","href":"https:\/\/api.w.org\/{rel}","templated":true}]}}