{"id":111467,"date":"2021-02-17T11:00:00","date_gmt":"2021-02-17T16:00:00","guid":{"rendered":"https:\/\/linitiative.ca\/International\/dar-sebastian-fait-son-opera-du-18-au-21-fevrier-2021\/"},"modified":"2021-02-17T11:00:00","modified_gmt":"2021-02-17T16:00:00","slug":"dar-sebastian-fait-son-opera-du-18-au-21-fevrier-2021","status":"publish","type":"post","link":"https:\/\/linitiative.ca\/International\/dar-sebastian-fait-son-opera-du-18-au-21-fevrier-2021\/","title":{"rendered":"Dar Sebastian fait son op\u00e9ra  du 18 au 21 f\u00e9vrier 2021"},"content":{"rendered":"<p class=\"p1 c3\"><span class=\"c2\"><strong>Le Temps- Kamel Bouaouina<\/strong><\/span><\/p>\n<p class=\"p1 c3\"><span class=\"c2\"><strong>Le centre culturel international d\u2019Hammamet c\u00e9l\u00e8bre de fa\u00e7on originale l\u2019art lyrique dans la magnifique villa Dar Sebastian. L\u2019\u00e9dition 2021 propose une fois de plus quatre jours remplies d\u2019\u00e9motions, d\u2019\u00e9merveillement et de d\u00e9couvertes. Cette ann\u00e9e s\u2019annonce particuli\u00e8rement excitante.<\/strong><\/span><\/p>\n<p class=\"p1 c4\"><span class=\"c2\">Dar Sebastian fait son op\u00e9ra du 18 au 21 f\u00e9vrier 2021 et essaie de se tracer une voie propre, confirmant sa double fonction de divertissement et de r\u00e9v\u00e9lateur des talents.<span class=\"Apple-converted-space\">\u00a0<\/span> Sa magie, rest\u00e9e intacte malgr\u00e9 tout, avec son cadre idyllique m\u00ealant \u00e0 la fois l\u2019horizon incertain mais \u00f4 combien libertaire de la mer et la douceur r\u00e9confortante du verger \u00e9d\u00e9nique qui le borde, op\u00e8re toujours de la m\u00eame mani\u00e8re. <span class=\"Apple-converted-space\">\u00a0<\/span> L\u2019op\u00e9ra est un art lyrique. C&rsquo;est un spectacle de musique de chambre pour Soprano, Piano, Alto et Violoncelle qui alterne des \u0153uvres lyriques et instrumentales compos\u00e9es par Fadi Ben Othman.<\/span><\/p>\n<p class=\"p1 c4\"><span class=\"c2\">Afin de pr\u00e9parer la sortie progressive de la rudesse de l\u2019hiver et l\u2019approche de la douceur du printemps qui s\u2019annonce pr\u00e9coce, cette ann\u00e9e, cinq groupes proposent des programmes diversifi\u00e9s qui offrent l\u2019opportunit\u00e9 de d\u00e9couvrir ou de red\u00e9couvrir des \u0153uvres majeures du r\u00e9pertoire lyrique \u00e0 travers des airs c\u00e9l\u00e8bres et d\u2019autres moins connus. Le talent tunisien, repr\u00e9sent\u00e9 par Fadi Ben Othman et Ouan\u00e8s Khlig\u00e8ne, est aussi pr\u00e9sent et se fraye un chemin au milieu des sillons trac\u00e9s par les Verdi, Puccini, Mozart, Chopin, Kalmann, Bizet et autres g\u00e9nies du baroque, du classicisme, du romantisme ou du moderne. La palette est large et il y en a pour tous les go\u00fbts.<\/span><\/p>\n<p class=\"p1 c4\"><span class=\"c2\"><span class=\"Apple-converted-space\">\u00a0<\/span>Ce festival d\u2019art lyrique est devenu un rendez-vous incontournable de la vie culturelle du centre, fait par des amoureux de la musique. Le public seul sera le garant de cette p\u00e9rennit\u00e9. Par une offre \u00e9clectique, originale et vari\u00e9e, ce week end musical s\u2019adresse au plus grand nombre et se propose sur quatre jours, dans un cadre idyllique, de m\u00ealer des rythmes<span class=\"Apple-converted-space\">\u00a0<\/span> divers. Ainsi, l\u2019\u2019ouverture se fera par un spectacle intitul\u00e9 \u00ab Lyrique de chambre \u00bb avec Fatma Gabsi (soprano) Bessem Mkni (piano) Youssef Messaoudi (clarinette) et Farouk Shabou (violoncelle)<\/span><\/p>\n<p class=\"p1 c4\"><span class=\"c2\"><span class=\"Apple-converted-space\">\u00a0<\/span>Le public sera convi\u00e9<span class=\"Apple-converted-space\">\u00a0<\/span> le vendredi 19 f\u00e9vrier \u00e0 un deuxi\u00e8me spectacle intitul\u00e9 \u00ab\u00a0Tornado de amor\u00a0\u00bb,<span class=\"Apple-converted-space\">\u00a0<\/span> anim\u00e9 par Amina Baklouti (soprano) Haythem Hedhiri (baryton) et Elyes Blagui (piano).<\/span><\/p>\n<p class=\"p1 c4\"><span class=\"c2\">L\u2019orchestre Da Camera dit Tunis sera au rendez-vous le samedi 20 f\u00e9vrier avec Bahaeddine Ben Fadhl, Dammak Ridha Dhaker, Ala Bouslama, Habib Ben Attia, Meriem Jeddou, Molka Kannoiu, (violons) Hafedh Motamri (Alto) Moihamed mine Ben Smida (violoncelle) et Sofian Saadaoui (contrebasse).<span class=\"Apple-converted-space\">\u00a0<\/span><\/span><\/p>\n<p class=\"p1 c4\"><span class=\"c2\">La cl\u00f4ture se fera le dimanche \u00e0 16h30 avec \u00ab Flannerie lyrique \u00bb anim\u00e9e par Lilia Ben Chikha (soprano) Mohamed Amine Bouhlel (baryton) et Quatuor Mezzo : Yassine Guettat (violon) Mohamed Amine Gasmi (violon) Mourad Frini(alto) et Mohamed Amine Ben Smida (violoncelle)<\/span><\/p>\n<p class=\"p1 c3\">\u00a0<\/p>\n<p class=\"p2 c5\"><span class=\"c2\"><strong>KB<\/strong><\/span><\/p>\n<p>Auteur: letemps1<br \/>\n<a href=\"http:\/\/www.letemps.com.tn\/article\/119307\/dar-sebastian-fait-son-op%C3%A9ra-du-18-au-21-f%C3%A9vrier-2021\">Cliquez ici pour lire l&rsquo;article depuis sa source.<\/a><\/p>\n","protected":false},"excerpt":{"rendered":"<p>Le Temps- Kamel Bouaouina Le centre culturel international d\u2019Hammamet c\u00e9l\u00e8bre de fa\u00e7on originale l\u2019art lyrique dans la magnifique villa Dar Sebastian. L\u2019\u00e9dition 2021 propose une fois de plus quatre jours remplies d\u2019\u00e9motions, d\u2019\u00e9merveillement et de d\u00e9couvertes. Cette ann\u00e9e s\u2019annonce particuli\u00e8rement excitante. Dar Sebastian fait son op\u00e9ra du 18 au 21 f\u00e9vrier 2021 et essaie de [&hellip;]<\/p>\n","protected":false},"author":1773,"featured_media":0,"comment_status":"closed","ping_status":"closed","sticky":false,"template":"","format":"standard","meta":{"fifu_image_url":"","fifu_image_alt":"","footnotes":""},"categories":[73,55],"tags":[],"class_list":["post-111467","post","type-post","status-publish","format-standard","hentry","category-actualite","category-tunisie"],"_links":{"self":[{"href":"https:\/\/linitiative.ca\/International\/wp-json\/wp\/v2\/posts\/111467","targetHints":{"allow":["GET"]}}],"collection":[{"href":"https:\/\/linitiative.ca\/International\/wp-json\/wp\/v2\/posts"}],"about":[{"href":"https:\/\/linitiative.ca\/International\/wp-json\/wp\/v2\/types\/post"}],"author":[{"embeddable":true,"href":"https:\/\/linitiative.ca\/International\/wp-json\/wp\/v2\/users\/1773"}],"replies":[{"embeddable":true,"href":"https:\/\/linitiative.ca\/International\/wp-json\/wp\/v2\/comments?post=111467"}],"version-history":[{"count":0,"href":"https:\/\/linitiative.ca\/International\/wp-json\/wp\/v2\/posts\/111467\/revisions"}],"wp:attachment":[{"href":"https:\/\/linitiative.ca\/International\/wp-json\/wp\/v2\/media?parent=111467"}],"wp:term":[{"taxonomy":"category","embeddable":true,"href":"https:\/\/linitiative.ca\/International\/wp-json\/wp\/v2\/categories?post=111467"},{"taxonomy":"post_tag","embeddable":true,"href":"https:\/\/linitiative.ca\/International\/wp-json\/wp\/v2\/tags?post=111467"}],"curies":[{"name":"wp","href":"https:\/\/api.w.org\/{rel}","templated":true}]}}