{"id":111468,"date":"2021-02-17T11:00:00","date_gmt":"2021-02-17T16:00:00","guid":{"rendered":"https:\/\/linitiative.ca\/International\/serieuse-menace-a-la-stabilite-en-irak\/"},"modified":"2021-02-17T11:00:00","modified_gmt":"2021-02-17T16:00:00","slug":"serieuse-menace-a-la-stabilite-en-irak","status":"publish","type":"post","link":"https:\/\/linitiative.ca\/International\/serieuse-menace-a-la-stabilite-en-irak\/","title":{"rendered":"S\u00e9rieuse menace  \u00e0 la stabilit\u00e9 en Irak"},"content":{"rendered":"<p class=\"p1 c4\"><span class=\"c3\"><span class=\"s1 c2\"><strong>Le Temps- Agences-<\/strong><\/span> <strong>C&rsquo;est la premi\u00e8re fois depuis pr\u00e8s de deux mois que de tels tirs prennent pour cible des installations militaires ou diplomatiques occidentales en Irak, la derni\u00e8re attaque remontant \u00e0 la mi-d\u00e9cembre quand des roquettes avaient explos\u00e9 pr\u00e8s de l&rsquo;ambassade am\u00e9ricaine \u00e0 Bagdad.<\/strong><\/span><\/p>\n<p class=\"p1 c5\"><span class=\"c3\">Sur Twitter, la repr\u00e9sentante de l&rsquo;ONU en Irak, Jeanine Hennis-Plasschaert, a d\u00e9nonc\u00e9 des \u00ab\u00a0actes haineux et dangereux\u00a0\u00bb qui \u00ab\u00a0constituent une s\u00e9rieuse menace \u00e0 la stabilit\u00e9\u00a0\u00bb.<\/span><\/p>\n<p class=\"p1 c5\"><span class=\"c3\">Elle a appel\u00e9 \u00e0 la \u00ab\u00a0retenue\u00a0\u00bb et \u00e0 la coop\u00e9ration entre Erbil, capitale de la r\u00e9gion autonome du Kurdistan (nord), et Bagdad sur l&rsquo;enqu\u00eate.<\/span><\/p>\n<p class=\"p1 c5\"><span class=\"c3\">L&rsquo;attaque semble avoir vis\u00e9 un complexe militaire dans l&rsquo;a\u00e9roport d&rsquo;Erbil o\u00f9 sont positionn\u00e9es des troupes \u00e9trang\u00e8res faisant partie de la coalition internationale dirig\u00e9e par les Etats-Unis et qui appuie l&rsquo;Irak dans sa lutte contre les terroristes.<\/span><\/p>\n<p class=\"p1 c5\"><span class=\"c3\">Mais des roquettes ont aussi atterri sur des quartiers r\u00e9sidentiels, selon le d\u00e9partement de la sant\u00e9 de la ville qui a fait \u00e9tat de cinq bless\u00e9s civils.<\/span><\/p>\n<p class=\"p1 c5\"><span class=\"c3\">Le porte-parole de la coalition, le colonel Wayne Marotto, a affirm\u00e9 hier que trois roquettes avait frapp\u00e9 l&rsquo;a\u00e9roport, tuant un employ\u00e9 civil \u00e9tranger qui n&rsquo;est pas am\u00e9ricain.<\/span><\/p>\n<p class=\"p1 c5\"><span class=\"c3\">Neuf autres personnes ont \u00e9t\u00e9 bless\u00e9es, dont huit employ\u00e9s civils et un militaire am\u00e9ricain, a-t-il dit.<\/span><\/p>\n<p class=\"p1 c5\"><span class=\"c3\">L&rsquo;a\u00e9roport d&rsquo;Erbil demeurait ferm\u00e9 hier matin, alors que les autorit\u00e9s faisaient le point sur les d\u00e9g\u00e2ts, a indiqu\u00e9 son chef, Ahmad Hoshyar.<\/span><\/p>\n<p class=\"p1 c5\"><span class=\"c3\">Lundi soir, le chef de la diplomatie am\u00e9ricaine, Antony Blinken, s&rsquo;\u00e9tait dit \u00ab\u00a0indign\u00e9\u00a0\u00bb par l&rsquo;attaque, indiquant que son pays \u00ab\u00a0r\u00e9clamerait des comptes\u00a0\u00bb \u00e0 ses auteurs.<\/span><\/p>\n<p class=\"p1 c5\"><span class=\"c3\">Il a en outre pr\u00e9cis\u00e9 avoir contact\u00e9 le Premier ministre du gouvernement r\u00e9gional kurde, Masrour Barzani, pour l&rsquo;assurer du soutien am\u00e9ricain dans l&rsquo;enqu\u00eate sur ces tirs.<\/span><\/p>\n<p class=\"p1 c5\"><span class=\"c3\">M. Barzani a condamn\u00e9 l&rsquo;attaque \u00ab\u00a0dans les termes les plus fermes\u00a0\u00bb et le pr\u00e9sident irakien, Barham Saleh, a d\u00e9nonc\u00e9 sur Twitter \u00ab\u00a0une dangereuse escalade\u00a0\u00bb.<\/span><\/p>\n<p class=\"p1 c5\"><span class=\"c3\">Deux sources dans le domaine du renseignement ont pr\u00e9cis\u00e9 que les roquettes avaient \u00e9t\u00e9 lanc\u00e9es depuis l&rsquo;int\u00e9rieur de la r\u00e9gion autonome.<\/span><\/p>\n<p class=\"p1 c5\"><span class=\"c3\">L&rsquo;attaque a \u00e9t\u00e9 revendiqu\u00e9e par un groupe peu connu qui se fait appeler Awliyaa al-Dam (\u00ab\u00a0les Gardiens du sang\u00a0\u00bb). Des responsables de la s\u00e9curit\u00e9 ont dit croire qu&rsquo;il s&rsquo;agissait d&rsquo;un nom de fa\u00e7ade pour cacher en r\u00e9alit\u00e9 des factions pro-Iran connues qui veulent le d\u00e9part du pays des forces de la coalition.<\/span><\/p>\n<p class=\"p1 c5\"><span class=\"c3\">Des installations militaires et diplomatiques occidentales avaient \u00e9t\u00e9 prises pour cibles en Irak \u00e0 partir de l&rsquo;automne 2019 par des dizaines de roquettes, mais la plupart de ces actions \u00e9taient men\u00e9es \u00e0 Bagdad.<\/span><\/p>\n<p class=\"p1 c5\"><span class=\"c3\">Des missiles iraniens avaient toutefois \u00e9t\u00e9 tir\u00e9s vers l&rsquo;a\u00e9roport d&rsquo;Erbil en janvier 2020, quelques jours apr\u00e8s l&rsquo;\u00e9limination du g\u00e9n\u00e9ral iranien Qassem Soleimani par une frappe de drone am\u00e9ricain \u00e0 Bagdad, une attaque qui avait fait craindre une guerre directe entre l&rsquo;Iran et les Etats-Unis.<\/span><\/p>\n<p class=\"p1 c5\"><span class=\"c3\">Des roquettes ont ensuite \u00e9t\u00e9 tir\u00e9es r\u00e9guli\u00e8rement contre l&rsquo;ambassade am\u00e9ricaine dans la capitale irakienne, des responsables am\u00e9ricains et irakiens en attribuant la responsabilit\u00e9 \u00e0 des milices pro-iraniennes.<\/span><\/p>\n<p class=\"p1 c5\"><span class=\"c3\">Depuis que l&rsquo;Irak a d\u00e9clar\u00e9 sa victoire face \u00e0 l&rsquo;EI fin 2017, les troupes \u00e9trang\u00e8res ont \u00e9t\u00e9 r\u00e9duites \u00e0 3.500 militaires, dont 2.500 Am\u00e9ricains.<\/span><\/p>\n<p class=\"p1 c4\">\u00a0<\/p>\n<p class=\"p1 c5\"><span class=\"c3\">La quasi-totalit\u00e9 de ces unit\u00e9s \u00e9trang\u00e8res sont stationn\u00e9es dans le complexe militaire \u00e0 l&rsquo;a\u00e9roport d&rsquo;Erbil, selon une source de la coalition.<\/span><\/p>\n<p>Auteur: letemps1<br \/>\n<a href=\"http:\/\/www.letemps.com.tn\/article\/119309\/s%C3%A9rieuse-menace-%C3%A0-la-stabilit%C3%A9-en-irak\">Cliquez ici pour lire l&rsquo;article depuis sa source.<\/a><\/p>\n","protected":false},"excerpt":{"rendered":"<p>Le Temps- Agences- C&rsquo;est la premi\u00e8re fois depuis pr\u00e8s de deux mois que de tels tirs prennent pour cible des installations militaires ou diplomatiques occidentales en Irak, la derni\u00e8re attaque remontant \u00e0 la mi-d\u00e9cembre quand des roquettes avaient explos\u00e9 pr\u00e8s de l&rsquo;ambassade am\u00e9ricaine \u00e0 Bagdad. Sur Twitter, la repr\u00e9sentante de l&rsquo;ONU en Irak, Jeanine Hennis-Plasschaert, [&hellip;]<\/p>\n","protected":false},"author":1773,"featured_media":0,"comment_status":"closed","ping_status":"closed","sticky":false,"template":"","format":"standard","meta":{"fifu_image_url":"","fifu_image_alt":"","footnotes":""},"categories":[73,55],"tags":[],"class_list":["post-111468","post","type-post","status-publish","format-standard","hentry","category-actualite","category-tunisie"],"_links":{"self":[{"href":"https:\/\/linitiative.ca\/International\/wp-json\/wp\/v2\/posts\/111468","targetHints":{"allow":["GET"]}}],"collection":[{"href":"https:\/\/linitiative.ca\/International\/wp-json\/wp\/v2\/posts"}],"about":[{"href":"https:\/\/linitiative.ca\/International\/wp-json\/wp\/v2\/types\/post"}],"author":[{"embeddable":true,"href":"https:\/\/linitiative.ca\/International\/wp-json\/wp\/v2\/users\/1773"}],"replies":[{"embeddable":true,"href":"https:\/\/linitiative.ca\/International\/wp-json\/wp\/v2\/comments?post=111468"}],"version-history":[{"count":0,"href":"https:\/\/linitiative.ca\/International\/wp-json\/wp\/v2\/posts\/111468\/revisions"}],"wp:attachment":[{"href":"https:\/\/linitiative.ca\/International\/wp-json\/wp\/v2\/media?parent=111468"}],"wp:term":[{"taxonomy":"category","embeddable":true,"href":"https:\/\/linitiative.ca\/International\/wp-json\/wp\/v2\/categories?post=111468"},{"taxonomy":"post_tag","embeddable":true,"href":"https:\/\/linitiative.ca\/International\/wp-json\/wp\/v2\/tags?post=111468"}],"curies":[{"name":"wp","href":"https:\/\/api.w.org\/{rel}","templated":true}]}}