{"id":111469,"date":"2021-02-17T11:10:00","date_gmt":"2021-02-17T16:10:00","guid":{"rendered":"https:\/\/linitiative.ca\/International\/des-millions-de-civils-en-danger\/"},"modified":"2021-02-17T11:10:00","modified_gmt":"2021-02-17T16:10:00","slug":"des-millions-de-civils-en-danger","status":"publish","type":"post","link":"https:\/\/linitiative.ca\/International\/des-millions-de-civils-en-danger\/","title":{"rendered":"Des \u00ab\u00a0millions de civils\u00a0\u00bb en danger"},"content":{"rendered":"<p class=\"p1 c4\"><span class=\"c3\"><span class=\"s1 c2\"><strong>Le Temps- Agences-<\/strong><\/span> <strong>Les rebelles, soutenus par l&rsquo;Iran, tentent de s&#8217;emparer de la ville de Marib, riche en p\u00e9trole, depuis plus d&rsquo;un an. Apr\u00e8s une accalmie, ils ont repris le 8 f\u00e9vrier leur offensive contre les forces gouvernementales, appuy\u00e9es par une coalition dirig\u00e9e par l&rsquo;Arabie saoudite.<\/strong><\/span><\/p>\n<p class=\"p1 c5\"><span class=\"c3\">\u00ab\u00a0Je suis tr\u00e8s inquiet de l&rsquo;escalade militaire \u00e0 Marib\u00a0\u00bb, a tweet\u00e9 le secr\u00e9taire g\u00e9n\u00e9ral adjoint de l&rsquo;ONU pour les Affaires humanitaires, Mark Lowcock. \u00ab\u00a0Un assaut sur la ville mettrait deux millions de civils en danger, avec des centaines de milliers de personnes potentiellement forc\u00e9es de fuir et des cons\u00e9quences humanitaires inimaginables.\u00a0\u00bb<\/span><\/p>\n<p class=\"p1 c5\"><span class=\"c3\">Le haut diplomate a annonc\u00e9 qu&rsquo;il discuterait de la situation demain avec le Conseil de s\u00e9curit\u00e9 de l&rsquo;ONU, appelant \u00e0 \u00ab\u00a0d\u00e9samorcer\u00a0\u00bb la crise au lieu \u00ab\u00a0d&rsquo;ajouter encore plus \u00e0 la mis\u00e8re du peuple y\u00e9m\u00e9nite\u00a0\u00bb.<\/span><\/p>\n<p class=\"p1 c5\"><span class=\"c3\">Cette escalade intervient au moment o\u00f9 les Etats-Unis ont annonc\u00e9 l&rsquo;arr\u00eat de leur soutien \u00e0 l&rsquo;Arabie saoudite au Y\u00e9men et le retrait mardi des Houthis de leur liste des \u00ab\u00a0organisations terroristes\u00a0\u00bb, afin de ne pas entraver l&rsquo;acheminement de l&rsquo;aide vers les territoires qu&rsquo;ils contr\u00f4lent.<\/span><\/p>\n<p class=\"p1 c5\"><span class=\"c3\">A Gen\u00e8ve, le Bureau de coordination des Affaires humanitaires de l&rsquo;ONU (Ocha) a annonc\u00e9 la tenue d&rsquo;une conf\u00e9rence des contributeurs pour l&rsquo;aide au Y\u00e9men le 1er mars, disant esp\u00e9rer lever \u00ab\u00a04,2 milliards de dollars\u00a0\u00bb.<\/span><\/p>\n<p class=\"p1 c5\"><span class=\"c3\">Les combats autour de Marib ont fait des dizaines de morts et de bless\u00e9s dans les deux camps ces derniers jours, selon des responsables militaires du gouvernement y\u00e9m\u00e9nite.<\/span><\/p>\n<p class=\"p1 c5\"><span class=\"c3\">Les Houthis communiquent rarement sur leurs pertes mais des fun\u00e9railles collectives de combattants ont \u00e9t\u00e9 organis\u00e9es hier \u00e0 Sanaa, \u00e0 120km \u00e0 l&rsquo;ouest de Marib.<\/span><\/p>\n<p class=\"p1 c5\"><span class=\"c3\">Les Houthis se sont empar\u00e9s de la capitale en 2014, d\u00e9clenchant cette guerre qui a plong\u00e9 le pays dans la pire crise humanitaire au monde selon l&rsquo;ONU. Ils se sont depuis accapar\u00e9s la quasi-totalit\u00e9 du nord du pays.<\/span><\/p>\n<p class=\"p1 c5\"><span class=\"c3\">Ces derni\u00e8res heures, \u00ab\u00a0les rebelles ont pu avancer \u00e0 l&rsquo;ouest et au nord de Marib\u00a0\u00bb, a d\u00e9clar\u00e9 un responsable militaire. Les forces gouvernementales ont mobilis\u00e9 des centaines de combattants sur divers fronts autour de Marib.<\/span><\/p>\n<p class=\"p1 c5\"><span class=\"c3\">Selon l&rsquo;Organisation internationale pour les migrations (OIM), environ 650 familles ont d\u00fb fuir lors de la recrudescence des violences \u00e0 Marib.<\/span><\/p>\n<p class=\"p1 c5\"><span class=\"c3\">Mais selon Maged al-Madhaji, directeur du Centre d&rsquo;\u00e9tudes strat\u00e9giques de Sanaa, \u00ab\u00a0les Houthis ne reculeront pas, ils profitent de l&rsquo;\u00e9lan politique mondial contre les Saoudiens (&#8230;) Il n&rsquo;y a pas de conditions politiques plus id\u00e9ales pour les Houthis\u00a0\u00bb, en r\u00e9f\u00e9rence notamment au revirement de la politique am\u00e9ricaine depuis l&rsquo;arriv\u00e9e de Joe Biden \u00e0 la Maison Blanche.<\/span><\/p>\n<p class=\"p1 c4\">\u00a0<\/p>\n<p class=\"p1 c5\"><span class=\"c3\">La prise de Marib par les Houthis porterait un coup dur au pouvoir mais aussi \u00e0 l&rsquo;Arabie saoudite qui l&rsquo;\u00e9paule depuis 2015, car le nord du Y\u00e9men, frontalier du royaume, serait alors enti\u00e8rement aux mains des rebelles.<\/span><\/p>\n<p>Auteur: letemps1<br \/>\n<a href=\"http:\/\/www.letemps.com.tn\/article\/119308\/des-millions-de-civils-en-danger\">Cliquez ici pour lire l&rsquo;article depuis sa source.<\/a><\/p>\n","protected":false},"excerpt":{"rendered":"<p>Le Temps- Agences- Les rebelles, soutenus par l&rsquo;Iran, tentent de s&#8217;emparer de la ville de Marib, riche en p\u00e9trole, depuis plus d&rsquo;un an. Apr\u00e8s une accalmie, ils ont repris le 8 f\u00e9vrier leur offensive contre les forces gouvernementales, appuy\u00e9es par une coalition dirig\u00e9e par l&rsquo;Arabie saoudite. \u00ab\u00a0Je suis tr\u00e8s inquiet de l&rsquo;escalade militaire \u00e0 Marib\u00a0\u00bb, [&hellip;]<\/p>\n","protected":false},"author":1773,"featured_media":0,"comment_status":"closed","ping_status":"closed","sticky":false,"template":"","format":"standard","meta":{"fifu_image_url":"","fifu_image_alt":"","footnotes":""},"categories":[73,55],"tags":[],"class_list":["post-111469","post","type-post","status-publish","format-standard","hentry","category-actualite","category-tunisie"],"_links":{"self":[{"href":"https:\/\/linitiative.ca\/International\/wp-json\/wp\/v2\/posts\/111469","targetHints":{"allow":["GET"]}}],"collection":[{"href":"https:\/\/linitiative.ca\/International\/wp-json\/wp\/v2\/posts"}],"about":[{"href":"https:\/\/linitiative.ca\/International\/wp-json\/wp\/v2\/types\/post"}],"author":[{"embeddable":true,"href":"https:\/\/linitiative.ca\/International\/wp-json\/wp\/v2\/users\/1773"}],"replies":[{"embeddable":true,"href":"https:\/\/linitiative.ca\/International\/wp-json\/wp\/v2\/comments?post=111469"}],"version-history":[{"count":0,"href":"https:\/\/linitiative.ca\/International\/wp-json\/wp\/v2\/posts\/111469\/revisions"}],"wp:attachment":[{"href":"https:\/\/linitiative.ca\/International\/wp-json\/wp\/v2\/media?parent=111469"}],"wp:term":[{"taxonomy":"category","embeddable":true,"href":"https:\/\/linitiative.ca\/International\/wp-json\/wp\/v2\/categories?post=111469"},{"taxonomy":"post_tag","embeddable":true,"href":"https:\/\/linitiative.ca\/International\/wp-json\/wp\/v2\/tags?post=111469"}],"curies":[{"name":"wp","href":"https:\/\/api.w.org\/{rel}","templated":true}]}}