{"id":111475,"date":"2021-02-17T03:43:00","date_gmt":"2021-02-17T08:43:00","guid":{"rendered":"https:\/\/linitiative.ca\/International\/kais-saied-le-president-calligraphe\/"},"modified":"2021-02-17T03:43:00","modified_gmt":"2021-02-17T08:43:00","slug":"kais-saied-le-president-calligraphe","status":"publish","type":"post","link":"https:\/\/linitiative.ca\/International\/kais-saied-le-president-calligraphe\/","title":{"rendered":"Kais Sa\u00efed : Le Pr\u00e9sident calligraphe"},"content":{"rendered":"<p><span class=\"c2\"><em><strong><img decoding=\"async\" src=\"\/uploads\/FCK_files\/Slaheddine-Dchicha(3).jpg\" alt=\"\" width=\"10%\" vspace=\"5\" hspace=\"5\" align=\"left\"\/>Par Slaheddine Dchicha &#8211;<\/strong><\/em><\/span> Le conflit entre le Pr\u00e9sident de la R\u00e9publique, Kais Sa\u00efed et le Chef du gouvernement, M. Hichem Mechichi dure\u00a0 et il\u00a0 a fait couler tellement d\u2019encre qu\u2019il est inutile d\u2019en rappeler les d\u00e9tails. De ce feuilleton \u00e0 rebondissements ne sera retenu ici que l\u2019\u00e9pisode de\u00a0 l\u2019\u00e9change \u00e9pistolaire et plus pr\u00e9cis\u00e9ment <a href=\"https:\/\/www.leaders.com.tn\/article\/31437-en-version-francaise-la-lettre-integrale-du-president-kais-saied-au-chef-du-gouvernement-hichem-mechichis-said\" target=\"_blank\" rel=\"noopener\">la lettre que le chef de l\u2019Etat vient d\u2019adresser au Chef du Gouvernement<\/a> et que les services de communication de la Pr\u00e9sidence viennent de rendre publique.<\/p>\n<p><span class=\"c3\"><strong>Une si longue lettre<\/strong><\/span><\/p>\n<p>Du point de vue du contenu, la lettre n\u2019apporte rien que du d\u00e9j\u00e0\u00a0 connu, confirmant le refus du Pr\u00e9sident de voir les ministres suspect\u00e9s de corruption ou de conflit d\u2019int\u00e9r\u00eats, pr\u00eater serment.<\/p>\n<p>Cependant un petit d\u00e9tail attire l\u2019attention. Alors que l\u2019en-t\u00eate sp\u00e9cifie les pr\u00e9nom, nom et fonction de l\u2019exp\u00e9diteur, le destinataire n\u2019est d\u00e9sign\u00e9 que par sa fonction. Est-ce l\u00e0,\u00a0 la r\u00e9ponse du berger \u00e0 la berg\u00e8re puisqu\u2019il se dit qu\u2019un pr\u00e9c\u00e9dent\u00a0 courrier a \u00e9t\u00e9 renvoy\u00e9 \u00e0 M. Mechichi car au lieu d\u2019\u00eatre adress\u00e9 au Pr\u00e9sident de la R\u00e9publique, il aurait \u00e9t\u00e9, par erreur, adress\u00e9 au Pr\u00e9sident du Gouvernement, autrement dit \u00e0 lui-m\u00eame ! Nous assistons l\u00e0, de part et d\u2019autre, \u00e0 une \u00abgu\u00e9guerre\u00bb des egos qui consiste \u00e0 \u00e9liminer symboliquement l\u2019adversaire en effa\u00e7ant son nom ou sa fonction. Egos surdimensionn\u00e9s? Immaturit\u00e9?&#8230;<\/p>\n<p>En revanche, c\u2019est du point de vue formel que cette missive pr\u00e9sente le plus d\u2019int\u00e9r\u00eat; En effet, la lettre est manuscrite et impeccablement calligraphi\u00e9e dans un\u00a0 style \u00abNaskhi\u00bb m\u00e2tin\u00e9 du style \u00abmaghr\u00e9bi\u00bb. Elle fait immanquablement penser \u00e0 l\u2019\u00e9criture coranique, ce qui induit\u00a0 une sacralisation de la lettre et donc du pouvoir (pr\u00e9sidentiel). Mais elle lui conf\u00e8reen m\u00eame temps une connotation n\u00e9gative : aspect vieillot et d\u00e9suet qui vient renforcer le conservatisme traditionnaliste voire pass\u00e9iste dont M.Kais Sa\u00efed\u00a0 est souvent\u00a0 affubl\u00e9.<\/p>\n<p><span class=\"c3\"><strong>La communication kitsch<\/strong><\/span><\/p>\n<p>Non seulement le citoyen dispose d\u2019une copie de la dite lettre mais il peut\u00a0 la voir dans une vid\u00e9o\u00a0 en train de s\u2019\u00e9crire. Comme pour couper court \u00e0 toute contestation et pour donner une preuve irr\u00e9futable de son authenticit\u00e9, il voit le pr\u00e9sident assis \u00e0 son bureau,\u00a0 \u00e9l\u00e9gant\u00a0 et\u00a0 s\u00e9rieux se pencher sur une \u00e9critoire\u00a0 en tenant \u00e0 la main droite une plume d\u2019oie (!)\u00a0 qu\u2019il trempe dans un encrier (!) et de s\u2019atteler avec application \u00e0 terminer l\u2019\u00e9criture de la lettre. Il appose sa signature non sans certains signes\u00a0 visibles\u00a0 de\u00a0 satisfaction.<\/p>\n<p>A l\u2019heure du SMS et du mail; \u00e0 l\u2019heure du smartphone, de Facebook\u00a0 et autres r\u00e9seaux sociaux, la communication pr\u00e9sidentielle opte pour la lettre manuscrite, la plume d\u2019oie, l\u2019encrier\u2026 sans oublier le niveau de langue alambiqu\u00e9 dont use et abuse le Pr\u00e9sident\u2026 Un m\u00e9lange de modernit\u00e9 et de tradition accentu\u00e9 par la vid\u00e9o qui est cens\u00e9e faire assister les citoyens en direct \u00e0 l\u2019\u00e9laboration de la lettre. Pour ce, par des zooms intempestifs et \u00e0 force de tr\u00e8s gros plans, elle serre au plus pr\u00e8s le corps de Kais Sa\u00efed, son visage, ses mains mais aussi son \u00e9critoire\u00a0 sur laquelle on peut lire l\u2019inscription \u00abPr\u00e9sident\u00bb, ainsi\u00a0 que\u00a0 la lettre, la plume, l\u2019encrier\u2026 une proximit\u00e9\u00a0 qui engendre\u00a0 la\u00a0\u00a0 g\u00eane\u00a0 et le malaise car elle devient promiscuit\u00e9.<\/p>\n<p><span class=\"c3\"><strong>La repr\u00e9sentation vs l\u2019exhibition<\/strong><\/span><\/p>\n<p>Bien s\u00fbr, la vid\u00e9o pr\u00e9tend nous montrer la v\u00e9rit\u00e9, mais en fait\u00a0 son existence-m\u00eame et donc la pr\u00e9sence de la cam\u00e9ra d\u00e9montrent la manipulation. C\u2019est\u00a0 ce\u00a0 m\u00eame\u00a0 principe\u00a0 qui fonde la publicit\u00e9, la propagande. Faire assister \u00e0 une mise en sc\u00e8ne\u00a0 qui veut se faire passer pour\u00a0 la v\u00e9rit\u00e9, pour la r\u00e9alit\u00e9.<\/p>\n<p>Dans un \u00e9lan de\u00a0 transparence et populiste, le pouvoir met en sc\u00e8ne son d\u00e9voilement et ce faisant, il se\u00a0 \u00abd\u00e9poile\u00bb et s\u2019exhibe, r\u00e9v\u00e9lant ainsi sa trivialit\u00e9. Il\u00a0 devient obsc\u00e8ne car ne l\u2019oublions pas \u00abobsc\u00e8ne\u00bb renvoie \u00e0 ce qui devrait rester \u00abhors de la sc\u00e8ne\u00bb.<\/p>\n<p class=\"c4\"><strong>Slaheddine Dchicha<\/strong><\/p>\n<p class=\"c5\"><strong>Lire aussi<\/strong><\/p>\n<p class=\"c5\"><a href=\"https:\/\/www.leaders.com.tn\/article\/31437-en-version-francaise-la-lettre-integrale-du-president-kais-saied-au-chef-du-gouvernement-hichem-mechichis-said\" target=\"_blank\" rel=\"noopener\">En version fran\u00e7aise, la lettre int\u00e9grale du Pr\u00e9sident Kais Sa\u00efed au Chef du gouvernement Hichem Mechichi<\/a><\/p>\n<p>Auteur:<br \/>\n<a href=\"https:\/\/www.leaders.com.tn\/article\/31446-kais-saied-le-president-calligraphe\">Cliquez ici pour lire l&rsquo;article depuis sa source.<\/a><\/p>\n","protected":false},"excerpt":{"rendered":"<p>Par Slaheddine Dchicha &#8211; Le conflit entre le Pr\u00e9sident de la R\u00e9publique, Kais Sa\u00efed et le Chef du gouvernement, M. Hichem Mechichi dure\u00a0 et il\u00a0 a fait couler tellement d\u2019encre qu\u2019il est inutile d\u2019en rappeler les d\u00e9tails. De ce feuilleton \u00e0 rebondissements ne sera retenu ici que l\u2019\u00e9pisode de\u00a0 l\u2019\u00e9change \u00e9pistolaire et plus pr\u00e9cis\u00e9ment la [&hellip;]<\/p>\n","protected":false},"author":1772,"featured_media":0,"comment_status":"closed","ping_status":"closed","sticky":false,"template":"","format":"standard","meta":{"fifu_image_url":"\/uploads\/FCK_files\/Slaheddine-Dchicha(3).jpg","fifu_image_alt":"Kais Sa\u00efed : Le Pr\u00e9sident calligraphe","footnotes":""},"categories":[73,55],"tags":[],"class_list":["post-111475","post","type-post","status-publish","format-standard","hentry","category-actualite","category-tunisie"],"_links":{"self":[{"href":"https:\/\/linitiative.ca\/International\/wp-json\/wp\/v2\/posts\/111475","targetHints":{"allow":["GET"]}}],"collection":[{"href":"https:\/\/linitiative.ca\/International\/wp-json\/wp\/v2\/posts"}],"about":[{"href":"https:\/\/linitiative.ca\/International\/wp-json\/wp\/v2\/types\/post"}],"author":[{"embeddable":true,"href":"https:\/\/linitiative.ca\/International\/wp-json\/wp\/v2\/users\/1772"}],"replies":[{"embeddable":true,"href":"https:\/\/linitiative.ca\/International\/wp-json\/wp\/v2\/comments?post=111475"}],"version-history":[{"count":0,"href":"https:\/\/linitiative.ca\/International\/wp-json\/wp\/v2\/posts\/111475\/revisions"}],"wp:attachment":[{"href":"https:\/\/linitiative.ca\/International\/wp-json\/wp\/v2\/media?parent=111475"}],"wp:term":[{"taxonomy":"category","embeddable":true,"href":"https:\/\/linitiative.ca\/International\/wp-json\/wp\/v2\/categories?post=111475"},{"taxonomy":"post_tag","embeddable":true,"href":"https:\/\/linitiative.ca\/International\/wp-json\/wp\/v2\/tags?post=111475"}],"curies":[{"name":"wp","href":"https:\/\/api.w.org\/{rel}","templated":true}]}}