{"id":111478,"date":"2021-02-17T07:27:00","date_gmt":"2021-02-17T12:27:00","guid":{"rendered":"https:\/\/linitiative.ca\/International\/tunisie-preparer-les-enfants-daujourdhui-aux-metiers-de-demain\/"},"modified":"2021-02-17T07:27:00","modified_gmt":"2021-02-17T12:27:00","slug":"tunisie-preparer-les-enfants-daujourdhui-aux-metiers-de-demain","status":"publish","type":"post","link":"https:\/\/linitiative.ca\/International\/tunisie-preparer-les-enfants-daujourdhui-aux-metiers-de-demain\/","title":{"rendered":"Tunisie: Pr\u00e9parer les enfants d\u2019aujourd\u2019hui aux m\u00e9tiers de demain"},"content":{"rendered":"<p><span class=\"c2\"><em><strong><img decoding=\"async\" src=\"\/uploads\/FCK_files\/Karim-Ahres-2021.jpg\" alt=\"\" width=\"15%\" vspace=\"5\" hspace=\"5\" align=\"left\"\/>Par Karim Ahres &#8211;<\/strong><\/em><\/span> L\u2019invasion des technologies dans nos vies personnelles et professionnelles va changer les m\u00e9tiers dans les prochaines ann\u00e9es . Etre au courant est devenu donc une obligation pour ceux qui ont des enfants.<\/p>\n<p>Un rapport publi\u00e9 par le think tank californien \u00abl\u2019institut du futur\u00bb en 2017, affirme que 85% des m\u00e9tiers exerc\u00e9s en 2030 par les \u00e9coliers d\u2019aujourd\u2019hui n\u2019ont pas encore \u00e9t\u00e9 invent\u00e9s.<\/p>\n<p>Alors o\u00f9 va notre syst\u00e8me d\u2019\u00e9ducation? pourquoi ne pas lancer un vrai d\u00e9bat avec des plans d\u2019actions pour de nouveaux dipl\u00f4mes.<\/p>\n<p>Les m\u00e9tiers \u00e0 faible valeur ajout\u00e9e et dont les t\u00e2ches sont r\u00e9p\u00e9titives vont \u00eatre \u00e9limin\u00e9s par la robotique et par l\u2019intelligence artificielle. Des m\u00e9tiers tels que les op\u00e9rateurs d\u2019appels, les interpr\u00e8tes, la comptabilit\u00e9, la main d\u2019\u0153uvre de textile etc..<\/p>\n<p>M\u00eame les codeurs informatique et les auditeurs des m\u00e9tiers complexes comme la cyber s\u00e9curit\u00e9 seront remplac\u00e9s par des robots et par de l\u2019intelligence artificielle.<\/p>\n<p>Une r\u00e9cente \u00e9tude dans des entreprises europ\u00e9ennes montre que pour 83% des professionnels la technologie aura automatis\u00e9 les t\u00e2ches r\u00e9p\u00e9titives \u00e0 faible valeur ajout\u00e9e d\u2019ici 2035. Plus grave, 66% des personnes interrog\u00e9es sont convaincues qu\u2019en 2035 les humains int\u00e8greront des processeurs corporels am\u00e9liorant leur efficacit\u00e9 et leur performance.<\/p>\n<p>Alors o\u00f9 sont les nouveaux m\u00e9tiers? comment s\u2019y pr\u00e9parer? \u00e0 quoi ressemblera le march\u00e9 du travail dans 10, 20 ans? quels m\u00e9tiers exerceront les enfants d\u2019aujourd\u2019hui?<\/p>\n<p>D\u2019abord il faut absolument\u00a0 comprendre le fonctionnement de l\u2019intelligence artificielle, de l\u2019internet des objets et leurs impacts sur les m\u00e9tiers existants. Il faut aussi se projeter dans l\u2019avenir et comprendre que ces nouveaux m\u00e9tiers vont exiger moins de technique et plus d\u2019humanit\u00e9, d\u2019esprit multidisciplinaire et d\u2019esprit critique.<\/p>\n<p>Les m\u00e9tiers orient\u00e9s vers les services \u00e0 la personne vont cro\u00eetre, des m\u00e9tiers tel que infirmi\u00e8res pour personnes \u00e2g\u00e9es ne peuvent en aucun cas \u00eatre remplac\u00e9s par des robots.<\/p>\n<p>D\u2019autres nouveaux m\u00e9tiers vont apparaitre tels que:<\/p>\n<p class=\"c4\"><span class=\"c3\"><strong>\u2022<\/strong><\/span> Artiste num\u00e9rique<\/p>\n<p class=\"c4\"><span class=\"c3\"><strong>\u2022<\/strong><\/span> Architecte de villes intelligentes<\/p>\n<p class=\"c4\"><span class=\"c3\"><strong>\u2022<\/strong><\/span> Educateur de robots<\/p>\n<p class=\"c4\"><span class=\"c3\"><strong>\u2022<\/strong><\/span> Interpr\u00e8te des datas<\/p>\n<p class=\"c4\"><span class=\"c3\"><strong>\u2022<\/strong><\/span> Responsable de r\u00e9alit\u00e9 virtuelle<\/p>\n<p class=\"c4\"><span class=\"c3\"><strong>\u2022<\/strong><\/span> Ethicien de l\u2019intelligence artificielle<\/p>\n<p class=\"c4\"><span class=\"c3\"><strong>\u2022<\/strong><\/span> Design thinker mettant en \u0153uvre une culture centr\u00e9 sur l\u2019innovation permanente\u00a0<\/p>\n<p class=\"c4\"><span class=\"c3\"><strong>\u2022<\/strong><\/span> Etc..<\/p>\n<p>Ces m\u00e9tiers existeront les uns par rapport aux autres, nos enfants exerceront de moins en moins leurs m\u00e9tiers dans une logique en silo. L\u2019\u00e9thicien de l\u2019intelligence artificielle travaillera en bin\u00f4me avec l\u2019interpr\u00e8te des datas, l\u2019enseignant du futur aura une connaissance des m\u00e9tiers pour orienter ses \u00e9l\u00e8ves\u00a0 etc..\u00a0<\/p>\n<p>Il faudra donc commencer par expliquer, faire des conf\u00e9rences, des plateaux de t\u00e9l\u00e9vision, orienter et r\u00e9organiser les formations afin de ne pas se trouver \u00e0 l\u2019\u00e9cart des avanc\u00e9es technologiques du 21<sup>\u00e8me<\/sup> si\u00e8cle.<\/p>\n<p>Les d\u00e9bats avec les d\u00e9cideurs politique et universitaires doivent int\u00e9gr\u00e9s les volets techniques mais aussi les volets philosophiques car il faut \u00eatre convaincu que dans un monde qui se transforme, la valeur ajout\u00e9e consiste \u00e0 donner du sens.<\/p>\n<p class=\"c6\"><strong>Karim Ahres<\/strong><br \/><span class=\"c5\"><em>VP CONECT Digital<\/em><\/span><\/p>\n<p>Auteur:<br \/>\n<a href=\"https:\/\/www.leaders.com.tn\/article\/31449-tunisie-preparer-les-enfants-d-aujourd-hui-aux-metiers-de-demain\">Cliquez ici pour lire l&rsquo;article depuis sa source.<\/a><\/p>\n","protected":false},"excerpt":{"rendered":"<p>Par Karim Ahres &#8211; L\u2019invasion des technologies dans nos vies personnelles et professionnelles va changer les m\u00e9tiers dans les prochaines ann\u00e9es . Etre au courant est devenu donc une obligation pour ceux qui ont des enfants. Un rapport publi\u00e9 par le think tank californien \u00abl\u2019institut du futur\u00bb en 2017, affirme que 85% des m\u00e9tiers exerc\u00e9s [&hellip;]<\/p>\n","protected":false},"author":1772,"featured_media":0,"comment_status":"closed","ping_status":"closed","sticky":false,"template":"","format":"standard","meta":{"fifu_image_url":"\/uploads\/FCK_files\/Karim-Ahres-2021.jpg","fifu_image_alt":"Tunisie: Pr\u00e9parer les enfants d\u2019aujourd\u2019hui aux m\u00e9tiers de demain","footnotes":""},"categories":[73,55],"tags":[],"class_list":["post-111478","post","type-post","status-publish","format-standard","hentry","category-actualite","category-tunisie"],"_links":{"self":[{"href":"https:\/\/linitiative.ca\/International\/wp-json\/wp\/v2\/posts\/111478","targetHints":{"allow":["GET"]}}],"collection":[{"href":"https:\/\/linitiative.ca\/International\/wp-json\/wp\/v2\/posts"}],"about":[{"href":"https:\/\/linitiative.ca\/International\/wp-json\/wp\/v2\/types\/post"}],"author":[{"embeddable":true,"href":"https:\/\/linitiative.ca\/International\/wp-json\/wp\/v2\/users\/1772"}],"replies":[{"embeddable":true,"href":"https:\/\/linitiative.ca\/International\/wp-json\/wp\/v2\/comments?post=111478"}],"version-history":[{"count":0,"href":"https:\/\/linitiative.ca\/International\/wp-json\/wp\/v2\/posts\/111478\/revisions"}],"wp:attachment":[{"href":"https:\/\/linitiative.ca\/International\/wp-json\/wp\/v2\/media?parent=111478"}],"wp:term":[{"taxonomy":"category","embeddable":true,"href":"https:\/\/linitiative.ca\/International\/wp-json\/wp\/v2\/categories?post=111478"},{"taxonomy":"post_tag","embeddable":true,"href":"https:\/\/linitiative.ca\/International\/wp-json\/wp\/v2\/tags?post=111478"}],"curies":[{"name":"wp","href":"https:\/\/api.w.org\/{rel}","templated":true}]}}