{"id":111483,"date":"2021-02-17T05:00:00","date_gmt":"2021-02-17T10:00:00","guid":{"rendered":"https:\/\/linitiative.ca\/International\/halte-a-la-discrimination-au-casier-judiciaire\/"},"modified":"2021-02-17T05:00:00","modified_gmt":"2021-02-17T10:00:00","slug":"halte-a-la-discrimination-au-casier-judiciaire","status":"publish","type":"post","link":"https:\/\/linitiative.ca\/International\/halte-a-la-discrimination-au-casier-judiciaire\/","title":{"rendered":"Halte \u00e0 la discrimination au casier judiciaire !"},"content":{"rendered":"<p class=\"c2\">Prions ! Prions mes fr\u00e8res et s\u0153urs pour la r\u00e9ouverture des \u2026<\/p>\n<p class=\"c2\"><strong>\u2026 bars !\u00a0<\/strong><\/p>\n<p class=\"c2\">Ouais ! D\u2019accord ! Je veux bien saluer comme il se doit la possibilit\u00e9 pour toutes les D\u00e9z\u00e9diennes et D\u00e9z\u00e9diens de pouvoir d\u00e9sormais retirer leur casier judiciaire par internet. C\u2019est une avanc\u00e9e notable, comme ils disent l\u00e0-haut, et m\u00eame aux \u00e9tages interm\u00e9diaires du soutien en saucisson ! Mais, je trouve malgr\u00e9 tout que cette mesure est discriminatoire. Bon ! Face \u00e0 mon \u00ab mais \u00bb, vous pouvez adopter deux attitudes. Soit, vous vous dites, ce gars-l\u00e0 n\u2019est jamais content, il ronchonne tout le temps et critique pour critiquer. Soit, vous prenez le temps d\u2019\u00e9couter mes griefs. Bon ! Qui est encore l\u00e0 ? Ceux qui me taxent de bougon professionnel sont partis ? Bien ! Donc, je peux calmement expliquer pourquoi je trouve que le retrait par internet du casier judiciaire est discriminatoire. Cette nouvelle disposition, aussi r\u00e9volutionnaire soit-elle en D\u00e9z\u00e9die, n\u2019a pas tenu compte d\u2019une cat\u00e9gorie de citoyens qui, quoi qu\u2019on puisse en penser, restent des \u2026 citoyens ! Lesquels ? Mais ceux de la I\u00e7aba qui croupissent en prison et y purgent des peines \u00e0 plusieurs z\u00e9ros. Comment vont-ils faire pour retirer le leur, de casier judiciaire ? Il leur faudrait du papier dans l\u2019imprimante. Beaucoup de papier. Des tonnes de papier, pour nombre d\u2019entre eux. Il leur faudrait aussi une imprimante fiable, de bonne qualit\u00e9, voire une imprimante professionnelle increvable. Il leur faudrait \u00e9galement des cargaisons pleines de cartouches d\u2019encre ou de toners. Il leur faudrait, dans la foul\u00e9e, une aide, une sorte de subvention pour couvrir la consommation d\u2019\u00e9lectricit\u00e9, vue que le tirage de leur casier judiciaire prendra un temps fou. Et ce n\u2019est pas fini dans les \u00ab il leur faudrait \u00bb. Mazal el baraka ! Une fois les exemplaires de leur casier judiciaire imprim\u00e9s, comment les acheminer l\u00e0 o\u00f9 ils auront \u00e9t\u00e9 exig\u00e9s ? Il faudra bien mettre en place une logistique de transport ! Des camions. Et pas des petits bidules ! Non ! Des semi-remorques. Au moins des 20 tonnes ! Tout \u00e7a, et d\u2019autres cas de figure que j\u2019ai d\u00fb oublier en route, qui y a pens\u00e9 ? Personne, bien s\u00fbr ! Comme d\u2019habitude ! Donc, pour que cette nouvelle disposition administrative soit r\u00e9ellement effective et surtout non-discriminatoire, il faudrait d\u2019ores et d\u00e9j\u00e0 l\u2019amender ! Lui adjoindre des dispositifs compl\u00e9mentaires au profit des citoyens gros consommateurs de casier judiciaire. \u00c7a tombe bien ! On me dit que le gouvernement va \u00eatre remani\u00e9 incessamment sous peu. D\u00e8s que les nouveaux ministres auront retir\u00e9 leurs \u00abpropres\u00bb casiers judiciaires, ils pourront se pencher sur cet aspect. Mais vite ! Pas dans plus ou moins trois ans ! Je fume du th\u00e9 et je reste \u00e9veill\u00e9, le cauchemar continue.<br \/><em><strong>H. L.<\/strong><\/em><\/p>\n<p>Auteur:<br \/>\n<a href=\"https:\/\/www.lesoirdalgerie.com\/pousse-avec-eux\/halte-a-la-discrimination-au-casier-judiciaire-56490\">Cliquez ici pour lire l&rsquo;article depuis sa source.<\/a><\/p>\n","protected":false},"excerpt":{"rendered":"<p>Prions ! Prions mes fr\u00e8res et s\u0153urs pour la r\u00e9ouverture des \u2026 \u2026 bars !\u00a0 Ouais ! D\u2019accord ! Je veux bien saluer comme il se doit la possibilit\u00e9 pour toutes les D\u00e9z\u00e9diennes et D\u00e9z\u00e9diens de pouvoir d\u00e9sormais retirer leur casier judiciaire par internet. C\u2019est une avanc\u00e9e notable, comme ils disent l\u00e0-haut, et m\u00eame aux [&hellip;]<\/p>\n","protected":false},"author":1741,"featured_media":0,"comment_status":"closed","ping_status":"closed","sticky":false,"template":"","format":"standard","meta":{"fifu_image_url":"","fifu_image_alt":"","footnotes":""},"categories":[73,53],"tags":[],"class_list":["post-111483","post","type-post","status-publish","format-standard","hentry","category-actualite","category-algerie"],"_links":{"self":[{"href":"https:\/\/linitiative.ca\/International\/wp-json\/wp\/v2\/posts\/111483","targetHints":{"allow":["GET"]}}],"collection":[{"href":"https:\/\/linitiative.ca\/International\/wp-json\/wp\/v2\/posts"}],"about":[{"href":"https:\/\/linitiative.ca\/International\/wp-json\/wp\/v2\/types\/post"}],"author":[{"embeddable":true,"href":"https:\/\/linitiative.ca\/International\/wp-json\/wp\/v2\/users\/1741"}],"replies":[{"embeddable":true,"href":"https:\/\/linitiative.ca\/International\/wp-json\/wp\/v2\/comments?post=111483"}],"version-history":[{"count":0,"href":"https:\/\/linitiative.ca\/International\/wp-json\/wp\/v2\/posts\/111483\/revisions"}],"wp:attachment":[{"href":"https:\/\/linitiative.ca\/International\/wp-json\/wp\/v2\/media?parent=111483"}],"wp:term":[{"taxonomy":"category","embeddable":true,"href":"https:\/\/linitiative.ca\/International\/wp-json\/wp\/v2\/categories?post=111483"},{"taxonomy":"post_tag","embeddable":true,"href":"https:\/\/linitiative.ca\/International\/wp-json\/wp\/v2\/tags?post=111483"}],"curies":[{"name":"wp","href":"https:\/\/api.w.org\/{rel}","templated":true}]}}