{"id":111484,"date":"2021-02-17T05:00:00","date_gmt":"2021-02-17T10:00:00","guid":{"rendered":"https:\/\/linitiative.ca\/International\/decisif-dites-vous\/"},"modified":"2021-02-17T05:00:00","modified_gmt":"2021-02-17T10:00:00","slug":"decisif-dites-vous","status":"publish","type":"post","link":"https:\/\/linitiative.ca\/International\/decisif-dites-vous\/","title":{"rendered":"D\u00c9CISIF, DITES-VOUS !"},"content":{"rendered":"<p class=\"c2\">\u00abSemaine d\u00e9cisive pour le Pr\u00e9sident\u00bb, titre un confr\u00e8re. Je veux bien le croire. Je veux bien l\u2019admettre. Oui, pourquoi pas ? Sur le plan intellectuel, on peut en parler. Rien ne l\u2019interdit. Tout est d\u00e9cisif dans notre pays. Absolument tout ! Pourquoi ? Parce qu\u2019il y a un d\u00e9fi \u00e0 relever de taille : une deuxi\u00e8me Alg\u00e9rie d\u00e9barrass\u00e9e de toutes les scories de l\u2019ancienne. L\u00e0, oui, c\u2019est d\u00e9cisif ! Ceux de ma g\u00e9n\u00e9ration, nous avions 20 ans dans les ann\u00e9es 70, r\u00eavaient, en ce temps-l\u00e0, d\u2019une Alg\u00e9rie d\u00e9complex\u00e9e, fi\u00e8re, moderne, r\u00e9publicaine, scientifique, authentique\u2026 Nous ne r\u00eavions pas de l\u2019image que nous avons, en ce moment, de notre pays. Un pays scl\u00e9ros\u00e9, anthropophage, otage de lui-m\u00eame, \u00ab pr\u00e9dat\u00e9 \u00bb (autorisez-moi cette sortie de route) comme pas possible, ne sachant pas \u00e0 quelle identit\u00e9 se raccrocher, bouff\u00e9 par une bigoterie venue de contr\u00e9es lointaines, en perte de rep\u00e8res, \u00e0 l\u2019\u00e9conomie menott\u00e9e aux hydrocarbures\u2026 Dans ces ann\u00e9es-l\u00e0, le r\u00eave et l\u2019espoir \u00e9taient permis. Alger \u00e9tait une capitale ouverte, fleurie, belle \u00e0 conqu\u00e9rir, comp\u00e9titive, souriante, ample, maritime. Qu\u2019est-elle devenue cette capitale, aujourd\u2019hui ? Qu\u2019est devenu notre pays ?\u00a0<br \/>\u00a0J\u2019ai cru comprendre qu\u2019un ministre de la R\u00e9publique aurait conseill\u00e9 aux Alg\u00e9riens, \u00e0 nous tous, de taire nos remontrances \u00e0 nos gouvernants. Qu\u2019il est normal d\u2019en avoir. A la condition de les garder pour soi. Et d\u2019ob\u00e9ir \u00e0 nos gouvernants les yeux ferm\u00e9s. Autrement dit, il faut se la fermer. Et avaler toutes les couleuvres. Et faire comme si tout allait bien dans le meilleur des pays. Il faut voir les travers politiques, \u00e9conomiques, sociaux et culturels ; il faut les voir, c\u2019est tout ! Et les garder par devers soi. J\u2019ai cru comprendre qu\u2019il s\u2019agit bien d\u2019un ministre de la R\u00e9publique qui aurait d\u00e9clar\u00e9 cette \u00e9normit\u00e9 et cette incons\u00e9quence politique. Si je comprends bien, le Hirak (b\u00e9ni par le Pr\u00e9sident, faut-il le rappeler ?) est une erreur populaire. Il n\u2019aurait pas fallu envahir les rues, les espaces publics et le c\u0153ur des Alg\u00e9riens. Et ne rien dire. Autrement, nous serions tous en train de subir un cinqui\u00e8me mandat de Bouteflika, avec tout ce que cela signifie comme d\u00e9clin historique. J\u2019ai ou\u00ef dire \u00e9galement que le Pr\u00e9sident est m\u00e9content de certains ministres. Et qu\u2019un remaniement est dans ses papiers. Je l\u2019attends ce nouveau gouvernement. Mais sans ce ministre qui\u2026 Suivez mon regard !<br \/>\u00a0Cette \u00e9pid\u00e9mie du Covid-19 me hante. Elle me bouffe ce qui me reste de neurones. Les chiffres des contamin\u00e9s m\u2019interpelle, au quotidien. Quoi, il y a\u00a0 \u00e0\u00a0 peine 300 malades ! C\u2019est quoi \u00e7a ? Ils sont r\u00e9els ces chiffres ? Je me le demande. D\u2019ailleurs, ce sont des chiffres de quoi ? Je veux bien qu\u2019on m\u2019explique. Je veux comprendre la r\u00e9alit\u00e9 de ces chiffres. Sommes-nous g\u00e9n\u00e9tiquement mieux arm\u00e9s que les autres peuples ? Notre climat est-il un vaccin naturel ? La providence est-elle avec nous dans cette affaire de virus, qui n\u2019arr\u00eate pas de muter ? Ce ne peut pas \u00eatre la campagne de vaccination qui en est la cause. On vient \u00e0 peine de dire \u00ab bismillah \u00bb. Au fait, on est \u00e0 combien de vaccin\u00e9s ? Deux cents ? Mille ? Mille deux cents ? Cinq cent mille ? Un million ? Qui peut nous le dire ?\u00a0<br \/>\u00a0Le professeur Belhocine d\u00e9clare : \u00ab La gestion de la crise n\u2019a \u00e9t\u00e9 ni exemplaire ni catastrophique \u00bb (Le Soir du 13 f\u00e9vrier). Si elle n\u2019est ni exemplaire ni catastrophique, elle est comment, cette crise ? O\u00f9 placer le curseur ? Quel est le qualificatif qu\u2019il faut pour cette gestion ? Passable ? M\u00e9diocre ? Peut mieux faire ? Je ne sais pas. Prendre le b\u00e2ton par le milieu, comme le fait le professeur Belhocine, n\u2019est pas la r\u00e9ponse idoine \u00e0 ce genre de crise sanitaire. La meilleure, c\u2019est quand il dit (pour se d\u00e9fendre, j\u2019imagine) : \u00ab On pourra toujours dire qu\u2019on peut mieux faire, mais il faut savoir qu\u2019aujourd\u2019hui encore, des pays n\u2019ont toujours rien re\u00e7u. \u00bb (Toujours Le Soir du 13). Comme argument scientifique, il faut repasser, Professeur. Pourquoi chercher le miroir des autres ? Et ses reflets ? Prenons notre miroir, \u00e0 nous, et regardons-nous, en face, comme des adultes. Et les autres pays qui ont vaccin\u00e9\u00a0 des\u00a0 millions\u00a0 de leurs citoyens ? Vous n\u2019en parlez pas. Puis, donnez quelques exemples de ces pays qui n\u2019ont rien re\u00e7u. On les comparera avec notre pays, en termes de richesses naturelles, par exemple.\u00a0<br \/>\u00a0J\u2019ai ou\u00ef dire \u00e9galement que l\u2019Alg\u00e9rie s\u2019est rouverte. Comme si l\u2019\u00e9pid\u00e9mie avait recul\u00e9, on passe \u00e0 une \u00e9tape sup\u00e9rieure. On ouvre tout. Tout ce qui re\u00e7oit le public. Je me demande ce qu\u2019en pense le Professeur Belhocine. Perso, j\u2019ai besoin de l\u2019avis des sp\u00e9cialistes. Je constate que le rel\u00e2chement est patent, c\u2019est la nature de l\u2019Alg\u00e9rien. Je constate aussi qu\u2019il y aura un rush, principalement, sur les caf\u00e9s ; car l\u2019Alg\u00e9rien ne dispose d\u2019aucun lieu \u00ab d\u2019attente \u00bb, pour tuer le temps. C\u2019est un appel aux clusters que cette d\u00e9cision. Le temps nous le dira, bien s\u00fbr. A moins d\u2019arriver \u00e0 vacciner l\u2019Alg\u00e9rie d\u2019ici la fin de l\u2019\u00e9t\u00e9. Personnellement, je ne me sens pas concern\u00e9. Je n\u2019irai pas \u00e0 mon caf\u00e9 habituel, j\u2019ai perdu le go\u00fbt du th\u00e9 maison. Oui, j\u2019ai une peur bleue de ce virus. Car il n\u2019y a aucun traitement radical, \u00e0 ce jour. Au fait, si l\u2019Alg\u00e9rie s\u2019est rouverte, va-t-on rouvrir les rues et permettre au Hirak (b\u00e9ni par le Pr\u00e9sident, faut-il le rappeler ?) de reprendre le cours de sa marche vers la mise en place d\u2019une deuxi\u00e8me R\u00e9publique ? La question primordiale, c\u2019est celle-ci !\u00a0<br \/>\u00a0Revoil\u00e0 les \u00e9lections ! Encore ! Pour quoi faire ? Je pose s\u00e9rieusement cette question. Pour quoi faire ? Si c\u2019est pour disposer de repr\u00e9sentants du peuple absents sur le terrain et visibles \u00e0 la t\u00e9l\u00e9vision, main lev\u00e9e\u2026 Inutile de gaspiller du temps, des sous, du papier, de l\u2019\u00e9lectricit\u00e9, de la salive, de l\u2019encre. Et tout le toutim ! Je n\u2019ai pas encore vu une permanence d\u2019un d\u00e9put\u00e9. Au fait, c\u2019est quoi un d\u00e9put\u00e9 ? C\u2019est quoi un maire ? Chut, il faut dire le pr\u00e9sident de l\u2019Assembl\u00e9e communale. Mets-toi \u00e0 la page, yakhi ! Quand je vois l\u2019\u00e9tat de ma ville, je pleure de d\u00e9sespoir. D\u00e8s lors, pourquoi voter ? Cette question ne se limite qu\u2019\u00e0 ma modeste personne. Ah, il faut savoir garder enfouies, au fond de soi, ses r\u00e9criminations \u00e0 l\u2019endroit des gouvernants. C\u2019est un ministre de la R\u00e9publique qui le dit, ya couz\u2019 !\u00a0<br \/>\u00a0Puis, avez-vous suivi cette rocambolesque affaire des bracelets \u00e9lectroniques ? J\u2019y ai jet\u00e9 un coup d\u2019\u0153il. Du moins ce que rapporte la presse nationale. Pour les \u00ab petites peines \u00bb de prison, d\u00e9cision a \u00e9t\u00e9 prise d\u2019importer des bracelets \u00e9lectroniques. Tout le monde sait ce qu\u2019est un bracelet \u00e9lectronique ! Oui, on les a achet\u00e9s. De Chine, me dit-on. C\u2019est loin, la Chine ! Bref, on a tout fait. On a pay\u00e9 rubis sur l\u2019ongle (c\u2019est bien l\u2019expression ad\u00e9quate ?). Je v\u00e9rifierai plus tard. Ihi, ne voil\u00e0-t-il pas que ces bracelets ne fonctionnent pas. Ma yemchouch ! Ils ne marchent pas. Allez, ne faisons pas trop de chichis de style. Et alors ? Alors, on va se contenter des bracelets traditionnels. Et on va surpeupler les prisons. En attendant, celui qui a pass\u00e9 ce march\u00e9 foireux, car c\u2019en est un, a-t-il eu aux poignets une paire de bracelets \u00e0 l\u2019ancienne ?\u00a0<br \/><em><strong>Y. M.<\/strong><\/em><\/p>\n<p>Auteur:<br \/>\n<a href=\"https:\/\/www.lesoirdalgerie.com\/tendances\/decisif-dites-vous-56489\">Cliquez ici pour lire l&rsquo;article depuis sa source.<\/a><\/p>\n","protected":false},"excerpt":{"rendered":"<p>\u00abSemaine d\u00e9cisive pour le Pr\u00e9sident\u00bb, titre un confr\u00e8re. Je veux bien le croire. Je veux bien l\u2019admettre. Oui, pourquoi pas ? Sur le plan intellectuel, on peut en parler. Rien ne l\u2019interdit. Tout est d\u00e9cisif dans notre pays. Absolument tout ! Pourquoi ? Parce qu\u2019il y a un d\u00e9fi \u00e0 relever de taille : une [&hellip;]<\/p>\n","protected":false},"author":1741,"featured_media":0,"comment_status":"closed","ping_status":"closed","sticky":false,"template":"","format":"standard","meta":{"fifu_image_url":"","fifu_image_alt":"","footnotes":""},"categories":[73,53],"tags":[],"class_list":["post-111484","post","type-post","status-publish","format-standard","hentry","category-actualite","category-algerie"],"_links":{"self":[{"href":"https:\/\/linitiative.ca\/International\/wp-json\/wp\/v2\/posts\/111484","targetHints":{"allow":["GET"]}}],"collection":[{"href":"https:\/\/linitiative.ca\/International\/wp-json\/wp\/v2\/posts"}],"about":[{"href":"https:\/\/linitiative.ca\/International\/wp-json\/wp\/v2\/types\/post"}],"author":[{"embeddable":true,"href":"https:\/\/linitiative.ca\/International\/wp-json\/wp\/v2\/users\/1741"}],"replies":[{"embeddable":true,"href":"https:\/\/linitiative.ca\/International\/wp-json\/wp\/v2\/comments?post=111484"}],"version-history":[{"count":0,"href":"https:\/\/linitiative.ca\/International\/wp-json\/wp\/v2\/posts\/111484\/revisions"}],"wp:attachment":[{"href":"https:\/\/linitiative.ca\/International\/wp-json\/wp\/v2\/media?parent=111484"}],"wp:term":[{"taxonomy":"category","embeddable":true,"href":"https:\/\/linitiative.ca\/International\/wp-json\/wp\/v2\/categories?post=111484"},{"taxonomy":"post_tag","embeddable":true,"href":"https:\/\/linitiative.ca\/International\/wp-json\/wp\/v2\/tags?post=111484"}],"curies":[{"name":"wp","href":"https:\/\/api.w.org\/{rel}","templated":true}]}}