{"id":111489,"date":"2021-02-17T14:05:00","date_gmt":"2021-02-17T19:05:00","guid":{"rendered":"https:\/\/linitiative.ca\/International\/vaccination-anti-covid-le-maroc-franchit-la-barre-des-2-millions-de-personnes-vaccinees\/"},"modified":"2021-02-17T14:05:00","modified_gmt":"2021-02-17T19:05:00","slug":"vaccination-anti-covid-le-maroc-franchit-la-barre-des-2-millions-de-personnes-vaccinees","status":"publish","type":"post","link":"https:\/\/linitiative.ca\/International\/vaccination-anti-covid-le-maroc-franchit-la-barre-des-2-millions-de-personnes-vaccinees\/","title":{"rendered":"Vaccination anti-covid :  le Maroc franchit la barre des 2 millions de personnes vaccin\u00e9es"},"content":{"rendered":"<p><strong>Le Maroc a franchi la barre des 2 millions de personnes vaccin\u00e9es pour la premi\u00e8re dose du vaccin anti-covid-19.<\/strong><\/p>\n<div class=\"c10\">\n<\/div>\n<p>Le nouveau bilan de la campagne nationale de vaccination anti-covid19 du minist\u00e8re de la Sant\u00e9 montre, en effet, que ce mercredi 17 f\u00e9vrier, pas moins de 176.844 personnes suppl\u00e9mentaires ont re\u00e7u la premi\u00e8re dose du vaccin. Ainsi, le nombre total des personnes vaccin\u00e9es atteint d\u00e9sormais 2.081.013. Rappelons que le Maroc a re\u00e7u jusqu\u2019\u00e0 pr\u00e9sent un total de 7 millions de doses de vaccins anti Covid-19, apr\u00e8s la r\u00e9ception mardi de 500.000 doses suppl\u00e9mentaires du vaccin chinois Sinopharm.<\/p>\n<p><strong>Lire aussi| <a href=\"https:\/\/www.challenge.ma\/maroc-7-millions-de-doses-de-vaccins-receptionnees-jusqua-present-175474\/\" target=\"_blank\" rel=\"noreferrer noopener\">Maroc : 7 millions de doses de vaccins r\u00e9ceptionn\u00e9es jusqu\u2019\u00e0 pr\u00e9sent<\/a><\/strong><\/p>\n<p>Par ailleurs, selon le site sp\u00e9cialis\u00e9\u00a0\u00abOur\u00a0World in Data\u00bb, le royaume fait partie du top 10 des meilleurs pays au monde en terme de vaccination anti-covid-19. Le classement dudit site montre, en effet, que le Maroc se positionne \u00e0 la 9<sup>\u00e8me<\/sup>\u00a0place dans le classement des pays ayant vaccin\u00e9 le plus de personnes au monde, avec un taux 0,36%.<\/p>\n<p><strong>Lire aussi| <a href=\"https:\/\/www.challenge.ma\/vaccination-anti-covid-le-maroc-parmi-les-10-meilleurs-pays-175439\/\" target=\"_blank\" rel=\"noreferrer noopener\">Vaccination anti-covid : le Maroc parmi les 10 meilleurs pays<\/a><\/strong><\/p>\n<p>Auteur: challenge<br \/>\n<a href=\"https:\/\/www.challenge.ma\/vaccination-anti-covid-le-maroc-franchit-la-barre-des-2-millions-de-personnes-vaccinees-175589\/\">Cliquez ici pour lire l&rsquo;article depuis sa source.<\/a><\/p>\n","protected":false},"excerpt":{"rendered":"<p>Le Maroc a franchi la barre des 2 millions de personnes vaccin\u00e9es pour la premi\u00e8re dose du vaccin anti-covid-19. Le nouveau bilan de la campagne nationale de vaccination anti-covid19 du minist\u00e8re de la Sant\u00e9 montre, en effet, que ce mercredi 17 f\u00e9vrier, pas moins de 176.844 personnes suppl\u00e9mentaires ont re\u00e7u la premi\u00e8re dose du vaccin. [&hellip;]<\/p>\n","protected":false},"author":1787,"featured_media":0,"comment_status":"closed","ping_status":"closed","sticky":false,"template":"","format":"standard","meta":{"fifu_image_url":"","fifu_image_alt":"","footnotes":""},"categories":[78,54],"tags":[],"class_list":["post-111489","post","type-post","status-publish","format-standard","hentry","category-economie","category-maroc"],"_links":{"self":[{"href":"https:\/\/linitiative.ca\/International\/wp-json\/wp\/v2\/posts\/111489","targetHints":{"allow":["GET"]}}],"collection":[{"href":"https:\/\/linitiative.ca\/International\/wp-json\/wp\/v2\/posts"}],"about":[{"href":"https:\/\/linitiative.ca\/International\/wp-json\/wp\/v2\/types\/post"}],"author":[{"embeddable":true,"href":"https:\/\/linitiative.ca\/International\/wp-json\/wp\/v2\/users\/1787"}],"replies":[{"embeddable":true,"href":"https:\/\/linitiative.ca\/International\/wp-json\/wp\/v2\/comments?post=111489"}],"version-history":[{"count":0,"href":"https:\/\/linitiative.ca\/International\/wp-json\/wp\/v2\/posts\/111489\/revisions"}],"wp:attachment":[{"href":"https:\/\/linitiative.ca\/International\/wp-json\/wp\/v2\/media?parent=111489"}],"wp:term":[{"taxonomy":"category","embeddable":true,"href":"https:\/\/linitiative.ca\/International\/wp-json\/wp\/v2\/categories?post=111489"},{"taxonomy":"post_tag","embeddable":true,"href":"https:\/\/linitiative.ca\/International\/wp-json\/wp\/v2\/tags?post=111489"}],"curies":[{"name":"wp","href":"https:\/\/api.w.org\/{rel}","templated":true}]}}