{"id":111501,"date":"2021-02-17T17:04:13","date_gmt":"2021-02-17T22:04:13","guid":{"rendered":"https:\/\/linitiative.ca\/International\/conseil-des-ministres-du-17-02-2021\/"},"modified":"2021-02-17T17:04:13","modified_gmt":"2021-02-17T22:04:13","slug":"conseil-des-ministres-du-17-02-2021","status":"publish","type":"post","link":"https:\/\/linitiative.ca\/International\/conseil-des-ministres-du-17-02-2021\/","title":{"rendered":"Conseil des ministres du 17-02-2021"},"content":{"rendered":"<div class=\"td-post-featured-image\"><a href=\"https:\/\/www.sidwaya.info\/wp-content\/uploads\/2021\/02\/amoirie.jpg\" data-caption=\"\"><img loading=\"lazy\" decoding=\"async\" width=\"696\" height=\"464\" class=\"entry-thumb td-modal-image\" src=\"https:\/\/www.sidwaya.info\/wp-content\/uploads\/2021\/02\/amoirie-696x464.jpg\" srcset=\"https:\/\/www.sidwaya.info\/wp-content\/uploads\/2021\/02\/amoirie-696x464.jpg 696w, https:\/\/www.sidwaya.info\/wp-content\/uploads\/2021\/02\/amoirie-300x200.jpg 300w, https:\/\/www.sidwaya.info\/wp-content\/uploads\/2021\/02\/amoirie-150x100.jpg 150w, https:\/\/www.sidwaya.info\/wp-content\/uploads\/2021\/02\/amoirie-630x420.jpg 630w, https:\/\/www.sidwaya.info\/wp-content\/uploads\/2021\/02\/amoirie.jpg 765w\" sizes=\"auto, (max-width: 696px) 100vw, 696px\" alt=\"\" title=\"amoirie\"\/><\/a><\/div>\n<p><strong>Le Conseil des ministres s\u2019est tenu \u00e0 Ouagadougou, le mercredi 17 f\u00e9vrier 2021, en s\u00e9ance ordinaire, de 09 H 00 mn \u00e0 13 H 05 mn, sous la pr\u00e9sidence de Son Excellence Monsieur Roch Marc Christian KABORE, Pr\u00e9sident du Faso, Pr\u00e9sident du Conseil des ministres. Il a d\u00e9lib\u00e9r\u00e9 sur les dossiers inscrits \u00e0 son ordre du jour, entendu des communications orales, proc\u00e9d\u00e9 \u00e0 des nominations et autoris\u00e9 des missions \u00e0 l\u2019\u00e9tranger.<\/strong><\/p>\n<p><strong>I. DELIBERATIONS<\/strong><\/p>\n<p><strong>I.1. AU TITRE DU MINISTERE DE LA SECURITE<\/strong><br \/><strong>Le Conseil a adopt\u00e9 deux (02) rapports.<\/strong><\/p>\n<p>Le premier rapport est relatif deux (02) d\u00e9crets portant respectivement adoption des statuts de l\u2019Ecole nationale de police (ENP) et adoption des statuts de l\u2019Acad\u00e9mie de police.<br \/>L\u2019adoption de ces d\u00e9crets permet de doter l\u2019Ecole nationale de police et l\u2019Acad\u00e9mie de police d\u2019organes d\u2019administration et de gestion, de parachever leur \u00e9rection en \u00e9tablissements publics de l\u2019Etat \u00e0 caract\u00e8re administratif.<\/p>\n<p>Le second rapport est relatif \u00e0 huit (08) d\u00e9crets portant nomination de commissaires de police \u00e0 des grades sup\u00e9rieurs en application de la loi n\u00b0027 du 1er juin 2018 portant statut du cadre de la police nationale.<br \/>Il s\u2019agit\u00a0:<br \/>du d\u00e9cret portant nomination d\u2019inspecteurs g\u00e9n\u00e9raux de police pour compter du 25 juillet 2019\u00a0;<br \/>du d\u00e9cret portant nomination de contr\u00f4leurs g\u00e9n\u00e9raux de police\u00a0pour compter du 25 juillet 2019 ;<br \/>du d\u00e9cret portant nomination de commissaires divisionnaires de police\u00a0pour compter du 14 juillet 2019 ;<br \/>du d\u00e9cret portant nomination de commissaires principaux de police pour compter du 20 juillet 2019\u00a0;<br \/>du d\u00e9cret portant nomination d\u2019inspecteurs g\u00e9n\u00e9raux de police pour compter du 21 ao\u00fbt 2020\u00a0;<br \/>du d\u00e9cret portant nomination de contr\u00f4leurs g\u00e9n\u00e9raux de police pour compter du 25 et 26 juillet 2020\u00a0;<br \/>du d\u00e9cret portant nomination de commissaires divisionnaires de police pour compter du 17 juillet 2020\u00a0;<br \/>du d\u00e9cret portant nomination de commissaires principaux de police pour compter du 07 f\u00e9vrier 2020, du 08 f\u00e9vrier 2020, du 12 juillet 2020 et du 13 juillet 2020.<br \/>L\u2019adoption de ces d\u00e9crets permet la nomination de quatre (04) inspecteurs g\u00e9n\u00e9raux de police, de vingt et un (21) contr\u00f4leurs g\u00e9n\u00e9raux de police, de trente-sept (37) commissaires divisionnaires de police et de quatre-vingt-quatre (84) commissaires principaux de police au titre des ann\u00e9es 2019 et 2020.<br \/>La liste de ces nominations sera publi\u00e9e dans le Journal Officiel du Burkina Faso.<\/p>\n<p><strong>I.2. AU TITRE DU MINISTERE DE L\u2019ECONOMIE, DES FINANCES ET DU DEVELOPPEMENT<\/strong><br \/><strong>Le Conseil a adopt\u00e9 trois (03) rapports.<\/strong><br \/>Le premier rapport est relatif \u00e0 un d\u00e9cret portant indemnit\u00e9s et avantages sp\u00e9cifiques de l\u2019Agent judiciaire de l\u2019Etat et des Agents judiciaires adjoints de l\u2019Etat.<br \/>Ce d\u00e9cret permet d\u2019accorder des indemnit\u00e9s et des avantages ad\u00e9quats \u00e0 ce personnel qui jouit d\u2019un statut d\u2019auxiliaire de justice pour d\u00e9fendre l\u2019Etat et ses d\u00e9membrements devant les juridictions nationales et internationales et recouvrer les cr\u00e9ances contentieuses de l\u2019Etat.<br \/>L\u2019adoption de ce d\u00e9cret permet de se conformer \u00e0 l\u2019article 16 de la loi n\u00b0008-2019\/AN du 23 avril 2019 portant statut de l\u2019Agent judiciaire de l\u2019Etat.<br \/>Le deuxi\u00e8me rapport est relatif \u00e0 une ordonnance portant autorisation de ratification de l\u2019accord de pr\u00eat n\u00b0776\/14 conclu le 23 d\u00e9cembre 2020 entre le Gouvernement du Burkina Faso et le Fonds saoudien de d\u00e9veloppement (FSD) pour le financement du Projet d\u2019am\u00e9nagement hydro-agricole de Sono-Kouri (PAH-SK) dans la commune de Sono, province de la Kossi.<br \/>Pour la r\u00e9alisation de ce projet, le Fonds saoudien de d\u00e9veloppement contribue \u00e0 hauteur de vingt millions (20\u00a0000\u00a0000) de dollars US sous forme de pr\u00eat, soit environ onze milliards (11\u00a0000\u00a0000\u00a0000) F CFA.<br \/>Ce Projet d\u2019am\u00e9nagement hydro-agricole de Sono-Kouri s\u2019inscrit dans l\u2019impl\u00e9mentation du p\u00f4le de croissance du Sourou. Sa r\u00e9alisation permettra entre autres d\u2019am\u00e9nager et de s\u00e9curiser 2000 ha de p\u00e9rim\u00e8tres irrigu\u00e9s, de promouvoir autour des p\u00e9rim\u00e8tres l\u2019\u00e9levage intensif, la pisciculture et la culture fruiti\u00e8re et de cr\u00e9er des emplois d\u00e9cents en particulier pour les femmes et les jeunes.<br \/>Le Pr\u00e9sident du Faso a instruit les d\u00e9partements techniques et le ministre en charge des Finances de prendre en compte la dimension s\u00e9curit\u00e9 dans la conception et la mise en \u0153uvre des projets de d\u00e9veloppement.<\/p>\n<p>Le troisi\u00e8me rapport est relatif \u00e0 une ordonnance portant autorisation de ratification de l\u2019accord de pr\u00eat n\u00b0775\/13 conclu le 23 d\u00e9cembre 2020 entre le Gouvernement du Burkina Faso et le Fonds saoudien de d\u00e9veloppement (FSD) pour le financement du Projet de construction et de bitumage de la route nationale Tougan-Ouahigouya (RN10) longue de 94 km.<br \/>D\u2019un co\u00fbt total estim\u00e9 \u00e0 38,34 milliards de F CFA, le Fonds saoudien de d\u00e9veloppement apporte une contribution partielle \u00e0 hauteur de quinze millions (15\u00a0000\u00a0000) de dollars US sous forme de pr\u00eat, soit environ huit milliards deux cent cinquante millions (8 250\u00a0000\u00a0000) F CFA au financement de ce projet.<br \/>La mise en \u0153uvre de ce projet de construction et de bitumage de la route nationale Tougan-Ouahigouya permettra de structurer le r\u00e9seau routier national pour assurer les \u00e9changes \u00e0 l\u2019int\u00e9rieur de notre pays avec la C\u00f4te d\u2019Ivoire et le Mali et la desserte administrative des chefs-lieux de d\u00e9partements, en l\u2019occurrence Tougan et Ouahigouya. Le d\u00e9marrage des travaux est pr\u00e9vu en 2022.<\/p>\n<p>I.3. AU TITRE DU MINISTERE DE L\u2019ENSEIGNEMENT SUPERIEUR, DE LA RECHERCHE SCIENTIFIQUE ET DE L\u2019INNOVATION<\/p>\n<p>Le Conseil a adopt\u00e9 deux (02) rapports.<br \/>Le premier rapport est relatif \u00e0 une autorisation de conclusion de huit (8) march\u00e9s de prestations intellectuelles par proc\u00e9dure d\u2019entente directe, dans le cadre du projet de r\u00e9alisation d\u2019un technop\u00f4le pharmaceutique \u00e0 Kokologo dans la province du Boulkiemd\u00e9.<br \/>Il s\u2019agit de faire des \u00e9tudes du futur site devant abriter des unit\u00e9s industrielles pharmaceutiques, des laboratoires pour la recherche et la formation et d\u2019un espace d\u2019accueil de tradipraticiens, conform\u00e9ment aux engagements du Pr\u00e9sident du Faso dans le cadre de la riposte \u00e0 la COVID-19 et aux autres maladies infectieuses.<br \/>Le Conseil a marqu\u00e9 son accord pour l\u2019attribution des march\u00e9s aux entreprises suivantes :<br \/>2 M Invest Consult S.A, pour les \u00e9tudes de faisabilit\u00e9 technique et \u00e9conomique, pour un montant de deux cent soixante-dix millions deux cent vingt mille (270\u00a0220\u00a0000) F CFA TTC, avec un d\u00e9lai d\u2019ex\u00e9cution de cinq (05) mois\u00a0;<br \/>GEOIDE TOPOGRAPHIE, pour les \u00e9tudes de lev\u00e9e topographique, pour un montant de cinquante millions (50\u00a0000\u00a0000)\u00a0F CFA TTC, avec un d\u00e9lai d\u2019ex\u00e9cution de quinze (15) jours ;<br \/>BERSEET-BURKINA, pour les \u00e9tudes hydrog\u00e9ologiques, pour un montant de trente millions (30\u00a0000\u00a0000) F CFA HT, avec un d\u00e9lai d\u2019ex\u00e9cution d\u2019un mois\u00a0;<br \/>G2 Conception International, pour les \u00e9tudes d\u2019am\u00e9nagement et technique, pour un montant de deux cent millions (200\u00a0000\u00a0000) F CFA TTC, avec un d\u00e9lai d\u2019ex\u00e9cution de deux (02) mois\u00a0;<br \/>G2 Conception International, pour les \u00e9tudes architecturales et techniques d\u2019un montant de cent millions (100\u00a0000\u00a0000) F CFA TTC, avec un d\u00e9lai d\u2019ex\u00e9cution de trois (03) mois\u00a0;<br \/>CINTECH-SA, pour les \u00e9tudes techniques et VDR, pour un montant de deux cent millions (200\u00a0000\u00a0000) F CFA TTC, avec un d\u00e9lai d\u2019ex\u00e9cution de trois (03) mois\u00a0;<br \/>EXPERIENS SARL, pour les \u00e9tudes environnementales strat\u00e9giques (EES), pour un montant de soixante-cinq millions (65\u00a0000\u00a0000) F CFA HT, avec un d\u00e9lai d\u2019ex\u00e9cution de trois (03) mois\u00a0;<br \/>EXPERIENS SARL, pour les \u00e9tudes d\u2019\u00e9valuation et d\u2019impact environnemental et social (EIES) pour un montant de cent cinq millions (105\u00a0000\u00a0000) F CFA HT, avec un d\u00e9lai d\u2019ex\u00e9cution de trois (03) mois.<br \/>Le montant total des attributions s\u2019\u00e9l\u00e8ve \u00e0 un milliard vingt millions deux cent vingt mille (1\u00a0020\u00a0220\u00a0000) F CFA.<br \/>Le financement est assur\u00e9 par le budget de l\u2019Etat, exercice 2020 \u00ab\u00a0fonds COVID-19\u00a0\u00bb.<br \/>Le second rapport est relatif \u00e0 deux (02) d\u00e9crets portant respectivement cr\u00e9ation d\u2019emplois de Professeur titulaire et de Ma\u00eetre-assistant et nomination d\u2019enseignants-chercheurs dans les fonctions de Professeur titulaire \u00e0 l\u2019Universit\u00e9 Thomas SANKARA.<br \/>L\u2019adoption de ces d\u00e9crets permet la cr\u00e9ation de trois (03) emplois de Professeur titulaire et de seize (16) emplois de Ma\u00eetre-assistant et la nomination de trois (03) enseignants-chercheurs dans les fonctions de Professeur titulaire \u00e0 l\u2019Universit\u00e9 Thomas SANKARA.<\/p>\n<p>I.5. AU TITRE DU MINISTERE DES INFRAS-TRUCTURES ET DU DESENCLAVEMENT<br \/>Le Conseil a adopt\u00e9 deux (02) rapports.<br \/>Le premier rapport est relatif \u00e0 l\u2019approbation des r\u00e9sultats de l\u2019appel d\u2019offres restreint acc\u00e9l\u00e9r\u00e9 pour les travaux de construction et de bitumage des routes r\u00e9gionales n\u00b001 (RR 01) Zorgho-Tanghin et (RR 07) Tanghin-Meguet, longues de 25 km.<br \/>Le Conseil a marqu\u00e9 son accord pour l\u2019attribution du march\u00e9 \u00e0 la Soci\u00e9t\u00e9 Nar\u00e9 &amp; Fr\u00e8res (SONAF S.A) pour un montant de cinq milliards cinq cent quarante-neuf millions cent quatre-vingt-seize mille cinq cent deux (5\u00a0549\u00a0196\u00a0502) F CFA TTC, avec un d\u00e9lai d\u2019ex\u00e9cution de douze (12) mois y compris la saison des pluies.<br \/>Le contr\u00f4le des travaux est assur\u00e9 par le bureau ACIT G\u00e9otechnique pour un montant de deux cent soixante-dix-sept millions neuf cent trente mille cinq cent quatre-vingt-douze (277\u00a0930\u00a0592) F CFA TTC, avec un d\u00e9lai d\u2019ex\u00e9cution de quatorze (14) mois.<br \/>Le financement est assur\u00e9 par le Fonds sp\u00e9cial routier du Burkina (FSR-B), gestion 2020.<br \/>Le second rapport est relatif aux attributions des march\u00e9s de travaux d\u2019am\u00e9nagement d\u2019environ 200 km de pistes rurales dans cinq (05) r\u00e9gions du Burkina Faso.<br \/>Le Conseil a marqu\u00e9 son accord pour l\u2019attribution des march\u00e9s aux entreprises suivantes\u00a0:<br \/>Lot\u00a01 : R\u00e9gion de la Boucle du Mouhoun\/Province du Mouhoun\u00a0:<br \/>Piste Tch\u00e9riba-Z\u00e9kuy, longue de 13,50 km.<br \/>EROF, pour un montant de deux cent soixante-dix millions huit cent quatre-vingt-dix-huit mille quatre-vingt-dix-huit (270\u00a0898\u00a0098) F CFA TTC, avec un d\u00e9lai d\u2019ex\u00e9cution de six (06) mois\u00a0;<br \/>Lot 2\u00a0: R\u00e9gion de la Boucle du Mouhoun\/Province des Bal\u00e9s\u00a0:<br \/>Lot 2-1\u00a0: Piste Ouahabou-Vy-Kayio-T\u00e9gu\u00e9-Pompo\u00ef-Ki\u00e9tou-Konkoliko, (Lin\u00e9aire limit\u00e9 au PK+33,80 km)\u00a0;<br \/>Lot 2-2\u00a0: Piste Poura mine \u2013 Kank\u00e9l\u00e9 \u2013 Poura village (Embranchement RR11), longue de 6,90 km.<br \/>Total lot 2\u00a0: 40,70 km.<br \/>EG2S, pour un montant de huit cent six millions huit cent vingt-huit mille quatre cent quatre-vingt-treize (806\u00a0828\u00a0493) F CFA TTC, avec un d\u00e9lai d\u2019ex\u00e9cution de dix (10) mois.<br \/>Lot 3\u00a0: R\u00e9gion du Nord\/Province du Passor\u00e9\u00a0:<br \/>Lot 3-1\u00a0: Piste Toessin (Embranchement RN13)-Dakola-Bour\u00e9-Pella, longue de 10,30 km\u00a0;<br \/>Lot 3-2\u00a0: Piste Toessin (Embranchement RN13)-Mesga-Yimouga (\u00e0 la limite de la br\u00e8che avant le village de Yimouga), longue de 7,00 km et Lot 3-3\u00a0: Piste (Tindila-Dour\u00e9), longue de 11,30 km.<br \/>Total lot 3\u00a0: 28,60 km.<br \/>Groupement AMP\/YIDIA, pour un montant de six cent vingt-sept millions huit cent vingt-cinq mille deux cent cinquante-quatre (627\u00a0825\u00a0254) F CFA TTC, avec un d\u00e9lai d\u2019ex\u00e9cution de neuf (09) mois\u00a0;<br \/>Lot 4\u00a0: R\u00e9gion du Nord\/Province du Passor\u00e9\u00a0:<br \/>Piste Boulkon-Sitenga-Kals\u00e9, longue de 12,00 km.<br \/>CISS BTP SARL, pour un montant de deux cent quarante-cinq millions six cent vingt-quatre mille cent quatre-vingt-dix-huit (245\u00a0624 198) F CFA TTC, avec un d\u00e9lai d\u2019ex\u00e9cution de six (06) mois\u00a0;<br \/>Lot 5\u00a0: R\u00e9gion du Nord\/Provinces du Yatenga et du Zondoma\u00a0:<br \/>Lot 5.1\u00a0: Piste Bouga-Komna-Yarga-Kond\u00e9, longue de 15,00 km ;<br \/>Lot 5-2 : Piste Kagpessego-Pouima-Kolokom-Ridimbo-Baskourma, longue de 20,50 km.<br \/>Total lot 5 : 35,50 km.<br \/>FASO CONCEPT SARL, pour un montant de six cent soixante-seize millions six cent soixante-douze mille quarante-six (676\u00a0672\u00a0046) F CFA TTC, avec un d\u00e9lai d\u2019ex\u00e9cution de neuf (09) mois\u00a0;<br \/>Lot 6\u00a0: R\u00e9gion du Nord\/Province du Zondoma\u00a0:<br \/>Piste Embranchement RN 02-Komto\u00e8ga, longue de 18,00 km.<br \/>B-TRANS, pour un montant de trois cent soixante-sept millions cent soixante-quatorze mille cinq cent quatre-vingt-onze (367\u00a0174\u00a0591) F CFA TTC, avec un d\u00e9lai d\u2019ex\u00e9cution de sept (07) mois.<br \/>Lot 7\u00a0: R\u00e9gion des Hauts-Bassins\/Province du Houet\u00a0:<br \/>Piste Yabasso-Lena-Kofila, longue de 19,00 km.<br \/>ECC KAF, pour un montant de quatre cent seize millions cent trente-sept mille cent trente (416\u00a0137\u00a0130) F CFA TTC, avec un d\u00e9lai d\u2019ex\u00e9cution de sept (07) mois\u00a0;<br \/>Lot 8\u00a0: R\u00e9gion des Hauts-Bassins\/Provinces du Houet\u00a0et du K\u00e9n\u00e9dougou :<br \/>Lot 8-1\u00a0: Piste Samagan-Logofourousso-Koumi-Kokorow\u00e9, longue de 14,50 km\u00a0;<br \/>Lot 8-2\u00a0: Piste Samogohiri-Saraba-Todi\u00e9, longue de 12,00 km ;<br \/>Total lot 8 : 26,50 km.<br \/>GROUPE SOCA, pour un montant de quatre cent quatre-vingt-treize millions huit cent quarante-un mille quatre-vingt-huit (493\u00a0841\u00a0088) F CFA TTC, avec un d\u00e9lai d\u2019ex\u00e9cution de neuf (09) mois\u00a0;<br \/>Lot 9\u00a0: R\u00e9gion du Plateau-Central\/Province du Ganzourgou\u00a0:<br \/>Piste Salogo-Filba-Boalgin, longue de 28,50 km.<br \/>ECZ-BURKINA, pour un montant de cinq cent soixante-seize millions huit-cent soixante-neuf mille cinq cent trente-six (576\u00a0869\u00a0536) F CFA TTC, avec un d\u00e9lai d\u2019ex\u00e9cution de huit (08) mois\u00a0;<br \/>Lot 10\u00a0: R\u00e9gion du Plateau-Central\/Province du Ganzourgou\u00a0:<br \/>Lot 10-1\u00a0: Piste Pinr\u00e9-Koulw\u00e9ogo (7,00 km)+Tuir\u00e9-Kiongho-Guirgo (5,00 km), longue de 12,00 km.<br \/>Lot 10-2\u00a0: Piste Patematenga-Nahoub\u00e9-Salogo, longue de 7,30 km.<br \/>Total lot 10\u00a0: 19,30 km.<br \/>GITP, pour un montant de quatre cent soixante millions cinq cent soixante-seize mille neuf cent dix (460\u00a0576\u00a0910) F CFA TTC, avec un d\u00e9lai d\u2019ex\u00e9cution de huit (08) mois\u00a0;<\/p>\n<p>Lot 11\u00a0: R\u00e9gion du Plateau-Central\/Provinces du Kourw\u00e9ogo et d\u2019Oubritenga\u00a0:<br \/>Lot 11-1\u00a0: Piste Laye (Embranchement RN2, march\u00e9)-Gounghin-Gantologo, longue de 6,50 km.<br \/>Lot 11-2\u00a0: Piste Embranchement RN3 Barkoundouba-Kuilkienka, longue de 10,00 km.<br \/>Total lot 11\u00a0: 16,50 km.<br \/>EAMO BTP, pour un montant de trois cent vingt-neuf millions sept cent quatre-vingt-treize mille quatre cent trente-trois (329\u00a0793\u00a0433) F CFA TTC, avec un d\u00e9lai d\u2019ex\u00e9cution de sept (07) mois\u00a0;<br \/>Lot 12\u00a0: R\u00e9gion du Sud-Ouest\/Province du Ioba\u00a0:<br \/>Lot 12-1\u00a0: Oronkua-Wahabl\u00e9-Fafo, longue de 14,00 km.<br \/>Lot 12-2\u00a0: Bon-Toury-Varpuo, longue de 8,00 km.<br \/>Total lot 12\u00a0: 22,00 km.<br \/>NTP, pour un montant de trois cent quatre-vingt-quatorze millions six cent trente-sept mille quatre cent quatre-vingt-deux (394\u00a0637\u00a0482) F CFA TTC, avec un d\u00e9lai d\u2019ex\u00e9cution de huit (08) mois.<br \/>Le montant total des attributions s\u2019\u00e9l\u00e8ve \u00e0 cinq milliards six cent soixante-six millions huit soixante-dix-huit mille deux cent cinquante-huit (5\u00a0666\u00a0878\u00a0258) F CFA TTC.<br \/>Le financement est assur\u00e9 par le Fonds sp\u00e9cial routier du Burkina (FSR-B), gestion 2020.<\/p>\n<p><strong>II. COMMUNICATIONS ORALES<\/strong><\/p>\n<p>II.1. Le ministre des Affaires \u00e9trang\u00e8res, de la coop\u00e9ration, de l\u2019int\u00e9gration africaine et des Burkinab\u00e8 de l\u2019ext\u00e9rieur a fait au Conseil le bilan du s\u00e9jour de Son Excellence Monsieur Roch Marc Christian KABORE, Pr\u00e9sident du Faso \u00e0 Bruxelles en Belgique et \u00e0 Paris en France du 07 au 10 f\u00e9vrier 2021.<br \/>Il s\u2019est agi dans ces deux pays de faire le bilan de la coop\u00e9ration multilat\u00e9rale et bilat\u00e9rale. La s\u00e9curit\u00e9 au Sahel et la maladie \u00e0 Coronavirus (COVID-19) ont \u00e9t\u00e9 \u00e9galement au menu des \u00e9changes entre le Pr\u00e9sident du Faso et ses interlocuteurs.<br \/>Le ministre des Affaires \u00e9trang\u00e8res, de la coop\u00e9ration, de l\u2019int\u00e9gration africaine et des Burkinab\u00e8 de l\u2019ext\u00e9rieur a \u00e9galement fait au Conseil le bilan de la participation de Son Excellence Monsieur Roch Marc Christian KABORE, Pr\u00e9sident du Faso, \u00e0 la septi\u00e8me session ordinaire de la conf\u00e9rence des Chefs d\u2019Etat du G5 Sahel tenue le 15 f\u00e9vrier \u00e0 N\u2019Djamena en R\u00e9publique du Tchad.<br \/>Le Sommet a connu la participation effective des cinq (05) Chefs d\u2019Etat des pays du G5 Sahel, d\u2019autres Chefs d\u2019Etat de la sous-r\u00e9gion et de plusieurs autres personnalit\u00e9s invit\u00e9es.<br \/>Ce Sommet a permis de faire le bilan de la force conjointe du G5 Sahel. Les Chefs d\u2019Etat ont r\u00e9it\u00e9r\u00e9 leur appel \u00e0 la communaut\u00e9 internationale et au Conseil de s\u00e9curit\u00e9 des Nations Unies pour un financement cons\u00e9quent, tout en rappelant leur d\u00e9termination \u00e0 poursuivre les efforts dans leurs pays respectifs.<\/p>\n<p>Au cours de cette session les Chefs d\u2019Etat du G5 Sahel ont d\u00e9sign\u00e9 Son Excellence Monsieur, le Marechal Idriss DEBY ITNO, Pr\u00e9sident de la R\u00e9publique du Tchad comme Pr\u00e9sident en exercice du G5 Sahel et ont d\u00e9cid\u00e9 de la tenue prochaine du Sommet ordinaire en f\u00e9vrier 2022 \u00e0 Bamako en r\u00e9publique du Mali.<br \/>II.2. Le ministre de la Sant\u00e9 a fait au Conseil le point de la situation \u00e9pid\u00e9miologique de la COVID-19 et de la pr\u00e9paration du Burkina Faso \u00e0 la riposte contre une \u00e9ventuelle \u00e9pid\u00e9mie de la maladie \u00e0 virus Ebola.<br \/>Sur la COVID-19, le ministre de la Sant\u00e9 a inform\u00e9 le Conseil de la poursuite des efforts de son d\u00e9partement et de tous les acteurs dans la lutte contre la maladie.<br \/>Le Conseil des ministres s\u2019est r\u00e9joui de la tendance \u00e0 la baisse des nouveaux cas et la diminution des d\u00e9c\u00e8s. Le gouvernement invite la population \u00e0 la discipline et \u00e0 la responsabilit\u00e9 pour limiter la transmission communautaire de la maladie \u00e0 Coronavirus.<br \/>Le ministre de la Sant\u00e9 a inform\u00e9 le Conseil de l\u2019existence d\u2019un Plan de pr\u00e9paration et de riposte \u00e0 une \u00e9ventuelle \u00e9pid\u00e9mie de la maladie \u00e0 virus Ebola cons\u00e9cutivement \u00e0 l\u2019apparition de cette maladie en R\u00e9publique de Guin\u00e9e.<br \/>II.3. Le ministre de l\u2019Education nationale, de l\u2019alphab\u00e9tisation et de la promotion des langues nationales a fait le point de la situation de la scolarisation des enfants des personnes d\u00e9plac\u00e9es internes (PDI).<br \/>Il a inform\u00e9 le Conseil de la situation des \u00e9coles ferm\u00e9es pour cause d\u2019ins\u00e9curit\u00e9 et a indiqu\u00e9 que 104\u00a0000 enfants des personnes d\u00e9plac\u00e9es internes ont repris le chemin de l\u2019\u00e9cole.<\/p>\n<p><strong>III. NOMINATIONS<\/strong><\/p>\n<p><strong>III.1. NOMINATIONS DANS LES FONCTIONS INDIVIDUELLES<\/strong><\/p>\n<p><strong>AU TITRE DE LA PRESIDENCE DU FASO<\/strong><br \/>Pour le compte du ministre d\u2019Etat charg\u00e9 de la R\u00e9conciliation nationale et de la coh\u00e9sion sociale\u00a0:<br \/>Monsieur D\u00e9sir\u00e9 Boniface SOME, Mle 49\u00a0034 N, Enseignant chercheur, cat\u00e9gorie P, 3\u00e8me \u00e9chelon, est nomm\u00e9 Conseiller technique ;<br \/>Monsieur Mamadou TRAORE, Mle 258\u00a0322 Z, Attach\u00e9 de recherche, cat\u00e9gorie P, 4\u00e8me \u00e9chelon est nomm\u00e9 Conseiller technique.<br \/>Pour le compte du Secr\u00e9tariat permanent du Conseil national de lutte contre le SIDA et les infections sexuellement transmissibles\u00a0(SP\/CNLS-IST) :<br \/>Monsieur Salam DERME, Mle 91\u00a0429 Z, Pharmacien sp\u00e9cialiste, charg\u00e9 de programmes, 1\u00e8re classe, 5\u00e8me \u00e9chelon est nomm\u00e9 Chef de d\u00e9partement charg\u00e9 du secteur sant\u00e9.<\/p>\n<p><strong>AU TITRE DU MINISTERE DE LA DEFENSE NATIONALE ET DES ANCIENS COMBATTANTS<\/strong><br \/>Monsieur Dominique ZOURE, M\u00e9decin-colonel-Major, est nomm\u00e9 Directeur g\u00e9n\u00e9ral de la Caisse d\u2019assurance maladie des Arm\u00e9es (CAMA).<\/p>\n<p><strong>AU TITRE DU MINISTERE DE L\u2019ADMINISTRATION TERRITORIALE ET DE LA DECENTRALISATION<\/strong><br \/>Monsieur Koalasso Socrat\u00e8s Yannick BASSOLE, Officier, est nomm\u00e9 Directeur de l\u2019administration et des finances de l\u2019Institut sup\u00e9rieur d\u2019\u00e9tudes de protection civile (ISEPC).<\/p>\n<p><strong>AU TITRE DU MINISTERE DE LA SECURITE<\/strong><br \/>Monsieur Abdoulaye SIDIBE, Mle 24\u00a0550 P, Commissaire principal de Police, cat\u00e9gorie I, 2\u00e8me classe, 4\u00e8me \u00e9chelon, est nomm\u00e9 Directeur r\u00e9gional de la police nationale de la Boucle du Mouhoun\u00a0;<br \/>Monsieur Augustin COULDIATI, Mle 24\u00a0367 S, Commissaire divisionnaire de Police, cat\u00e9gorie I, 3\u00e8me classe, 2\u00e8me \u00e9chelon, est nomm\u00e9 Directeur r\u00e9gional de la police nationale des Cascades\u00a0;<br \/>Monsieur Ardjouma KARAMA, Mle 111\u00a0491 M, Commissaire de Police, cat\u00e9gorie I, 3\u00e8me \u00e9chelon, est nomm\u00e9 Directeur r\u00e9gional de la police nationale des Hauts-Bassins\u00a0;<br \/>Monsieur Konlar\u00e8 Sadock HIEN, Mle 46\u00a0696 D, Commissaire de Police, cat\u00e9gorie I, grade 1, 4\u00e8me \u00e9chelon, est nomm\u00e9 Directeur provincial de la Police nationale de la L\u00e9raba;<br \/>Monsieur Salifou HASSAN, Mle 101\u00a0283 P, Commissaire de Police, cat\u00e9gorie I, grade 1, 2\u00e8me \u00e9chelon, est nomm\u00e9 Directeur provincial de la Police nationale du Nayala\u00a0;<br \/>Monsieur Wahabou BAGUIYAN, Mle 46\u00a0820 J, Commissaire de Police, cat\u00e9gorie I, grade 1, 3\u00e8me \u00e9chelon, est nomm\u00e9 Directeur provincial de la Police nationale du Soum.<\/p>\n<p><strong>AU TITRE DU MINISTERE DES AFFAIRES ETRANGERES, DE LA COOPERATION, DE L\u2019INTEGRATION AFRICAINE ET DES BURKINABE DE L\u2019EXTERIEUR<\/strong><br \/>Madame Mariam KIRAKOYA\/DIANDA, Mle 46\u00a0253 S, Inspecteur du tr\u00e9sor, 1\u00e8re classe, 9\u00e8me \u00e9chelon, est nomm\u00e9 Tr\u00e9sorier aupr\u00e8s de l\u2019Ambassade du Burkina Faso \u00e0 Rabat ;<br \/>Monsieur Evariste PARKOUDA, Mle 51\u00a0209 D, Inspecteur du tr\u00e9sor, 1\u00e8re classe, 9\u00e8me \u00e9chelon, est nomm\u00e9 Tr\u00e9sorier aupr\u00e8s de l\u2019Ambassade du Burkina Faso au Saint-Si\u00e8ge (Vatican) ;<br \/>Monsieur Lassan\u00e9 COMPAORE, Mle 52\u00a0176 G, Inspecteur du tr\u00e9sor, 1\u00e8re classe, 12\u00e8me \u00e9chelon, est nomm\u00e9 Tr\u00e9sorier aupr\u00e8s de l\u2019Ambassade du Burkina Faso \u00e0 Accra R\u00e9publique du Ghana.<\/p>\n<p><strong>AU TITRE DU MINISTERE DE L\u2019ECONOMIE, DES FINANCES ET DU DEVELOPPEMENT<\/strong><br \/>Monsieur Baorimsom F\u00e9lix NABALOUM, Mle 109\u00a0413 X, Commissaire de police, 1\u00e8re classe, 1er \u00e9chelon, est nomm\u00e9 Comptable principal des mati\u00e8res pour le compte\u00a0du minist\u00e8re de la S\u00e9curit\u00e9\u00a0;<br \/>Monsieur Maboudou KEKELE, Mle 46\u00a0224 Y, Inspecteur du tr\u00e9sor, 1\u00e8re classe, 9\u00e8me \u00e9chelon, est nomm\u00e9 Tr\u00e9sorier r\u00e9gional du Centre-Ouest\u00a0;<br \/>Monsieur Siaka SORY, Mle 208\u00a0037 T, Inspecteur du tr\u00e9sor, 1\u00e8re classe, 5\u00e8me \u00e9chelon, est nomm\u00e9 Tr\u00e9sorier r\u00e9gional des Cascades\u00a0;<br \/>Monsieur Nebwaoga Casimir KABORE, Mle 78\u00a0685 X, Economiste, 1\u00e8re classe, 10\u00e8me \u00e9chelon, est nomm\u00e9 Coordonnateur du Bureau d\u2019analyse et des \u00e9tudes strat\u00e9giques\u00a0;<br \/>Monsieur Anselme Jean Fran\u00e7ois SOME, Mle 4\u00a0266, Agent d\u2019encadrement \u00e0 l\u2019Agence principale de Ouagadougou, est nomm\u00e9 Membre de la Cellule nationale de traitement des informations financi\u00e8res (CENTIF) et Secr\u00e9taire g\u00e9n\u00e9ral de la CENTIF\u00a0;<br \/>Monsieur Cheik Hamed DOUSSA, Mle 217\u00a0563 T, Commissaire principal de police, 2\u00e8me classe, 2\u00e8me \u00e9chelon est nomm\u00e9 Membre de la Cellule nationale de traitement des informations financi\u00e8res (CENTIF), Chef de d\u00e9partement des Activit\u00e9s op\u00e9rationnelles et de l\u2019information\u00a0;<br \/>Monsieur Lamoussa Barthelemy OUEDRAOGO, Mle 212\u00a0209 D, Conseiller des affaires \u00e9conomiques, 1\u00e8re classe, 3\u00e8me \u00e9chelon, est nomm\u00e9 Chef de d\u00e9partement de mise en \u0153uvre de la norme ITIE (DMO-ITIE).<\/p>\n<p><strong>AU TITRE DU MINISTERE DE L\u2019ENSEIGNEMENT SUPERIEUR, DE LA RECHERCHE SCIENTIFIQUE ET DE L\u2019INNOVATION<\/strong><br \/>Madame Genevi\u00e8ve KABRE\/BARRO, Mle 54\u00a0464 A, Ma\u00eetre de conf\u00e9rences en math\u00e9matiques appliqu\u00e9es\/analyse num\u00e9rique \u00e0 l\u2019Unit\u00e9 de formation et de recherche en sciences \u00e9conomiques et de gestion (UFR\/SEG), est nomm\u00e9e Professeur titulaire en math\u00e9matiques\u00a0: math\u00e9matiques appliqu\u00e9es (mod\u00e9lisation et analyse num\u00e9rique) \u00e0 l\u2019Universit\u00e9 Thomas SANKARA, pour compter du 09 octobre 2020\u00a0;<br \/>Monsieur Kimseyinga SAWADOGO, Mle 26\u00a0218 E, Ma\u00eetre de conf\u00e9rences en Economie \u00e0 l\u2019Unit\u00e9 de formation et de recherche en sciences \u00e9conomiques et de gestion (UFR\/SEG), est nomm\u00e9 Professeur titulaire en Econom\u00e9trie \u00e0 l\u2019Universit\u00e9 Thomas SANKARA, pour compter du 09 octobre 2020\u00a0;<br \/>Monsieur Abdoulaye SOMA, Mle 214\u00a0996 S, Ma\u00eetre de conf\u00e9rences en droit public \u00e0 l\u2019Unit\u00e9 de formation et de recherche en sciences juridiques et politiques (UFR\/SJP), est nomm\u00e9 Professeur titulaire en droit public \u00e0 l\u2019Universit\u00e9 Thomas SANKARA, pour compter du 09 octobre 2020\u00a0;<br \/>Monsieur Kassoum TARNAGDA, Mle 118\u00a0966 V, Administrateur civil, 1\u00e8re classe, 6\u00e8me \u00e9chelon, est nomm\u00e9 Secr\u00e9taire g\u00e9n\u00e9ral du Centre national de la recherche scientifique et technologique (CNRST)\u00a0;<br \/>Monsieur Kamba Andr\u00e9-Marie SOUBEIGA, Mle 41\u00a0179 U, Professeur titulaire, cat\u00e9gorie P3, 1er \u00e9chelon, est nomm\u00e9 Pr\u00e9sident de l\u2019Universit\u00e9 de Ouahigouya\u00a0;<br \/>Monsieur S\u00e9bastien YOUGBARE, Mle 231\u00a0915 F, Ma\u00eetre de conf\u00e9rences en psychologie clinique et psychopathologie, cat\u00e9gorie P, 1er \u00e9chelon, est nomm\u00e9 Directeur g\u00e9n\u00e9ral du Centre national des \u0153uvres universitaires (CENOU).<\/p>\n<p><strong>AU TITRE DU MINISTERE DE LA FEMME, DE LA SOLIDARITE NATIONALE, DE LA FAMILLE ET DE L\u2019ACTION HUMANITAIRE<\/strong><br \/>Monsieur S\u00e9bastien OUEDRAOGO, Mle 92\u00a0495 A, Inspecteur d\u2019\u00e9ducation sp\u00e9cialis\u00e9e, 1\u00e8re classe, 4\u00e8me \u00e9chelon, est nomm\u00e9 Directeur g\u00e9n\u00e9ral de la Maison de l\u2019enfance Andr\u00e9 Dupont de Orodara (MEADO).<\/p>\n<p><strong>AU TITRE DU MINISTERE DE LA COMMUNICATION ET DES RELATIONS AVEC LE PARLEMENT<\/strong><br \/>Monsieur Jean No\u00ebl BONKOUNGOU, Mle 360\u00a0556 K, Attach\u00e9 en \u00e9tude et analyse, est nomm\u00e9 Directeur de Cabinet\u00a0;<br \/>Monsieur Rabankhi Abou-B\u00e2kr ZIDA, Mle 78\u00a0668 Y, Conseiller en sciences et techniques de l\u2019information et de la communication, 1\u00e8re classe, 7\u00e8me \u00e9chelon, est nomm\u00e9 Secr\u00e9taire g\u00e9n\u00e9ral\u00a0;<br \/>Madame Yolande KALWOULE, Mle 91\u00a0104 U, Journaliste, 1\u00e8re classe, 7\u00e8me \u00e9chelon, est nomm\u00e9e Directrice g\u00e9n\u00e9rale des m\u00e9dias\u00a0;<br \/>Madame Fatoumata SAGNON, Mle 238\u00a0021 M, Conseiller en gestion des ressources humaines, 1\u00e8re classe, 4\u00e8me \u00e9chelon est nomm\u00e9e Directrice des ressources humaines.<\/p>\n<p><strong>AU TITRE DU MINISTERE DE L\u2019AGRICULTURE, DES AMENAGEMENTS HYDRO-AGRICOLES ET DE LA MECANISATIO<\/strong>N<br \/>Monsieur Dominique LOMPO, Mle 214\u00a0354 G, Ing\u00e9nieur d\u2019agriculture, Option\u00a0: vulgarisation agricole, 1\u00e8re classe, 2\u00e8me \u00e9chelon, est nomm\u00e9 Directeur provincial de l\u2019Agriculture et des am\u00e9nagements hydro-agricoles du Mouhoun.<\/p>\n<p><strong>AU TITRE DU MINISTERE DE L\u2019INDUSTRIE, DU COMMERCE ET DE L\u2019ARTISANAT<\/strong><br \/>Monsieur Gu\u00e9swind\u00e9 Augustin BAMBARA, Juriste, est nomm\u00e9 Directeur de Cabinet\u00a0;<br \/>Madame Mariam TRAORE\/OUEDRAOGO, Mle 224\u00a0676 N, Attach\u00e9e en \u00e9tudes et analyses, 1\u00e8re classe 4\u00e8me \u00e9chelon, est nomm\u00e9e Responsable du programme budg\u00e9taire secteur priv\u00e9\u00a0cumulativement avec ses fonctions de Directrice g\u00e9n\u00e9rale de la promotion de l\u2019entreprise ;<br \/>Monsieur Seydou ILBOUDO, Mle 119 818 S, Conseiller des affaires \u00e9conomiques, 1\u00e8re classe, 6\u00e8me \u00e9chelon, est nomm\u00e9 Responsable du programme budg\u00e9taire\u00a0commerce cumulativement avec ses fonctions de Directeur g\u00e9n\u00e9ral du commerce ;<br \/>Monsieur Sa Sylvanus TRAORE, Mle 2\u00a0318\u00a0921 D, Ing\u00e9nieur du d\u00e9veloppement rural, 2\u00e8me grade, 13\u00e8me \u00e9chelon, est nomm\u00e9 Responsable du programme industrie cumulativement avec ses fonctions de Directeur g\u00e9n\u00e9ral du d\u00e9veloppement industriel ;<br \/>Monsieur Moumouni DOULKOUM, Mle 91\u00a0974 Z, Conseiller des affaires \u00e9conomiques, 1\u00e8re classe, 4\u00e8me \u00e9chelon, est nomm\u00e9 Directeur g\u00e9n\u00e9ral de la r\u00e8glementation et du contr\u00f4le des prix ;<br \/>Monsieur Kora Bertrand AVERIBOU, Mle 303\u00a0458 A, Conseiller des affaires \u00e9conomiques, 1\u00e8re classe, 2\u00e8me \u00e9chelon, est nomm\u00e9 Directeur de la r\u00e8glementation et du contentieux ;<br \/>Monsieur Abdoul-Aziz SANA, Mle 119\u00a0326 X, Administrateur des services financiers, 1\u00e8re classe, 7\u00e8me \u00e9chelon, est nomm\u00e9 Secr\u00e9taire ex\u00e9cutif de l\u2019Agence de promotion de l\u2019expertise nationale (APEN).<\/p>\n<p><strong>AU TITRE DU MINISTERE DE LA JEUNESSE, DE LA PROMOTION DE L\u2019ENTREPRENEURIAT ET DE L\u2019EMPLOI<\/strong><br \/>Monsieur Soula\u00efmane ZOUNGRANA, Mle 25\u00a0860 A, Conseiller de Jeunesse et d\u2019\u00e9ducation permanente, 1\u00e8re classe, 12\u00e8me \u00e9chelon, est nomm\u00e9 Inspecteur technique des services.<\/p>\n<p><strong>AU TITRE DU MINISTERE DE L\u2019URBANISME, DE L\u2019HABITAT ET DE LA VILLE<\/strong><br \/>Monsieur Gaoussou TOU, Mle 208\u00a0039 C, Inspecteur du tr\u00e9sor, 1\u00e8re classe, 5\u00e8me \u00e9chelon, est nomm\u00e9 Inspecteur technique des services\u00a0;<br \/>Monsieur Franck Isma\u00ebl T\u00e9lesphore KABORE, Mle 343\u00a0577 Y, Conseiller des affaires \u00e9conomiques, 1\u00e8re classe, 1er \u00e9chelon, est nomm\u00e9 Charg\u00e9 d\u2019\u00e9tudes.<\/p>\n<p><strong>AU TITRE DU MINISTERE DES SPORTS ET DES LOISIRS<\/strong><br \/>Monsieur Mamadou DIALLO, Mle 50\u00a0365 E, Conseiller d\u2019administration scolaire et universitaire, 1\u00e8re classe, 5\u00e8me \u00e9chelon est nomm\u00e9 Directeur de Cabinet\u00a0;<br \/>Monsieur Alexandre Maurice OUEDRAOGO, Mle 28\u00a0140 P, Administrateur civil, 1\u00e8re classe, 10\u00e8me \u00e9chelon, est nomm\u00e9 Charg\u00e9 de missions\u00a0;<br \/>Monsieur Relwind\u00e9 Jonas KAFANDO, Mle 202 701 S, Conseiller en sciences et techniques de l\u2019information et de la communication, 1\u00e8re classe, 3\u00e8me \u00e9chelon, est nomm\u00e9 Directeur de la communication et de la presse minist\u00e9rielle.<\/p>\n<p><strong>III.2. NOMINATION DANS LES CONSEILS D\u2019ADMINISTRATION<\/strong><br \/>Le Conseil a proc\u00e9d\u00e9 \u00e0 la nomination d\u2019Administrateurs et d\u2019un Pr\u00e9sident aux Conseils d\u2019administration\u00a0:<br \/>de l\u2019Institut national de formation en travail social (INFTS) au titre du minist\u00e8re de la Femme, de la solidarit\u00e9 nationale, de la famille et de l\u2019action humanitaire\u00a0;<br \/>de la Soci\u00e9t\u00e9 nationale de l\u2019am\u00e9nagement des terres et de l\u2019\u00e9quipement rural (SONATER) au titre du minist\u00e8re de l\u2019Agriculture, des am\u00e9nagements hydro-agricoles et de la m\u00e9canisation\u00a0;<br \/>de l\u2019Agence de conseil et de ma\u00eetrise d\u2019ouvrage D\u00e9l\u00e9gu\u00e9 en b\u00e2timent et am\u00e9nagement urbain (ACOMOD-BURKINA) au titre du minist\u00e8re de l\u2019Urbanisme, de l\u2019habitat et de la ville.<\/p>\n<p>La liste de ces nominations sera publi\u00e9e dans le Journal Officiel du Burkina Faso.<\/p>\n<p class=\"c1\"><strong>Le Ministre de la Communication et<\/strong><br \/><strong>des Relations avec le Parlement,<\/strong><br \/><strong>Porte-parole du gouvernement<\/strong><\/p>\n<p class=\"c1\"><strong>Ouss\u00e9ni TAMBOURA<\/strong><br \/><strong>Officier de l\u2019Ordre national<\/strong><\/p>\n<div class=\"td-a-rec td-a-rec-id-content_bottom tdi_33_a76 td_block_template_1\">\n<p><img loading=\"lazy\" decoding=\"async\" class=\"aligncenter size-full wp-image-27454\" src=\"https:\/\/www.sidwaya.info\/wp-content\/uploads\/2020\/10\/PUB-Bandeau-paiement-mobile-siteweb.jpg\" alt=\"\" width=\"728\" height=\"90\"\/><\/div>\n<p>Auteur: BM. Sidwaya<br \/>\n<a href=\"https:\/\/www.sidwaya.info\/blog\/2021\/02\/17\/conseil-des-ministres-du-17-02-2021\/\">Cliquez ici pour lire l&rsquo;article depuis sa source.<\/a><\/p>\n","protected":false},"excerpt":{"rendered":"<p>Le Conseil des ministres s\u2019est tenu \u00e0 Ouagadougou, le mercredi 17 f\u00e9vrier 2021, en s\u00e9ance ordinaire, de 09 H 00 mn \u00e0 13 H 05 mn, sous la pr\u00e9sidence de Son Excellence Monsieur Roch Marc Christian KABORE, Pr\u00e9sident du Faso, Pr\u00e9sident du Conseil des ministres. Il a d\u00e9lib\u00e9r\u00e9 sur les dossiers inscrits \u00e0 son ordre [&hellip;]<\/p>\n","protected":false},"author":1816,"featured_media":0,"comment_status":"closed","ping_status":"closed","sticky":false,"template":"","format":"standard","meta":{"fifu_image_url":"https:\/\/www.sidwaya.info\/wp-content\/uploads\/2021\/02\/amoirie-696x464.jpg","fifu_image_alt":"Conseil des ministres du 17-02-2021","footnotes":""},"categories":[73,81],"tags":[],"class_list":["post-111501","post","type-post","status-publish","format-standard","hentry","category-actualite","category-burkina-faso"],"_links":{"self":[{"href":"https:\/\/linitiative.ca\/International\/wp-json\/wp\/v2\/posts\/111501","targetHints":{"allow":["GET"]}}],"collection":[{"href":"https:\/\/linitiative.ca\/International\/wp-json\/wp\/v2\/posts"}],"about":[{"href":"https:\/\/linitiative.ca\/International\/wp-json\/wp\/v2\/types\/post"}],"author":[{"embeddable":true,"href":"https:\/\/linitiative.ca\/International\/wp-json\/wp\/v2\/users\/1816"}],"replies":[{"embeddable":true,"href":"https:\/\/linitiative.ca\/International\/wp-json\/wp\/v2\/comments?post=111501"}],"version-history":[{"count":0,"href":"https:\/\/linitiative.ca\/International\/wp-json\/wp\/v2\/posts\/111501\/revisions"}],"wp:attachment":[{"href":"https:\/\/linitiative.ca\/International\/wp-json\/wp\/v2\/media?parent=111501"}],"wp:term":[{"taxonomy":"category","embeddable":true,"href":"https:\/\/linitiative.ca\/International\/wp-json\/wp\/v2\/categories?post=111501"},{"taxonomy":"post_tag","embeddable":true,"href":"https:\/\/linitiative.ca\/International\/wp-json\/wp\/v2\/tags?post=111501"}],"curies":[{"name":"wp","href":"https:\/\/api.w.org\/{rel}","templated":true}]}}