{"id":111505,"date":"2021-02-17T16:18:02","date_gmt":"2021-02-17T21:18:02","guid":{"rendered":"https:\/\/linitiative.ca\/International\/metro-dabidjan-reprise-des-consultations-avec-les-personnes-impactees\/"},"modified":"2021-02-17T16:18:02","modified_gmt":"2021-02-17T21:18:02","slug":"metro-dabidjan-reprise-des-consultations-avec-les-personnes-impactees","status":"publish","type":"post","link":"https:\/\/linitiative.ca\/International\/metro-dabidjan-reprise-des-consultations-avec-les-personnes-impactees\/","title":{"rendered":"M\u00e9tro d\u2019Abidjan: reprise des consultations avec les personnes impact\u00e9es"},"content":{"rendered":"<div readability=\"32\">\n<p>Publi\u00e9 le 17.02.2021 \u00e0 22h18 par APA News<\/p>\n<\/div>\n<div readability=\"126\">\n<p>Les s\u00e9ances de consultations publiques concernant le projet de la ligne 1 du Metro d\u2019Abidjan ont repris avec les personnes impact\u00e9es de la commune d\u2019Anyama (Nord Abidjan), selon une note officielle transmise.<\/p>\n<p>La Cellule d\u2019ex\u00e9cution du Plan d\u2019Action de R\u00e9installation (CE-PAR), a dans le cadre de la reprise de ses activit\u00e9s, sous l\u2019autorit\u00e9 du Comit\u00e9 de Suivi (CS-PAR), rencontr\u00e9 lundi les personnes affect\u00e9es par le projet de la ligne 1 du m\u00e9tro d\u2019Abidjan, rapporte cette note re\u00e7ue, mercredi \u00e0 APA.\u00a0<\/p>\n<p>La consultation a notamment pour objectif de vulgariser les \u00e9tapes du processus d\u2019indemnisation et faire conna\u00eetre aux personnes affect\u00e9es par le projet leurs droits dans la mise en \u0153uvre du Plan d\u2019Action de R\u00e9installation.\u00a0<\/p>\n<p>Cette s\u00e9ance visait en outre \u00e0 favoriser les discussions entre les populations et les gestionnaires de la CE-PAR et \u00e0 cr\u00e9er un climat de confiance et de coop\u00e9ration.<\/p>\n<p>M. Michel Dogoua, le chef de la CE-PAR, qui conduisait la d\u00e9l\u00e9gation a rassur\u00e9 les \u00a0parties compos\u00e9es des autorit\u00e9s municipales, de populations impact\u00e9es et autres personnes venues s\u2019informer sur l\u2019avancement et l\u2019effectivit\u00e9 du projet. \u00a0<\/p>\n<p>\u00ab\u00a0Le m\u00e9tro est une r\u00e9alit\u00e9. Nous avons marqu\u00e9 un arr\u00eat, parce qu\u2019il y avait des \u00e9tudes d\u2019actualisation du PAR initial et des \u00e9tudes du PAR compl\u00e9mentaires \u00e0 faire. Les \u00e9tudes sont finies et le gouvernement nous a donn\u00e9 l\u2019autorisation de reprendre l\u2019activit\u00e9\u00a0\u00bb, a d\u00e9clar\u00e9 M. Dogoua.\u00a0<\/p>\n<p>Il a ajout\u00e9 que toutes les personnes impact\u00e9es seront prises en compte sans exception. Pour la commune d\u2019Anyama, l\u2019effectif des PAPs est de 711, selon les r\u00e9sultats du PAR actualis\u00e9 (2017-2018) et le PAR compl\u00e9mentaire (2019).\u00a0<\/p>\n<p>Ces PAPs sont r\u00e9parties en plusieurs cat\u00e9gories: chef de m\u00e9nage r\u00e9sident propri\u00e9taire de b\u00e2tis, chef de m\u00e9nage r\u00e9sident locataire, chef de m\u00e9nage r\u00e9sident h\u00e9berger-gratuit.<\/p>\n<p>Ils visent \u00e9galement les g\u00e9rants d\u2019activit\u00e9s \u00e9conomiques, g\u00e9rants d\u2019infrastructures et \u00e9quipements, propri\u00e9taires de b\u00e2tis non-r\u00e9sident, propri\u00e9taires d\u2019entreprise industrielle, propri\u00e9taires de culture, employ\u00e9s, propri\u00e9taires foncier. \u00a0 \u00a0<\/p>\n<p>Au cours des \u00e9changes, la CE-PAR a \u00e9voqu\u00e9 la liste officielle des personnes affect\u00e9es, les bar\u00e8mes d\u2019indemnisation, les \u00e9tapes du processus d\u2019indemnisation, le calendrier de mise en \u0153uvre du PAR et le m\u00e9canisme de gestion des plaintes.\u00a0<\/p>\n<p>Apr\u00e8s ces consultations publiques, dira-t-il, suivront les consultations individuelles et la signature des actes de compensations avec les PAPs \u00e0 partir de mars 2021 avec les documents justificatifs.\u00a0<\/p>\n<p>Les valeurs d\u2019indemnisations sont issues des \u00e9tudes du PAR actualis\u00e9 et PAR compl\u00e9mentaire r\u00e9alis\u00e9es par le Cabinet international d\u2019ing\u00e9nierie et de conseils (CIIC), a-t-il not\u00e9, soulignant qu\u2019apr\u00e8s le paiement des indemnisations suivra l\u2019\u00e9tape de lib\u00e9ration des emprises.\u00a0<\/p>\n<p>La rencontre d\u2019Anyama est la premi\u00e8re \u00e9tape d\u2019une tourn\u00e9e de s\u00e9ances de consultations publiques qui se tiendront du 15 au 24 f\u00e9vrier 2021 dans les sept communes travers\u00e9es par la Ligne 1 du M\u00e9tro d\u2019Abidjan, \u00e0 savoir Anyama, Abobo, Adjam\u00e9, Plateau, Treichville, Marcory et Port-Bou\u00ebt.\u00a0<\/p>\n<p>Ce sont plus de 8000 personnes qui sont concern\u00e9es par ces s\u00e9ances. La ligne 1 du m\u00e9tro d\u2019Abidjan est longue de 37,4 km du Nord au Sud et comprend deux voies, 18 stations, 21 ponts rails et routes,1 pont viaduc sur la lagune Ebri\u00e9. Le trafic attendu \u00e0 terme est de 540 000 passagers par jour.<\/p>\n<\/div>\n<p>Auteur: APA News<br \/>\n<a href=\"https:\/\/www.journalducameroun.com\/metro-dabidjan-reprise-des-consultations-avec-les-personnes-impactees\/\">Cliquez ici pour lire l&rsquo;article depuis sa source.<\/a><\/p>\n","protected":false},"excerpt":{"rendered":"<p>Publi\u00e9 le 17.02.2021 \u00e0 22h18 par APA News Les s\u00e9ances de consultations publiques concernant le projet de la ligne 1 du Metro d\u2019Abidjan ont repris avec les personnes impact\u00e9es de la commune d\u2019Anyama (Nord Abidjan), selon une note officielle transmise. La Cellule d\u2019ex\u00e9cution du Plan d\u2019Action de R\u00e9installation (CE-PAR), a dans le cadre de la [&hellip;]<\/p>\n","protected":false},"author":1965,"featured_media":0,"comment_status":"closed","ping_status":"closed","sticky":false,"template":"","format":"standard","meta":{"fifu_image_url":"","fifu_image_alt":"","footnotes":""},"categories":[73,82],"tags":[],"class_list":["post-111505","post","type-post","status-publish","format-standard","hentry","category-actualite","category-cameroun"],"_links":{"self":[{"href":"https:\/\/linitiative.ca\/International\/wp-json\/wp\/v2\/posts\/111505","targetHints":{"allow":["GET"]}}],"collection":[{"href":"https:\/\/linitiative.ca\/International\/wp-json\/wp\/v2\/posts"}],"about":[{"href":"https:\/\/linitiative.ca\/International\/wp-json\/wp\/v2\/types\/post"}],"author":[{"embeddable":true,"href":"https:\/\/linitiative.ca\/International\/wp-json\/wp\/v2\/users\/1965"}],"replies":[{"embeddable":true,"href":"https:\/\/linitiative.ca\/International\/wp-json\/wp\/v2\/comments?post=111505"}],"version-history":[{"count":0,"href":"https:\/\/linitiative.ca\/International\/wp-json\/wp\/v2\/posts\/111505\/revisions"}],"wp:attachment":[{"href":"https:\/\/linitiative.ca\/International\/wp-json\/wp\/v2\/media?parent=111505"}],"wp:term":[{"taxonomy":"category","embeddable":true,"href":"https:\/\/linitiative.ca\/International\/wp-json\/wp\/v2\/categories?post=111505"},{"taxonomy":"post_tag","embeddable":true,"href":"https:\/\/linitiative.ca\/International\/wp-json\/wp\/v2\/tags?post=111505"}],"curies":[{"name":"wp","href":"https:\/\/api.w.org\/{rel}","templated":true}]}}