{"id":111506,"date":"2021-02-17T17:18:02","date_gmt":"2021-02-17T22:18:02","guid":{"rendered":"https:\/\/linitiative.ca\/International\/cote-divoire-yacouba-dembele-nomme-dg-de-la-haca\/"},"modified":"2021-02-17T17:18:02","modified_gmt":"2021-02-17T22:18:02","slug":"cote-divoire-yacouba-dembele-nomme-dg-de-la-haca","status":"publish","type":"post","link":"https:\/\/linitiative.ca\/International\/cote-divoire-yacouba-dembele-nomme-dg-de-la-haca\/","title":{"rendered":"C\u00f4te d\u2019Ivoire : Yacouba Demb\u00e9l\u00e9 nomm\u00e9 DG de la HACA"},"content":{"rendered":"<div readability=\"32\">\n<p>Publi\u00e9 le 17.02.2021 \u00e0 23h18 par APA News<\/p>\n<\/div>\n<div readability=\"60\">\n<p>Yacouba Demb\u00e9l\u00e9 a \u00e9t\u00e9 nomm\u00e9 directeur g\u00e9n\u00e9ral de la Haute autorit\u00e9 de la communication audiovisuelle (HACA), a appris APA, mercredi, de bonne source dans la capitale \u00e9conomique ivoirienne, Abidjan.<\/p>\n<p>Selon cette source, ce poste d\u00e9sormais occup\u00e9 par l\u2019ex-pr\u00e9sident du Conseil de gestion du Fonds de soutien et d\u00e9veloppement de la presse (FSDP), M. Demb\u00e9l\u00e9, \u00e9tait vacant depuis la nomination \u00a0Me Ren\u00e9 Bourgoin le 29 janvier 2020 en qualit\u00e9 de Pr\u00e9sident de la HACA.<\/p>\n<p>Autorit\u00e9 administrative ind\u00e9pendante, la HACA est charg\u00e9e de la r\u00e9gulation de la communication audiovisuelle en C\u00f4te d\u2019Ivoire. Elle a entre autres pour missions d\u2019assurer le respect des principes du libre exercice de la communication audiovisuelle, de garantir et d\u2019assurer la libert\u00e9 et la protection de la communication audiovisuelle dans le respect de la loi.<\/p>\n<p>La HACA a \u00e9galement pour missions de veiller au respect de l\u2019\u00e9thique et de la d\u00e9ontologie en mati\u00e8re d\u2019information et de garantir l\u2019acc\u00e8s, le traitement \u00e9quitable des institutions de la R\u00e9publique, des partis politiques, des associations et des citoyens aux organes officiels d\u2019information et de communication.<\/p>\n<\/div>\n<p>Auteur: APA News<br \/>\n<a href=\"https:\/\/www.journalducameroun.com\/cote-divoire-yacouba-dembele-nomme-dg-de-la-haca\/\">Cliquez ici pour lire l&rsquo;article depuis sa source.<\/a><\/p>\n","protected":false},"excerpt":{"rendered":"<p>Publi\u00e9 le 17.02.2021 \u00e0 23h18 par APA News Yacouba Demb\u00e9l\u00e9 a \u00e9t\u00e9 nomm\u00e9 directeur g\u00e9n\u00e9ral de la Haute autorit\u00e9 de la communication audiovisuelle (HACA), a appris APA, mercredi, de bonne source dans la capitale \u00e9conomique ivoirienne, Abidjan. Selon cette source, ce poste d\u00e9sormais occup\u00e9 par l\u2019ex-pr\u00e9sident du Conseil de gestion du Fonds de soutien et [&hellip;]<\/p>\n","protected":false},"author":1965,"featured_media":0,"comment_status":"closed","ping_status":"closed","sticky":false,"template":"","format":"standard","meta":{"fifu_image_url":"","fifu_image_alt":"","footnotes":""},"categories":[73,82],"tags":[],"class_list":["post-111506","post","type-post","status-publish","format-standard","hentry","category-actualite","category-cameroun"],"_links":{"self":[{"href":"https:\/\/linitiative.ca\/International\/wp-json\/wp\/v2\/posts\/111506","targetHints":{"allow":["GET"]}}],"collection":[{"href":"https:\/\/linitiative.ca\/International\/wp-json\/wp\/v2\/posts"}],"about":[{"href":"https:\/\/linitiative.ca\/International\/wp-json\/wp\/v2\/types\/post"}],"author":[{"embeddable":true,"href":"https:\/\/linitiative.ca\/International\/wp-json\/wp\/v2\/users\/1965"}],"replies":[{"embeddable":true,"href":"https:\/\/linitiative.ca\/International\/wp-json\/wp\/v2\/comments?post=111506"}],"version-history":[{"count":0,"href":"https:\/\/linitiative.ca\/International\/wp-json\/wp\/v2\/posts\/111506\/revisions"}],"wp:attachment":[{"href":"https:\/\/linitiative.ca\/International\/wp-json\/wp\/v2\/media?parent=111506"}],"wp:term":[{"taxonomy":"category","embeddable":true,"href":"https:\/\/linitiative.ca\/International\/wp-json\/wp\/v2\/categories?post=111506"},{"taxonomy":"post_tag","embeddable":true,"href":"https:\/\/linitiative.ca\/International\/wp-json\/wp\/v2\/tags?post=111506"}],"curies":[{"name":"wp","href":"https:\/\/api.w.org\/{rel}","templated":true}]}}