{"id":111507,"date":"2021-02-17T17:18:03","date_gmt":"2021-02-17T22:18:03","guid":{"rendered":"https:\/\/linitiative.ca\/International\/legislatives-ivoiriennes-les-cartes-delecteurs-distribuees-du-20-au-27-fevrier\/"},"modified":"2021-02-17T17:18:03","modified_gmt":"2021-02-17T22:18:03","slug":"legislatives-ivoiriennes-les-cartes-delecteurs-distribuees-du-20-au-27-fevrier","status":"publish","type":"post","link":"https:\/\/linitiative.ca\/International\/legislatives-ivoiriennes-les-cartes-delecteurs-distribuees-du-20-au-27-fevrier\/","title":{"rendered":"L\u00e9gislatives ivoiriennes: les cartes d\u2019\u00e9lecteurs distribu\u00e9es du 20 au 27 f\u00e9vrier"},"content":{"rendered":"<div readability=\"32\">\n<p>Publi\u00e9 le 17.02.2021 \u00e0 23h18 par APA News<\/p>\n<\/div>\n<div readability=\"52\">\n<p>La p\u00e9riode de distribution des cartes d\u2019\u00e9lecteurs dans le cadre du scrutin l\u00e9gislatif ivoirien du 06 mars prochain est fix\u00e9e du 20 au 27 f\u00e9vrier 2021, a annonc\u00e9 la Commission \u00e9lectorale ind\u00e9pendante ( CEI, organe \u00e9lectoral) dans un communiqu\u00e9 transmis mercredi \u00e0 APA.<\/p>\n<p>\u00a0\u00ab La CEI informe l\u2019ensemble des \u00e9lecteurs ( les anciens et les nouveaux \u00e9lecteurs de 2020) qu\u2019elle proc\u00e9dera en pr\u00e9lude \u00e0 la tenue du scrutin l\u00e9gislatif du 06 mars 2021 \u00e0 la distribution des cartes d\u2019\u00e9lecteurs dans la p\u00e9riode du samedi 20 au samedi 27 f\u00e9vrier 2021 \u00bb, rapporte le communiqu\u00e9.<\/p>\n<p>Selon l\u2019institution \u00e9lectorale ivoirienne, cette distribution se fera au si\u00e8ge des commissions \u00e9lectorales locales ( CEL) dont la liste est consultable sur www.cei.ci \u00a0et sur l\u2019ensemble du territoire national.<\/p>\n<p>\u00a0La pi\u00e8ce exig\u00e9e pour le retrait de la carte d\u2019\u00e9lecteur est la carte nationale d\u2019identit\u00e9 ou l\u2019attestation d\u2019identit\u00e9 ou le certificat de nationalit\u00e9 ou le r\u00e9c\u00e9piss\u00e9 d\u2019enr\u00f4lement d\u00e9livr\u00e9 par l\u2019Office national de l\u2019\u00e9tat-civil et de l\u2019identification ( ONECI). Ce sont au total 255 si\u00e8ges qui sont \u00e0 pourvoir \u00e0 l\u2019Assembl\u00e9e nationale ivoirienne.<\/p>\n<\/div>\n<p>Auteur: APA News<br \/>\n<a href=\"https:\/\/www.journalducameroun.com\/legislatives-ivoiriennes-les-cartes-delecteurs-distribuees-du-20-au-27-fevrier\/\">Cliquez ici pour lire l&rsquo;article depuis sa source.<\/a><\/p>\n","protected":false},"excerpt":{"rendered":"<p>Publi\u00e9 le 17.02.2021 \u00e0 23h18 par APA News La p\u00e9riode de distribution des cartes d\u2019\u00e9lecteurs dans le cadre du scrutin l\u00e9gislatif ivoirien du 06 mars prochain est fix\u00e9e du 20 au 27 f\u00e9vrier 2021, a annonc\u00e9 la Commission \u00e9lectorale ind\u00e9pendante ( CEI, organe \u00e9lectoral) dans un communiqu\u00e9 transmis mercredi \u00e0 APA. \u00a0\u00ab La CEI informe [&hellip;]<\/p>\n","protected":false},"author":1965,"featured_media":0,"comment_status":"closed","ping_status":"closed","sticky":false,"template":"","format":"standard","meta":{"fifu_image_url":"","fifu_image_alt":"","footnotes":""},"categories":[73,82],"tags":[],"class_list":["post-111507","post","type-post","status-publish","format-standard","hentry","category-actualite","category-cameroun"],"_links":{"self":[{"href":"https:\/\/linitiative.ca\/International\/wp-json\/wp\/v2\/posts\/111507","targetHints":{"allow":["GET"]}}],"collection":[{"href":"https:\/\/linitiative.ca\/International\/wp-json\/wp\/v2\/posts"}],"about":[{"href":"https:\/\/linitiative.ca\/International\/wp-json\/wp\/v2\/types\/post"}],"author":[{"embeddable":true,"href":"https:\/\/linitiative.ca\/International\/wp-json\/wp\/v2\/users\/1965"}],"replies":[{"embeddable":true,"href":"https:\/\/linitiative.ca\/International\/wp-json\/wp\/v2\/comments?post=111507"}],"version-history":[{"count":0,"href":"https:\/\/linitiative.ca\/International\/wp-json\/wp\/v2\/posts\/111507\/revisions"}],"wp:attachment":[{"href":"https:\/\/linitiative.ca\/International\/wp-json\/wp\/v2\/media?parent=111507"}],"wp:term":[{"taxonomy":"category","embeddable":true,"href":"https:\/\/linitiative.ca\/International\/wp-json\/wp\/v2\/categories?post=111507"},{"taxonomy":"post_tag","embeddable":true,"href":"https:\/\/linitiative.ca\/International\/wp-json\/wp\/v2\/tags?post=111507"}],"curies":[{"name":"wp","href":"https:\/\/api.w.org\/{rel}","templated":true}]}}