{"id":111508,"date":"2021-02-17T17:18:04","date_gmt":"2021-02-17T22:18:04","guid":{"rendered":"https:\/\/linitiative.ca\/International\/covid-19-la-bm-accorde-un-pret-de-1635-milliards-fcfa-a-la-cote-divoire\/"},"modified":"2021-02-17T17:18:04","modified_gmt":"2021-02-17T22:18:04","slug":"covid-19-la-bm-accorde-un-pret-de-1635-milliards-fcfa-a-la-cote-divoire","status":"publish","type":"post","link":"https:\/\/linitiative.ca\/International\/covid-19-la-bm-accorde-un-pret-de-1635-milliards-fcfa-a-la-cote-divoire\/","title":{"rendered":"Covid-19: la BM  accorde un pr\u00eat de 163,5 milliards Fcfa \u00e0 la C\u00f4te d\u2019Ivoire"},"content":{"rendered":"<div readability=\"32\">\n<p>Publi\u00e9 le 17.02.2021 \u00e0 23h18 par APA News<\/p>\n<\/div>\n<div readability=\"93\">\n<p>La Banque mondiale a approuv\u00e9 mercredi un accord de pr\u00eat d\u2019un montant de 300 millions de dollars (163,5 milliards Fcfa) de l\u2019Association internationale de d\u00e9veloppement (IDA) en faveur de la C\u00f4te d\u2019Ivoire pour soutenir la riposte \u00e0 la Covid-19 et la relance du secteur priv\u00e9, selon un communiqu\u00e9 de l\u2019institution.<\/p>\n<p>Cet appui budg\u00e9taire vise \u00e0 \u00ab\u00a0soutenir des r\u00e9formes\u00a0\u00bb et promouvoir une reprise \u00e9conomique durable, en plus de renforcer les mesures d\u00e9j\u00e0 en place pour accompagner les m\u00e9nages, les entreprises impact\u00e9s par la pand\u00e9mie, et \u00e0 renforcer la transparence dans la gestion des finances publiques et des fonds d\u2019urgence Covid-19.<\/p>\n<p>\u00ab La pand\u00e9mie de Covid-19 continue d\u2019affecter des vies et l\u2019\u00e9conomie du pays. Cette op\u00e9ration vient renforcer le soutien de la Banque mondiale aux mesures de riposte entreprises par le gouvernement pour sauver des vies, venir en aide aux plus d\u00e9favoris\u00e9s et soutenir les entreprises \u00e0 faire face aux impacts de la crise \u00bb, a d\u00e9clar\u00e9 Coralie Gevers, directrice des op\u00e9rations de la Banque mondiale pour la C\u00f4te d\u2019Ivoire, le B\u00e9nin, la Guin\u00e9e et le Togo.<\/p>\n<p>\u00ab Cette op\u00e9ration soutient \u00e9galement les r\u00e9formes adopt\u00e9es par le gouvernement pour stimuler l\u2019investissement et ainsi contribuer \u00e0 une reprise des activit\u00e9s \u00e9conomiques et \u00e0 une croissance inclusive et durable \u00bb, a fait savoir la directrice des op\u00e9rations de la Banque mondiale pour la C\u00f4te d\u2019Ivoire.<\/p>\n<p>Ce fonds devrait notamment permettre de faire des reformes structurelles sur l\u2019acc\u00e8s au foncier avec la num\u00e9risation du syst\u00e8me foncier et l\u2019acc\u00e9l\u00e9ration de la proc\u00e9dure de d\u00e9livrance des Arr\u00eat\u00e9s de Concession D\u00e9finitive (ACD) ; des garanties de cr\u00e9dits aux PME \u00e0 travers la cr\u00e9ation d\u2019un Fonds de garantie de cr\u00e9dits aux petites et moyennes entreprises, avec l\u2019appui de la Soci\u00e9t\u00e9 financi\u00e8re internationale (IFC) ; la gestion transparente de la dette.<\/p>\n<p>En vue d\u2019aider les pays \u00e0 faible revenu et interm\u00e9diaire \u00e0 faire face aux cons\u00e9quences sanitaires, sociales et \u00e9conomiques de la pand\u00e9mie de Covid-19, la Banque a approuv\u00e9 une enveloppe de 12 milliards de dollars \u00a0pour aider les pays \u00e0 assurer l\u2019achat et la distribution de vaccins, de tests et de traitements anti-Covid et \u00e0 renforcer leurs syst\u00e8mes de vaccination.<\/p>\n<p>Ces financements s\u2019inscrivent dans le cadre plus large de la r\u00e9ponse d\u00e9ploy\u00e9e par le Groupe de la Banque mondiale face \u00e0 la pand\u00e9mie, qui aide actuellement plus de 100 pays \u00e0 renforcer leurs syst\u00e8mes de sant\u00e9, prot\u00e9ger les m\u00e9nages les plus pauvres et installer les conditions propices \u00e0 la pr\u00e9servation des moyens de subsistance et de l\u2019emploi pour les populations les plus durement touch\u00e9es.<\/p>\n<p>Fond\u00e9e en 1960, l\u2019Association internationale de d\u00e9veloppement (IDA) est l\u2019institution de la Banque mondiale qui aide les pays les plus pauvres de la plan\u00e8te. Elle accorde des dons et des pr\u00eats \u00e0 faible taux d\u2019int\u00e9r\u00eat ou sans int\u00e9r\u00eats en faveur de projets et de programmes de nature \u00e0 stimuler la croissance \u00e9conomique, \u00e0 r\u00e9duire la pauvret\u00e9 et \u00e0 am\u00e9liorer la vie des plus d\u00e9munis.<\/p>\n<p>L\u2019IDA figure parmi les principaux bailleurs de fonds des 76 pays les plus pauvres de la plan\u00e8te, dont 39 se trouvent en Afrique.<\/p>\n<\/div>\n<p>Auteur: APA News<br \/>\n<a href=\"https:\/\/www.journalducameroun.com\/covid-19-la-bm-accorde-un-pret-de-1635-milliards-fcfa-a-la-cote-divoire\/\">Cliquez ici pour lire l&rsquo;article depuis sa source.<\/a><\/p>\n","protected":false},"excerpt":{"rendered":"<p>Publi\u00e9 le 17.02.2021 \u00e0 23h18 par APA News La Banque mondiale a approuv\u00e9 mercredi un accord de pr\u00eat d\u2019un montant de 300 millions de dollars (163,5 milliards Fcfa) de l\u2019Association internationale de d\u00e9veloppement (IDA) en faveur de la C\u00f4te d\u2019Ivoire pour soutenir la riposte \u00e0 la Covid-19 et la relance du secteur priv\u00e9, selon un [&hellip;]<\/p>\n","protected":false},"author":1965,"featured_media":0,"comment_status":"closed","ping_status":"closed","sticky":false,"template":"","format":"standard","meta":{"fifu_image_url":"","fifu_image_alt":"","footnotes":""},"categories":[73,82],"tags":[],"class_list":["post-111508","post","type-post","status-publish","format-standard","hentry","category-actualite","category-cameroun"],"_links":{"self":[{"href":"https:\/\/linitiative.ca\/International\/wp-json\/wp\/v2\/posts\/111508","targetHints":{"allow":["GET"]}}],"collection":[{"href":"https:\/\/linitiative.ca\/International\/wp-json\/wp\/v2\/posts"}],"about":[{"href":"https:\/\/linitiative.ca\/International\/wp-json\/wp\/v2\/types\/post"}],"author":[{"embeddable":true,"href":"https:\/\/linitiative.ca\/International\/wp-json\/wp\/v2\/users\/1965"}],"replies":[{"embeddable":true,"href":"https:\/\/linitiative.ca\/International\/wp-json\/wp\/v2\/comments?post=111508"}],"version-history":[{"count":0,"href":"https:\/\/linitiative.ca\/International\/wp-json\/wp\/v2\/posts\/111508\/revisions"}],"wp:attachment":[{"href":"https:\/\/linitiative.ca\/International\/wp-json\/wp\/v2\/media?parent=111508"}],"wp:term":[{"taxonomy":"category","embeddable":true,"href":"https:\/\/linitiative.ca\/International\/wp-json\/wp\/v2\/categories?post=111508"},{"taxonomy":"post_tag","embeddable":true,"href":"https:\/\/linitiative.ca\/International\/wp-json\/wp\/v2\/tags?post=111508"}],"curies":[{"name":"wp","href":"https:\/\/api.w.org\/{rel}","templated":true}]}}