{"id":111512,"date":"2021-02-17T03:38:21","date_gmt":"2021-02-17T08:38:21","guid":{"rendered":"https:\/\/linitiative.ca\/International\/cacao-un-potentiel-economique-en-peril-dans-la-region-de-lest\/"},"modified":"2021-02-17T03:38:21","modified_gmt":"2021-02-17T08:38:21","slug":"cacao-un-potentiel-economique-en-peril-dans-la-region-de-lest","status":"publish","type":"post","link":"https:\/\/linitiative.ca\/International\/cacao-un-potentiel-economique-en-peril-dans-la-region-de-lest\/","title":{"rendered":"Cacao : un potentiel \u00e9conomique en p\u00e9ril dans la r\u00e9gion de l\u2019Est"},"content":{"rendered":"<p>La culture du cacao fait face \u00e0 plusieurs contraintes dans la r\u00e9gion de l\u2019Est qui impactent n\u00e9gativement sur le rendement. \u00ab\u00a0Etant fonctionnaire avec des salaires bas, j\u2019ai pens\u00e9 au cacao comme source alternative de revenu. C\u2019est dans cette optique qu\u2019avant ma retraite, j\u2019ai cr\u00e9\u00e9 un champ de pr\u00e8s de 5 hectares au quartier Koum\u00e9-Koffi \u00e0 Bertoua en 2008. Apr\u00e8s quelques ann\u00e9es, ma premi\u00e8re r\u00e9colte \u00e9tait d\u00e9cevante. Je n\u2019avais que r\u00e9colt\u00e9 2 sacs, soit 200 kilogrammes\u00a0\u00bb, se lamente Faustin Messing, fonctionnaire \u00e0 la retraite qui a voulu refaire sa vie dans la culture du cacao. Ce dernier pr\u00e9cise que, \u00ab\u00a0je me retrouve dans le cacao parce que mon p\u00e8re \u00e9tait un grand planteur \u00e0 Mayos dans l\u2019arrondissement d\u2019Angossas, d\u00e9partement du Haut-Nyong. En tant que chef du village, il organisait les planteurs. Quand les ZAPI-Est (Zone d\u2019Actions prioritaires int\u00e9gr\u00e9s) sont venues apr\u00e8s l\u2019ind\u00e9pendance, ils se sont install\u00e9s dans cette localit\u00e9 pour promouvoir l\u2019agriculture. C\u2019est ainsi que le cacao est devenu la principale culture de rente qui a permis \u00e0 nos parents de nous envoyer \u00e0 l\u2019\u00e9cole.<\/p>\n<p><strong>Lire aussi<\/strong> : <a href=\"https:\/\/ecomatin.net\/cacao-deux-nouveaux-centres-dexcellence-de-traitement-post-recolte-voient-le-jour\/\">Cacao : Deux nouveaux centres d\u2019excellence de traitement post-r\u00e9colte voient le jour<\/a><\/p>\n<p>Pour notre interlocuteur, au-del\u00e0 de ce faible taux de rendement enregistr\u00e9 dans son champ de 5 hectares, \u00ab\u00a0la d\u00e9gradation avanc\u00e9e de la route qui m\u00e8ne dans mon champ m\u2019a d\u00e9courag\u00e9 de continuer\u00a0puisque je ne pouvais pas \u00e9vacuer la production\u00bb. En plus, reconna\u00eet-il, \u00ab\u00a0un agronome avait aussi constat\u00e9 que j\u2019avais trop embrass\u00e9 en cr\u00e9ant 5 hectares de cacao alors que c\u2019est une culture qui n\u00e9cessite un suivi permanent des plantes\u00a0\u00bb. L\u2019exp\u00e9rience troublante de Faustin Messing est pratiquement celle des milliers de producteurs de cette sp\u00e9culation dans la r\u00e9gion de l\u2019Est. Selon un \u00e9tat des lieux de la fili\u00e8re dress\u00e9 par la D\u00e9l\u00e9gation r\u00e9gionale de l\u2019Agriculture et du d\u00e9veloppement rural (MINADER), \u00ab\u00a0malgr\u00e9 les atouts favorables \u00e0 la production du cacao \u00e0 savoir, climat et sols favorables, disponibilit\u00e9 des terres, situation g\u00e9ographique strat\u00e9gique (zones frontali\u00e8res), de nombreux fonctionnaires, travailleurs et d\u00e9plac\u00e9s internes du Nord-Ouest, Sud-Ouest et les r\u00e9fugi\u00e9s centrafricains qui sont en train d\u2019acqu\u00e9rir ces deux derni\u00e8res ann\u00e9es, des vastes \u00e9tendues de for\u00eats et s\u2019y investissent dans la culture du Cacao. Mais la production reste faible\u00a0\u00bb.<\/p>\n<p><strong>Lire aussi<\/strong> : <a href=\"https:\/\/ecomatin.net\/filiere-cacao-la-sodecao-a-pied-doeuvre-pour-une-relance-optimale\/\">Fili\u00e8re cacao : la Sodecao \u00e0 pied d\u2019\u0153uvre pour une relance optimale<\/a><\/p>\n<p>D\u2019apr\u00e8s les statistiques du MINADER, en 2019, environ 85 496 agriculteurs \u00e9taient engag\u00e9s dans la production du cacao sur une superficie de 95 240 hectares. A la fin de la campagne, seulement 41 550 tonnes ont \u00e9t\u00e9 r\u00e9colt\u00e9es. Pourtant selon les estimations des experts du MINADER, \u00ab\u00a0<em>un hectare du cacao bien cultiv\u00e9 doit produire 1000 kilogrammes du f\u00e8ve du cacao\u00a0comme c\u2019est le cas en C\u00f4te d\u2019Ivoire \u00bb.<\/em> En 2019 par cons\u00e9quent, les 95.240 hectares cultiv\u00e9s devraient produire environ 95,2 millions de tonnes au lieu de 41 550 tonnes. \u00ab\u00a0L\u2019objectif de 1000 Kg\/hectare envisag\u00e9 par les experts est difficilement attient. La production oscille seulement entre 400 et 500 kg\/hectare\u00a0\u00bb, explique un technicien en service \u00e0 la D\u00e9l\u00e9gation r\u00e9gionale de l\u2019\u2019Est.<\/p>\n<p><strong>Contraintes et faiblesses<\/strong><\/p>\n<p>A l\u2019origine de ce d\u00e9calage, de nombreuses contraintes et faiblesses sont observ\u00e9es dans la fili\u00e8re. Il s\u2019agit\u00a0 de l\u2019enclavement des bassins de production, de la faible connaissance et application des techniques culturales, de l\u2019insuffisances quantitative et qualitative des semences, de l\u2019origine douteuse des cabosses semenci\u00e8res, des attaques des maladies ravageurs et les feux de brousses incontr\u00f4l\u00e9s qui d\u00e9ciment les champs. En f\u00e9vrier 2016 par exemple, les plantations de plus de 200 cultivateurs du cacao avaient \u00e9t\u00e9 ravag\u00e9es par les feux de brousse pendant\u00a0 une longue s\u00e9cheresse \u00e0 Gbakombo, une grande zone de production agricole situ\u00e9e \u00e0 environ 10 kilom\u00e8tres de Bertoua. Ajout\u00e9 \u00e0 ces contraintes li\u00e9es \u00e0 la production, la fili\u00e8re cacao souffre d\u2019un autre fl\u00e9au au niveau de la commercialisation. Il s\u2019agit des acheteurs clandestins qui arrachent le produit aupr\u00e8s des producteurs appauvris \u00e0 vil prix.\u00a0\u00ab\u00a0Nous avons cr\u00e9\u00e9 les brigades mobiles dans les d\u00e9partements pr\u00e9sid\u00e9s par les Pr\u00e9fets pour veiller \u00e0 ce que la production ne se vende pas dans des circuits clandestins\u00a0\u00bb, rassure un responsable de la brigade de contr\u00f4le \u00e0 la d\u00e9l\u00e9gation r\u00e9gionale du Commerce. En fin de compte, l\u2019objectif du gouvernement de lutter contre la pauvret\u00e9 en milieu rural \u00e0 travers la promotion des cultures de rente comme le cacao n\u2019est toujours pas atteint.\u00a0\u00a0<\/p>\n<p><strong>Initiatives\u00a0<\/strong><\/p>\n<p>\u00a0Pour sauver la fili\u00e8re, le Projet d\u2019Appui au d\u00e9veloppement du cacao (PAD-CACAO) a \u00e9t\u00e9 cr\u00e9\u00e9. Par d\u00e9cision N<sup>o<\/sup> 00026 du 17 f\u00e9vrier 2020, le ministre de l\u2019Agriculture et\u00a0 du D\u00e9veloppement Rural a proc\u00e9d\u00e9 \u00e0 la restructuration des projets et programmes financ\u00e9s par le budget d\u2019investissement public (BIP) et le Fond de d\u00e9veloppement du caf\u00e9-cacao (FODECC). Ce nouveau projet se veut \u00eatre l\u2019un des outils op\u00e9rationnels du MINADER pour le d\u00e9veloppement de la cha\u00eene de valeur cacao au Cameroun. \u00ab\u00a0Nous travaillons pour augmenter la production quantitative et qualitative \u00e0 travers l\u2019accroissement des superficies, la limitation des pestes et la recherche des vari\u00e9t\u00e9s am\u00e9lior\u00e9es. Pour atteindre ces objectifs, nous avons actuellement plus de 40 p\u00e9pini\u00e8res dans les\u00a0 arrondissements de la r\u00e9gion. A c\u00f4t\u00e9 de cela, il y a aussi la soci\u00e9t\u00e9 de d\u00e9veloppement du cacao (SODECAO) et les p\u00e9pini\u00e9ristes form\u00e9s par le MINADER pour la production des plantes de qualit\u00e9\u00a0\u00bb, affirme Joseph Woumk\u00e9, coordonnateur du PAD-CACAO \u00e0 l\u2019Est. Il ajoute que, la sensibilisation des producteurs sur le respect des normes en mati\u00e8re de fermentation\u00a0 et s\u00e9chage ainsi que la structuration de la fili\u00e8re \u00e0 travers la cr\u00e9ation des coop\u00e9ratives des corps de m\u00e9tier (producteurs, transformateurs, transporteurs) sont les actions \u00e0 mener pour rentabiliser la fili\u00e8re cacao \u00e0 travers l\u2019augmentation de la production et la productivit\u00e9.<\/p>\n<p><strong>\u00ab\u00a0Il faut ouvrir les pistes de collecte dans les bassins de production\u00a0\u00bb<\/strong><\/p>\n<div class=\"wp-block-image\">\n<figure class=\"alignleft size-large is-resized\">\n<p><img loading=\"lazy\" decoding=\"async\" src=\"https:\/\/ecomatin.net\/wp-content\/uploads\/2021\/02\/Mboble-Dob2.jpg\" alt=\"\" class=\"wp-image-22520\" width=\"206\" height=\"193\" srcset=\"https:\/\/ecomatin.net\/wp-content\/uploads\/2021\/02\/Mboble-Dob2.jpg 311w, https:\/\/ecomatin.net\/wp-content\/uploads\/2021\/02\/Mboble-Dob2-300x281.jpg 300w\" sizes=\"auto, (max-width: 206px) 100vw, 206px\"\/><\/p>\n<\/figure>\n<\/div>\n<p class=\"has-text-align-center\"><strong>Mboble Dob,<\/strong> pr\u00e9sident r\u00e9gional de la plateforme nationale des organisations professionnelles agro-sylvo-pastorales et halieutiques du Cameroun<\/p>\n<p>La r\u00e9gion de l\u2019Est est compos\u00e9e en majorit\u00e9 de paysans et le minist\u00e8re de l\u2019Agriculture et du d\u00e9veloppement rural fait beaucoup pour le d\u00e9veloppement agricole. On citera sans \u00eatre exhaustif, les multiples projets et programmes tels que PCP-ACEFA, PCP-AFOP qui font des preuves sur le terrain. Et particuli\u00e8rement, la reformulation du Projet d\u2019appui au d\u00e9veloppement du cacao, seul projet qui a consult\u00e9 les producteurs pour une am\u00e9lioration du processus de sa mise \u0153uvre. Si les recommandations qui ont \u00e9t\u00e9 faites sont prises en compte notamment avec la cr\u00e9ation du guichet de producteurs, vous aurez amorc\u00e9 \u00e0 ce niveau, la victoire dans le processus de d\u00e9veloppement de la fili\u00e8re cacao, il ne restera plus que l\u2019\u00e9pineux probl\u00e8me de la cr\u00e9ation et de l\u2019ouverture des pistes de collecte dans les basins de production \u00e0 ne pas confondre avec les pistes rurales.<\/p>\n<p><strong>Martin FOULA<\/strong><\/p>\n<p><strong>Lire aussi<\/strong> : <a href=\"https:\/\/ecomatin.net\/campagne-cacaoyere-2019-2020-les-exportations-de-cacao-en-baisse-de-17-288-tonnes\/\">Campagne cacaoy\u00e8re 2019\/2020 : les exportations de cacao en baisse de 17 288 tonnes<\/a><\/p>\n<p>Auteur: EcoMatin<br \/>\n<a href=\"https:\/\/ecomatin.net\/cacao-un-potentiel-economique-en-peril-dans-la-region-de-lest\/\">Cliquez ici pour lire l&rsquo;article depuis sa source.<\/a><\/p>\n","protected":false},"excerpt":{"rendered":"<p>La culture du cacao fait face \u00e0 plusieurs contraintes dans la r\u00e9gion de l\u2019Est qui impactent n\u00e9gativement sur le rendement. \u00ab\u00a0Etant fonctionnaire avec des salaires bas, j\u2019ai pens\u00e9 au cacao comme source alternative de revenu. C\u2019est dans cette optique qu\u2019avant ma retraite, j\u2019ai cr\u00e9\u00e9 un champ de pr\u00e8s de 5 hectares au quartier Koum\u00e9-Koffi \u00e0 [&hellip;]<\/p>\n","protected":false},"author":1969,"featured_media":0,"comment_status":"closed","ping_status":"closed","sticky":false,"template":"","format":"standard","meta":{"fifu_image_url":"https:\/\/ecomatin.net\/wp-content\/uploads\/2021\/02\/Mboble-Dob2.jpg","fifu_image_alt":"Cacao : un potentiel \u00e9conomique en p\u00e9ril dans la r\u00e9gion de l\u2019Est","footnotes":""},"categories":[82,78],"tags":[],"class_list":["post-111512","post","type-post","status-publish","format-standard","hentry","category-cameroun","category-economie"],"_links":{"self":[{"href":"https:\/\/linitiative.ca\/International\/wp-json\/wp\/v2\/posts\/111512","targetHints":{"allow":["GET"]}}],"collection":[{"href":"https:\/\/linitiative.ca\/International\/wp-json\/wp\/v2\/posts"}],"about":[{"href":"https:\/\/linitiative.ca\/International\/wp-json\/wp\/v2\/types\/post"}],"author":[{"embeddable":true,"href":"https:\/\/linitiative.ca\/International\/wp-json\/wp\/v2\/users\/1969"}],"replies":[{"embeddable":true,"href":"https:\/\/linitiative.ca\/International\/wp-json\/wp\/v2\/comments?post=111512"}],"version-history":[{"count":0,"href":"https:\/\/linitiative.ca\/International\/wp-json\/wp\/v2\/posts\/111512\/revisions"}],"wp:attachment":[{"href":"https:\/\/linitiative.ca\/International\/wp-json\/wp\/v2\/media?parent=111512"}],"wp:term":[{"taxonomy":"category","embeddable":true,"href":"https:\/\/linitiative.ca\/International\/wp-json\/wp\/v2\/categories?post=111512"},{"taxonomy":"post_tag","embeddable":true,"href":"https:\/\/linitiative.ca\/International\/wp-json\/wp\/v2\/tags?post=111512"}],"curies":[{"name":"wp","href":"https:\/\/api.w.org\/{rel}","templated":true}]}}