{"id":111513,"date":"2021-02-17T03:46:57","date_gmt":"2021-02-17T08:46:57","guid":{"rendered":"https:\/\/linitiative.ca\/International\/communique-aux-administrateurs-et-actionnaires-de-la-smid-sa\/"},"modified":"2021-02-17T03:46:57","modified_gmt":"2021-02-17T08:46:57","slug":"communique-aux-administrateurs-et-actionnaires-de-la-smid-sa","status":"publish","type":"post","link":"https:\/\/linitiative.ca\/International\/communique-aux-administrateurs-et-actionnaires-de-la-smid-sa\/","title":{"rendered":"Communiqu\u00e9 aux administrateurs et actionnaires de la SMID SA"},"content":{"rendered":"<p>Au Cameroun, EcoMatin, Edit\u00e9 par la soci\u00e9t\u00e9 EICI, est le journal de r\u00e9f\u00e9rence sur l&rsquo;actualit\u00e9 et l&rsquo;analyses \u00e9conomiques et financi\u00e9res du Cameroun et de l&rsquo;Afrique Centrale. Nous sommes pr\u00e9sents sur trois supports: le quotidien en ligne ecomatin.net, le bihebdomadaire format tablo\u00efd en kiosque tous les lundis et les mercredis, les hors s\u00e9ries format magazine \u00e0 parution trimestrielle.<\/p>\n<p>Auteur: EcoMatin<br \/>\n<a href=\"https:\/\/ecomatin.net\/communique-aux-administrateurs-et-actionnaires-de-la-smid-sa\/\">Cliquez ici pour lire l&rsquo;article depuis sa source.<\/a><\/p>\n","protected":false},"excerpt":{"rendered":"<p>Au Cameroun, EcoMatin, Edit\u00e9 par la soci\u00e9t\u00e9 EICI, est le journal de r\u00e9f\u00e9rence sur l&rsquo;actualit\u00e9 et l&rsquo;analyses \u00e9conomiques et financi\u00e9res du Cameroun et de l&rsquo;Afrique Centrale. Nous sommes pr\u00e9sents sur trois supports: le quotidien en ligne ecomatin.net, le bihebdomadaire format tablo\u00efd en kiosque tous les lundis et les mercredis, les hors s\u00e9ries format magazine \u00e0 [&hellip;]<\/p>\n","protected":false},"author":1969,"featured_media":0,"comment_status":"closed","ping_status":"closed","sticky":false,"template":"","format":"standard","meta":{"fifu_image_url":"","fifu_image_alt":"","footnotes":""},"categories":[82,78],"tags":[],"class_list":["post-111513","post","type-post","status-publish","format-standard","hentry","category-cameroun","category-economie"],"_links":{"self":[{"href":"https:\/\/linitiative.ca\/International\/wp-json\/wp\/v2\/posts\/111513","targetHints":{"allow":["GET"]}}],"collection":[{"href":"https:\/\/linitiative.ca\/International\/wp-json\/wp\/v2\/posts"}],"about":[{"href":"https:\/\/linitiative.ca\/International\/wp-json\/wp\/v2\/types\/post"}],"author":[{"embeddable":true,"href":"https:\/\/linitiative.ca\/International\/wp-json\/wp\/v2\/users\/1969"}],"replies":[{"embeddable":true,"href":"https:\/\/linitiative.ca\/International\/wp-json\/wp\/v2\/comments?post=111513"}],"version-history":[{"count":0,"href":"https:\/\/linitiative.ca\/International\/wp-json\/wp\/v2\/posts\/111513\/revisions"}],"wp:attachment":[{"href":"https:\/\/linitiative.ca\/International\/wp-json\/wp\/v2\/media?parent=111513"}],"wp:term":[{"taxonomy":"category","embeddable":true,"href":"https:\/\/linitiative.ca\/International\/wp-json\/wp\/v2\/categories?post=111513"},{"taxonomy":"post_tag","embeddable":true,"href":"https:\/\/linitiative.ca\/International\/wp-json\/wp\/v2\/tags?post=111513"}],"curies":[{"name":"wp","href":"https:\/\/api.w.org\/{rel}","templated":true}]}}