{"id":111516,"date":"2021-02-18T09:22:54","date_gmt":"2021-02-18T14:22:54","guid":{"rendered":"https:\/\/linitiative.ca\/International\/marrakech-il-etrangle-sa-copine-a-mort\/"},"modified":"2021-02-18T09:22:54","modified_gmt":"2021-02-18T14:22:54","slug":"marrakech-il-etrangle-sa-copine-a-mort","status":"publish","type":"post","link":"https:\/\/linitiative.ca\/International\/marrakech-il-etrangle-sa-copine-a-mort\/","title":{"rendered":"Marrakech  Il \u00e9trangle  sa copine \u00e0 mort"},"content":{"rendered":"<header>\n<\/header>\n<div class=\"entry-content clearfix\" readability=\"52\">\n<figure class=\"post-thumbnail\" itemprop=\"associatedMedia\" itemscope=\"itemscope\" itemtype=\"http:\/\/schema.org\/ImageObject\"><img decoding=\"async\" class=\"post_layout_5_img\" src=\"http:\/\/aujourdhui.ma\/wp-content\/uploads\/2019\/09\/crime-mort.jpg\" alt=\"Marrakech Il \u00e9trangle sa copine \u00e0 mort\"\/><\/figure>\n<p><span class=\"c5\"><strong>Pour avoir mis fin \u00e0 la vie de sa copine, vendeuse du pain \u00e0 Bab Doukkala \u00e0 Marrakech, un jeune homme, la trentaine, a \u00e9t\u00e9 arr\u00eat\u00e9, dimanche, tard le soir, par les \u00e9l\u00e9ments de la police judiciaire avant d\u2019\u00eatre maintenu en garde \u00e0 vue.<\/strong><\/span><span id=\"more-368621\"\/><\/p>\n<p>Tous les deux s\u2019enivraient, en plein air, non loin du Golf Al Maaden, quand un malentendu a \u00e9clat\u00e9 entre les deux. Perdant tout contr\u00f4le de ses nerfs, le jeune homme a \u00e9touff\u00e9 sa bien-aim\u00e9e. Il ne l\u2019a rel\u00e2ch\u00e9e qu\u2019une fois avoir rendu l\u2019\u00e2me. Apr\u00e8s quoi, il a pris la fuite. Mais, les limiers de la police judiciaire qui se sont d\u00e9p\u00each\u00e9s sur la sc\u00e8ne du crime ont r\u00e9ussi \u00e0 l\u2019identifier et l\u2019arr\u00eater. Le mis en cause a \u00e9t\u00e9 conduit au commissariat de l\u2019arrondissement de Sidi Ali Ben Youssef avant d\u2019\u00eatre mis entre les mains du service pr\u00e9fectoral de la police judiciaire qui se charge de son interrogatoire.<\/p>\n<\/div>\n<p>Auteur: Abderrafii ALOUMLIKI<br \/>\n<a href=\"https:\/\/aujourdhui.ma\/faits-divers\/marrakech-il-etrangle-sa-copine-a-mort\">Cliquez ici pour lire l&rsquo;article depuis sa source.<\/a><\/p>\n","protected":false},"excerpt":{"rendered":"<p>Pour avoir mis fin \u00e0 la vie de sa copine, vendeuse du pain \u00e0 Bab Doukkala \u00e0 Marrakech, un jeune homme, la trentaine, a \u00e9t\u00e9 arr\u00eat\u00e9, dimanche, tard le soir, par les \u00e9l\u00e9ments de la police judiciaire avant d\u2019\u00eatre maintenu en garde \u00e0 vue. Tous les deux s\u2019enivraient, en plein air, non loin du Golf [&hellip;]<\/p>\n","protected":false},"author":1759,"featured_media":0,"comment_status":"closed","ping_status":"closed","sticky":false,"template":"","format":"standard","meta":{"fifu_image_url":"http:\/\/aujourdhui.ma\/wp-content\/uploads\/2019\/09\/crime-mort.jpg","fifu_image_alt":"Marrakech  Il \u00e9trangle  sa copine \u00e0 mort","footnotes":""},"categories":[73,54],"tags":[],"class_list":["post-111516","post","type-post","status-publish","format-standard","hentry","category-actualite","category-maroc"],"_links":{"self":[{"href":"https:\/\/linitiative.ca\/International\/wp-json\/wp\/v2\/posts\/111516","targetHints":{"allow":["GET"]}}],"collection":[{"href":"https:\/\/linitiative.ca\/International\/wp-json\/wp\/v2\/posts"}],"about":[{"href":"https:\/\/linitiative.ca\/International\/wp-json\/wp\/v2\/types\/post"}],"author":[{"embeddable":true,"href":"https:\/\/linitiative.ca\/International\/wp-json\/wp\/v2\/users\/1759"}],"replies":[{"embeddable":true,"href":"https:\/\/linitiative.ca\/International\/wp-json\/wp\/v2\/comments?post=111516"}],"version-history":[{"count":0,"href":"https:\/\/linitiative.ca\/International\/wp-json\/wp\/v2\/posts\/111516\/revisions"}],"wp:attachment":[{"href":"https:\/\/linitiative.ca\/International\/wp-json\/wp\/v2\/media?parent=111516"}],"wp:term":[{"taxonomy":"category","embeddable":true,"href":"https:\/\/linitiative.ca\/International\/wp-json\/wp\/v2\/categories?post=111516"},{"taxonomy":"post_tag","embeddable":true,"href":"https:\/\/linitiative.ca\/International\/wp-json\/wp\/v2\/tags?post=111516"}],"curies":[{"name":"wp","href":"https:\/\/api.w.org\/{rel}","templated":true}]}}