{"id":111518,"date":"2021-02-18T11:30:13","date_gmt":"2021-02-18T16:30:13","guid":{"rendered":"https:\/\/linitiative.ca\/International\/edite-par-lesav-de-marrakech-10-ans-de-design-un-livre-qui-celebre-les-creations-de-toute-une-generation-de-graphistes\/"},"modified":"2021-02-18T11:30:13","modified_gmt":"2021-02-18T16:30:13","slug":"edite-par-lesav-de-marrakech-10-ans-de-design-un-livre-qui-celebre-les-creations-de-toute-une-generation-de-graphistes","status":"publish","type":"post","link":"https:\/\/linitiative.ca\/International\/edite-par-lesav-de-marrakech-10-ans-de-design-un-livre-qui-celebre-les-creations-de-toute-une-generation-de-graphistes\/","title":{"rendered":"Edit\u00e9 par l\u2019ESAV de Marrakech  \/ \u00ab10 ans de design\u00bb : Un livre qui c\u00e9l\u00e8bre les cr\u00e9ations  de toute une g\u00e9n\u00e9ration de graphistes"},"content":{"rendered":"<figure class=\"post-thumbnail\" itemprop=\"associatedMedia\" itemscope=\"itemscope\" itemtype=\"http:\/\/schema.org\/ImageObject\"><img decoding=\"async\" class=\"post_layout_5_img\" src=\"http:\/\/aujourdhui.ma\/wp-content\/uploads\/2021\/02\/Un-livre-qui-celebre-les-creations-de-toute-une-generation-de-graphistes.jpg\" alt=\"Edit\u00e9 par l\u2019ESAV de Marrakech \/ \u00ab10 ans de design\u00bb : Un livre qui c\u00e9l\u00e8bre les cr\u00e9ations de toute une g\u00e9n\u00e9ration de graphistes\"\/><\/figure>\n<p><span class=\"c5\"><strong>L\u2019Ecole sup\u00e9rieure des arts visuels de Marrakech (ESAV) vient de publier un nouvel ouvrage graphique intitul\u00e9 \u00ab10 ans design\u00bb.<\/strong><\/span><span id=\"more-368654\"\/><\/p>\n<p>En textes et images, l\u2019ouvrage de 299 pages met en avant dix ann\u00e9es d\u2019accompagnement de toute une g\u00e9n\u00e9ration de graphistes dans l\u2019apprentissage rigoureux d\u2019une pratique mais surtout dans le d\u00e9veloppement et l\u2019exp\u00e9rimentation de leurs id\u00e9es et concepts dans la plus grande libert\u00e9. \u00abLe livre, objet graphique, a \u00e9t\u00e9 con\u00e7u pour pr\u00e9server et valoriser cette histoire et faire d\u00e9couvrir le dynamisme des \u00e9tudiants en graphisme de l\u2019ESAV et leurs cr\u00e9ations\u00bb, indiquent les initiateurs. Il faut dire que le d\u00e9partement Design graphique et digital de l\u2019\u00c9cole sup\u00e9rieure des arts visuels de Marrakech a \u00e9t\u00e9 cr\u00e9\u00e9 en 2008. Il r\u00e9pondait \u00e0 la volont\u00e9 de la fondatrice de l\u2019\u00e9cole, Susanna Biedermann, qui voulait offrir au Maroc un laboratoire o\u00f9 s\u2019\u00e9labore un design marocain contemporain qui s\u2019exporte \u00e0 l\u2019international.<\/p>\n<p>C\u2019est cette vision qui a anim\u00e9 la collaboration entre Vincent Melilli et Florence Robert-Vissy, respectivement directeur de l\u2019\u00e9cole et directrice du d\u00e9partement graphisme \u00e0 sa cr\u00e9ation, dans l\u2019\u00e9laboration des enseignements et la constitution des \u00e9quipes qui allaient former une g\u00e9n\u00e9ration de designers form\u00e9s par l\u2019ESAV. Ainsi \u00ab10 ans de design\u00bb retrace cette aventure \u00e0 la fois humaine, p\u00e9dagogique et culturelle. \u00abCet ouvrage t\u00e9moigne des dix ann\u00e9es pass\u00e9es \u00e0 mettre en \u0153uvre ce projet, \u00e0 d\u00e9finir et \u00e0 dessiner le cadre \u00e0 l\u2019int\u00e9rieur duquel a pu se d\u00e9velopper un esprit \u00e0 la fois libre et exigeant. Dix ans de soin d\u2019attention, d\u2019\u00e9change, de partage, d\u2019imagination et de cr\u00e9ativit\u00e9. Dix ans pour r\u00e9ussir \u00e0 insuffler cet esprit aux \u00e9tudiants qui, \u00e0 leur tour, en cr\u00e9ant des studios ou en exer\u00e7ant en tant que directeurs artistiques, directeurs de cr\u00e9ation dans de grandes agences internationales, contribuent au fa\u00e7onnement d\u2019une identit\u00e9 graphique marocaine\u00bb, t\u00e9moigne Vincent Melilli.<\/p>\n<p>Une fois de plus, ce livre est avant tout un hommage au travail collectif d\u2019une \u00e9quipe passionn\u00e9e de p\u00e9dagogues tourn\u00e9s vers le futur. \u00abNous l\u2019avons imagin\u00e9 riches de travaux embl\u00e9matiques et d\u2019ambiances d\u2019\u00e9cole, pour t\u00e9moigner de la vivacit\u00e9 cr\u00e9ative et des particularit\u00e9s des promotions qui se sont succ\u00e9d\u00e9\u00bb, conclut-on.<\/p>\n<div class=\"base-box mom_box_sc_custom mom_box_sc clear c7\" readability=\"16\">\n<p><strong><span class=\"c6\">A l\u2019occasion de l\u2019\u00e9dition du livre, l\u2019ESAV organise deux \u00e9v\u00e9nements<\/span><\/strong><\/p>\n<p>Une exposition d\u00e9di\u00e9e au chiffre 10, pr\u00e9vue du 19 f\u00e9vrier \u00e0 fin mars \u00e0 l\u2019ESAV et une rencontre digitale avec Florence Robert-Vissy, historienne du design, cofondatrice du d\u00e9partement et directrice \u00e9ditoriale de l\u2019ouvrage, le 19 f\u00e9vrier \u00e0 19h sur la page Facebook de l\u2019\u00e9cole.<\/p>\n<\/div>\n<p>Auteur: Siham Jadraoui<br \/>\n<a href=\"https:\/\/aujourdhui.ma\/culture\/edite-par-lesav-de-marrakech-10-ans-de-design-un-livre-qui-celebre-les-creations-de-toute-une-generation-de-graphistes\">Cliquez ici pour lire l&rsquo;article depuis sa source.<\/a><\/p>\n","protected":false},"excerpt":{"rendered":"<p>L\u2019Ecole sup\u00e9rieure des arts visuels de Marrakech (ESAV) vient de publier un nouvel ouvrage graphique intitul\u00e9 \u00ab10 ans design\u00bb. En textes et images, l\u2019ouvrage de 299 pages met en avant dix ann\u00e9es d\u2019accompagnement de toute une g\u00e9n\u00e9ration de graphistes dans l\u2019apprentissage rigoureux d\u2019une pratique mais surtout dans le d\u00e9veloppement et l\u2019exp\u00e9rimentation de leurs id\u00e9es et [&hellip;]<\/p>\n","protected":false},"author":1759,"featured_media":0,"comment_status":"closed","ping_status":"closed","sticky":false,"template":"","format":"standard","meta":{"fifu_image_url":"http:\/\/aujourdhui.ma\/wp-content\/uploads\/2021\/02\/Un-livre-qui-celebre-les-creations-de-toute-une-generation-de-graphistes.jpg","fifu_image_alt":"Edit\u00e9 par l\u2019ESAV de Marrakech  \/ \u00ab10 ans de design\u00bb : Un livre qui c\u00e9l\u00e8bre les cr\u00e9ations  de toute une g\u00e9n\u00e9ration de graphistes","footnotes":""},"categories":[73,54],"tags":[],"class_list":["post-111518","post","type-post","status-publish","format-standard","hentry","category-actualite","category-maroc"],"_links":{"self":[{"href":"https:\/\/linitiative.ca\/International\/wp-json\/wp\/v2\/posts\/111518","targetHints":{"allow":["GET"]}}],"collection":[{"href":"https:\/\/linitiative.ca\/International\/wp-json\/wp\/v2\/posts"}],"about":[{"href":"https:\/\/linitiative.ca\/International\/wp-json\/wp\/v2\/types\/post"}],"author":[{"embeddable":true,"href":"https:\/\/linitiative.ca\/International\/wp-json\/wp\/v2\/users\/1759"}],"replies":[{"embeddable":true,"href":"https:\/\/linitiative.ca\/International\/wp-json\/wp\/v2\/comments?post=111518"}],"version-history":[{"count":0,"href":"https:\/\/linitiative.ca\/International\/wp-json\/wp\/v2\/posts\/111518\/revisions"}],"wp:attachment":[{"href":"https:\/\/linitiative.ca\/International\/wp-json\/wp\/v2\/media?parent=111518"}],"wp:term":[{"taxonomy":"category","embeddable":true,"href":"https:\/\/linitiative.ca\/International\/wp-json\/wp\/v2\/categories?post=111518"},{"taxonomy":"post_tag","embeddable":true,"href":"https:\/\/linitiative.ca\/International\/wp-json\/wp\/v2\/tags?post=111518"}],"curies":[{"name":"wp","href":"https:\/\/api.w.org\/{rel}","templated":true}]}}