{"id":111519,"date":"2021-02-18T09:00:24","date_gmt":"2021-02-18T14:00:24","guid":{"rendered":"https:\/\/linitiative.ca\/International\/%ef%bb%bfquimporte-si-les-betes-meurent-de-sofia-alaoui-nomine-dans-la-categorie-du-meilleur-court-metrage\/"},"modified":"2021-02-18T09:00:24","modified_gmt":"2021-02-18T14:00:24","slug":"%ef%bb%bfquimporte-si-les-betes-meurent-de-sofia-alaoui-nomine-dans-la-categorie-du-meilleur-court-metrage","status":"publish","type":"post","link":"https:\/\/linitiative.ca\/International\/%ef%bb%bfquimporte-si-les-betes-meurent-de-sofia-alaoui-nomine-dans-la-categorie-du-meilleur-court-metrage\/","title":{"rendered":"\ufeff\u00abQu\u2019importe si les b\u00eates meurent\u00bb de Sofia Alaoui, nomin\u00e9 dans la cat\u00e9gorie du meilleur court m\u00e9trage"},"content":{"rendered":"<p class=\"c1\"><strong>C\u00e9sars-2021<\/strong><\/p>\n<p><strong>Le court m\u00e9trage \u00ab\u00a0Qu\u2019importe si les b\u00eates meurent\u00a0\u00bb, de sa r\u00e9alisatrice Sofia Alaoui, est nomin\u00e9 \u00e0 la 46\u00e8me c\u00e9r\u00e9monie des C\u00e9sars, organis\u00e9e par l\u2019Acad\u00e9mie des Arts et Techniques du Cin\u00e9ma et qui aura lieu le 12 mars \u00e0 Paris, selon le Centre cin\u00e9matographique marocain (CCM).<\/strong><\/p>\n<p>\u00ab\u00a0Qu\u2019importe si les b\u00eates meurent\u00a0\u00bb continue de briller dans les grands rendez-vous du cin\u00e9ma \u00e0 l\u2019\u00e9chelle internationale, indique le CCM dans un communiqu\u00e9, soulignant qu\u2019apr\u00e8s sa sortie en 2019, ce court m\u00e9trage a particip\u00e9 \u00e0 la comp\u00e9tition internationale du festival de Sundance, aux \u00c9tats-Unis (janvier-f\u00e9vrier 2020), remportant le Grand Prix du jury de ce \u00ab\u00a0prestigieux festival consid\u00e9r\u00e9 comme \u00e9tant l\u2019un des plus importants \u00e9v\u00e8nements du cin\u00e9ma ind\u00e9pendant au monde\u00a0\u00bb.<\/p>\n<p>Le film a \u00e9galement particip\u00e9 \u00e0 la comp\u00e9tition officielle du Festival International du Film de Court m\u00e9trage de Clermont-Ferrand (f\u00e9vrier 2020), le plus grand rendez-vous du film de court m\u00e9trage dans le monde, avant de participer au Festival National du Film de Tanger (f\u00e9vrier-mars 2020), puis au Festival International du Court M\u00e9trage de Sao Paolo (ao\u00fbt 2020) et au Festival International du Film Francophone de Namur (octobre 2020).<\/p>\n<p>Apr\u00e8s les C\u00e9sars, explique le CCM, \u00ab\u00a0Qu\u2019importe si les b\u00eates meurent\u00a0\u00bb va poursuivre \u00ab\u00a0sa belle carri\u00e8re en avril 2021 avec sa nomination par l\u2019Acad\u00e9mie des Oscars\u00a0\u00bb.\u00a0 Produit par la soci\u00e9t\u00e9 Jiango films, avec le soutien du CCM, \u00ab\u00a0Qu\u2019importe si les b\u00eates meurent\u00a0\u00bb raconte en langue amazigh l\u2019histoire d\u2019Abdellah, un jeune berger et son p\u00e8re, qui assistent \u00e0 la mort de leurs b\u00eates dans les hautes montagnes de l\u2019Atlas. Abdellah doit donc aller se ravitailler dans un village environnant, avant de s\u2019apercevoir que ce dernier a \u00e9t\u00e9 d\u00e9sert\u00e9 \u00e0 cause d\u2019un myst\u00e9rieux \u00e9v\u00e9nement.<\/p>\n<p>Auteur: M&rsquo;hammed rahal<br \/>\n<a href=\"http:\/\/albayane.press.ma\/%EF%BB%BFquimporte-si-les-betes-meurent-de-sofia-alaoui-nomine-dans-la-categorie-du-meilleur-court-metrage.html\">Cliquez ici pour lire l&rsquo;article depuis sa source.<\/a><\/p>\n","protected":false},"excerpt":{"rendered":"<p>C\u00e9sars-2021 Le court m\u00e9trage \u00ab\u00a0Qu\u2019importe si les b\u00eates meurent\u00a0\u00bb, de sa r\u00e9alisatrice Sofia Alaoui, est nomin\u00e9 \u00e0 la 46\u00e8me c\u00e9r\u00e9monie des C\u00e9sars, organis\u00e9e par l\u2019Acad\u00e9mie des Arts et Techniques du Cin\u00e9ma et qui aura lieu le 12 mars \u00e0 Paris, selon le Centre cin\u00e9matographique marocain (CCM). \u00ab\u00a0Qu\u2019importe si les b\u00eates meurent\u00a0\u00bb continue de briller dans [&hellip;]<\/p>\n","protected":false},"author":1760,"featured_media":0,"comment_status":"closed","ping_status":"closed","sticky":false,"template":"","format":"standard","meta":{"fifu_image_url":"","fifu_image_alt":"","footnotes":""},"categories":[73,54],"tags":[],"class_list":["post-111519","post","type-post","status-publish","format-standard","hentry","category-actualite","category-maroc"],"_links":{"self":[{"href":"https:\/\/linitiative.ca\/International\/wp-json\/wp\/v2\/posts\/111519","targetHints":{"allow":["GET"]}}],"collection":[{"href":"https:\/\/linitiative.ca\/International\/wp-json\/wp\/v2\/posts"}],"about":[{"href":"https:\/\/linitiative.ca\/International\/wp-json\/wp\/v2\/types\/post"}],"author":[{"embeddable":true,"href":"https:\/\/linitiative.ca\/International\/wp-json\/wp\/v2\/users\/1760"}],"replies":[{"embeddable":true,"href":"https:\/\/linitiative.ca\/International\/wp-json\/wp\/v2\/comments?post=111519"}],"version-history":[{"count":0,"href":"https:\/\/linitiative.ca\/International\/wp-json\/wp\/v2\/posts\/111519\/revisions"}],"wp:attachment":[{"href":"https:\/\/linitiative.ca\/International\/wp-json\/wp\/v2\/media?parent=111519"}],"wp:term":[{"taxonomy":"category","embeddable":true,"href":"https:\/\/linitiative.ca\/International\/wp-json\/wp\/v2\/categories?post=111519"},{"taxonomy":"post_tag","embeddable":true,"href":"https:\/\/linitiative.ca\/International\/wp-json\/wp\/v2\/tags?post=111519"}],"curies":[{"name":"wp","href":"https:\/\/api.w.org\/{rel}","templated":true}]}}