{"id":111520,"date":"2021-02-18T09:04:57","date_gmt":"2021-02-18T14:04:57","guid":{"rendered":"https:\/\/linitiative.ca\/International\/the-nopo-connecte-lartisanat-marocain-au-marche-international\/"},"modified":"2021-02-18T09:04:57","modified_gmt":"2021-02-18T14:04:57","slug":"the-nopo-connecte-lartisanat-marocain-au-marche-international","status":"publish","type":"post","link":"https:\/\/linitiative.ca\/International\/the-nopo-connecte-lartisanat-marocain-au-marche-international\/","title":{"rendered":"The NOPO connecte l\u2019artisanat marocain au march\u00e9 international"},"content":{"rendered":"<p><strong>The NOPO vient insuffler une nouvelle atmosph\u00e8re au secteur de l\u2019artisanat marocain, en lan\u00e7ant une plateforme d\u2019e-commerce qui relie les acheteurs en ligne avec des artisans sur le march\u00e9 international.<\/strong><\/p>\n<p>Plus qu\u2019une simple startup B2C qui cible directement les consommateurs, The NOPO s\u2019adresse \u00e9galement \u00e0 ceux d\u2019entre nous qui sont anim\u00e9s par l\u2019envie de voyager. \u00ab\u00a0The NOPO ne remplace pas les voyages, mais il peut vous connecter \u00e0 des endroits \u00e9loign\u00e9s et vous donner une impression d\u2019exotisme tout en soutenant les artisans locaux gravement affect\u00e9s par le manque actuel de tourisme\u00a0\u00bb, a expliqu\u00e9 Kelly Breakstone Roth, Co-fondateur et CEO de NOPO.<\/p>\n<p>The NOPO maintient \u00e9galement un processus de s\u00e9lection minutieux pour assurer une haute qualit\u00e9 des produits artisanaux sur toute la plateforme, visant \u00e0 devenir une plateforme incontournable pour l\u2019artisanat artistique et authentique.<\/p>\n<p>\u00c0 travers The NOPO, Roth et son associ\u00e9e Shany Harel consolident l\u2019importance du digital pour promouvoir le secteur de l\u2019artisanat et pr\u00e9server cet h\u00e9ritage marocain dans un esprit contemporain. Car si de nombreux artisans ont leur propre site, la plupart d\u2019entre eux ne se font presque jamais une vision ou une influence. Ensuite, il y a aussi le probl\u00e8me de disposer d\u2019un param\u00e8tre d\u2019exp\u00e9dition et de paiement international viable.<\/p>\n<p>A cet \u00e9gard, The NOPO a apport\u00e9 une grande satisfaction aux artisans dont les revenus ont toujours fluctu\u00e9s avec la saisonnalit\u00e9 du tourisme, ce qui \u00e9tait certainement un probl\u00e8me qui n\u00e9cessitait une solution avant la crise sanitaire et la suspension des voyages touristiques.<\/p>\n<p>Plus de 20% de la main d\u2019\u0153uvre marocaine, soit environ 400.000 artisans, d\u00e9pendants, enti\u00e8rement des ventes provenant du tourisme.<\/p>\n<p>Les artisans ont r\u00e9pandu positivement au soutien marketing et logistique offert par The NOPO, ils aspiraient \u00e9galement \u00e0 faire partie d\u2019une communaut\u00e9 d\u2019artisans partageant les m\u00eames valeurs et les m\u00eames normes de qualit\u00e9 et de durabilit\u00e9. The\u00a0NOPO compte d\u00e9sormais de nouveaux artisans chaque jour, demandant \u00e0 rejoindre la plateforme.\u00a0<\/p>\n<p>The NOPO est plus qu\u2019un site d\u2019e-commerce mais aussi un ticket de voyage \u00e0 travers chaque produit, une rencontre au-del\u00e0 des fronti\u00e8res et une riche tapisserie d\u2019histoires qui fa\u00e7onnent l\u2019inspiration et la cr\u00e9ativit\u00e9.\u00a0<\/p>\n<p><strong>The NOPO, Bio express<\/strong><\/p>\n<p>The NOPO a \u00e9t\u00e9 lanc\u00e9 en avril 2020 par deux entrepreneurs avides de voyage, Kelly et Shany dans le but d\u2019encourager les gens, se trouvant bloqu\u00e9s \u00e0 la maison, \u00e0 transcender leurs fronti\u00e8res culturelles et g\u00e9ographiques et d\u00e9couvrir les merveilles du monde.\u00a0<\/p>\n<p>Le lancement pendant une pand\u00e9mie \u00e0 cr\u00e9er \u00e0 la fois des d\u00e9fis et des opportunit\u00e9s, mais il a surement cr\u00e9\u00e9 un lien entre les passionn\u00e9s de voyage et les artisans \u00e0 travers une multitude de produits qui incarnent le monde dans une splendeur artistique.<\/p>\n<p>The NOPO ouvre ses portes aux artisans du Maroc et du Mexique et pr\u00e9voit \u00e9galement d\u2019\u00e9largir sa communaut\u00e9 des artisans \u00e0 travers le monde.<\/p>\n<p>Auteur: M&rsquo;hammed rahal<br \/>\n<a href=\"http:\/\/albayane.press.ma\/the-nopo-connecte-lartisanat-marocain-au-marche-international.html\">Cliquez ici pour lire l&rsquo;article depuis sa source.<\/a><\/p>\n","protected":false},"excerpt":{"rendered":"<p>The NOPO vient insuffler une nouvelle atmosph\u00e8re au secteur de l\u2019artisanat marocain, en lan\u00e7ant une plateforme d\u2019e-commerce qui relie les acheteurs en ligne avec des artisans sur le march\u00e9 international. Plus qu\u2019une simple startup B2C qui cible directement les consommateurs, The NOPO s\u2019adresse \u00e9galement \u00e0 ceux d\u2019entre nous qui sont anim\u00e9s par l\u2019envie de voyager. [&hellip;]<\/p>\n","protected":false},"author":1760,"featured_media":0,"comment_status":"closed","ping_status":"closed","sticky":false,"template":"","format":"standard","meta":{"fifu_image_url":"","fifu_image_alt":"","footnotes":""},"categories":[73,54],"tags":[],"class_list":["post-111520","post","type-post","status-publish","format-standard","hentry","category-actualite","category-maroc"],"_links":{"self":[{"href":"https:\/\/linitiative.ca\/International\/wp-json\/wp\/v2\/posts\/111520","targetHints":{"allow":["GET"]}}],"collection":[{"href":"https:\/\/linitiative.ca\/International\/wp-json\/wp\/v2\/posts"}],"about":[{"href":"https:\/\/linitiative.ca\/International\/wp-json\/wp\/v2\/types\/post"}],"author":[{"embeddable":true,"href":"https:\/\/linitiative.ca\/International\/wp-json\/wp\/v2\/users\/1760"}],"replies":[{"embeddable":true,"href":"https:\/\/linitiative.ca\/International\/wp-json\/wp\/v2\/comments?post=111520"}],"version-history":[{"count":0,"href":"https:\/\/linitiative.ca\/International\/wp-json\/wp\/v2\/posts\/111520\/revisions"}],"wp:attachment":[{"href":"https:\/\/linitiative.ca\/International\/wp-json\/wp\/v2\/media?parent=111520"}],"wp:term":[{"taxonomy":"category","embeddable":true,"href":"https:\/\/linitiative.ca\/International\/wp-json\/wp\/v2\/categories?post=111520"},{"taxonomy":"post_tag","embeddable":true,"href":"https:\/\/linitiative.ca\/International\/wp-json\/wp\/v2\/tags?post=111520"}],"curies":[{"name":"wp","href":"https:\/\/api.w.org\/{rel}","templated":true}]}}