{"id":111521,"date":"2021-02-18T09:07:10","date_gmt":"2021-02-18T14:07:10","guid":{"rendered":"https:\/\/linitiative.ca\/International\/%ef%bb%bfexposition-posthume-en-martinique-de-hamid-moulferdi\/"},"modified":"2021-02-18T09:07:10","modified_gmt":"2021-02-18T14:07:10","slug":"%ef%bb%bfexposition-posthume-en-martinique-de-hamid-moulferdi","status":"publish","type":"post","link":"https:\/\/linitiative.ca\/International\/%ef%bb%bfexposition-posthume-en-martinique-de-hamid-moulferdi\/","title":{"rendered":"\ufeffExposition posthume en Martinique de Hamid Moulferdi"},"content":{"rendered":"<p class=\"c1\"><strong>Arts plastiques<\/strong><\/p>\n<p><strong>Une exposition posthume des \u0153uvres de l\u2019artiste-peintre marocain, feu Hamid Moulferdi, aura lieu du 05 au 27 mars dans la capitale martiniquaise Fort-de-France, ont annonc\u00e9 mercredi les initiateurs du projet. Initi\u00e9e sous le th\u00e8me \u00ab\u00a0HAMID, une po\u00ef\u00e9tique de l\u2019intime\u00a0\u00bb, cette exposition \u00ab\u00a0veut faire comprendre et partager les valeurs transculturelles de son (artiste d\u00e9funt, ndlr) expression artistique plastique po\u00e9tique, li\u00e9es \u00e0 la \u2018diversalit\u00e9\u2019 (\u00c9douard Glissant) et \u00e0 l\u2019universalit\u00e9 de ses th\u00e8mes\u00a0\u00bb, ont indiqu\u00e9 les organisateurs dans un communiqu\u00e9.<\/strong><\/p>\n<p>Cette exposition, qui sera inaugur\u00e9e le 05 mars prochain \u00e0 la Villa Chanteclerc, comprend une trentaine de dessins et une dizaine de toiles pr\u00e9sentant, \u00ab\u00a0sur des fonds monotyp\u00e9s, des formes qui font signe : la lune, l\u2019oiseau, le chien, des \u00e9critures et des chiffres\u00a0\u00bb, lit-on dans le communiqu\u00e9.<br \/>Agenc\u00e9s de fa\u00e7on r\u00e9p\u00e9titive et variable, ces dessins invitent le visiteur \u00ab\u00a0\u00e0 appr\u00e9cier et \u00e0 s\u2019approprier, dans sa propre culture, un cheminement singulier, ouvert \u00e0 l\u2019intime de soi\u00a0\u00bb, a ajout\u00e9 la m\u00eame source.<\/p>\n<p>Dans une d\u00e9claration \u00e0 la MAP, Mme Muryelle Moulferdi, initiatrice de cette exposition, a affich\u00e9 sa volont\u00e9 de revaloriser le travail du regrett\u00e9 plasticien et le faire conna\u00eetre aupr\u00e8s d\u2019un nouveau public car \u00ab\u00a0ses \u0153uvres sont intemporelles, \u00e0 la fois humaines et universelles, et m\u00e9ritent d\u2019\u00eatre connues aussi bien en Martinique qu\u2019au Maroc\u00a0\u00bb.<\/p>\n<p>Les dessins pr\u00e9sent\u00e9s \u00e0 travers cette manifestation artistique repr\u00e9sentent les derni\u00e8res \u0153uvres du d\u00e9funt et \u00ab\u00a0prennent une dimension testamentaire\u00a0\u00bb, a-t-elle pr\u00e9cis\u00e9.\u00a0 Artiste autodidacte et admiratif de Paul Klee, Hamid Moulferdi, n\u00e9 en 1961 au Maroc, a une tr\u00e8s haute id\u00e9e de sa mission d\u2019artiste et de po\u00e8te. Il s\u2019installe \u00e0 l\u2019\u00e2ge de 20 ans en Martinique et expose d\u00e8s 1986 ses \u0153uvres pour devenir membre fondateur de l\u2019Association martiniquaise des plasticiens contemporains.<\/p>\n<p>Il compte plusieurs expositions individuelles et collectives en Martinique, \u00c9tats-Unis, Allemagne, \u00c9quateur, Cuba, S\u00e9n\u00e9gal, R\u00e9publique dominicaine, Barbade, Ha\u00efti et France.\u00a0 En plus de sa M\u00e9daille d\u2019Or \u00e0 la Biennale de Saint Domingue (1994) et du Prix Best Other Media \u00e0 Antigua (1989), le plasticien de talent fait son entr\u00e9e posthume \u00e0 la Biblioth\u00e8que nationale de France (BNF) en 2020.<\/p>\n<p>Auteur: M&rsquo;hammed rahal<br \/>\n<a href=\"http:\/\/albayane.press.ma\/%EF%BB%BFexposition-posthume-en-martinique-de-hamid-moulferdi.html\">Cliquez ici pour lire l&rsquo;article depuis sa source.<\/a><\/p>\n","protected":false},"excerpt":{"rendered":"<p>Arts plastiques Une exposition posthume des \u0153uvres de l\u2019artiste-peintre marocain, feu Hamid Moulferdi, aura lieu du 05 au 27 mars dans la capitale martiniquaise Fort-de-France, ont annonc\u00e9 mercredi les initiateurs du projet. Initi\u00e9e sous le th\u00e8me \u00ab\u00a0HAMID, une po\u00ef\u00e9tique de l\u2019intime\u00a0\u00bb, cette exposition \u00ab\u00a0veut faire comprendre et partager les valeurs transculturelles de son (artiste d\u00e9funt, [&hellip;]<\/p>\n","protected":false},"author":1760,"featured_media":0,"comment_status":"closed","ping_status":"closed","sticky":false,"template":"","format":"standard","meta":{"fifu_image_url":"","fifu_image_alt":"","footnotes":""},"categories":[73,54],"tags":[],"class_list":["post-111521","post","type-post","status-publish","format-standard","hentry","category-actualite","category-maroc"],"_links":{"self":[{"href":"https:\/\/linitiative.ca\/International\/wp-json\/wp\/v2\/posts\/111521","targetHints":{"allow":["GET"]}}],"collection":[{"href":"https:\/\/linitiative.ca\/International\/wp-json\/wp\/v2\/posts"}],"about":[{"href":"https:\/\/linitiative.ca\/International\/wp-json\/wp\/v2\/types\/post"}],"author":[{"embeddable":true,"href":"https:\/\/linitiative.ca\/International\/wp-json\/wp\/v2\/users\/1760"}],"replies":[{"embeddable":true,"href":"https:\/\/linitiative.ca\/International\/wp-json\/wp\/v2\/comments?post=111521"}],"version-history":[{"count":0,"href":"https:\/\/linitiative.ca\/International\/wp-json\/wp\/v2\/posts\/111521\/revisions"}],"wp:attachment":[{"href":"https:\/\/linitiative.ca\/International\/wp-json\/wp\/v2\/media?parent=111521"}],"wp:term":[{"taxonomy":"category","embeddable":true,"href":"https:\/\/linitiative.ca\/International\/wp-json\/wp\/v2\/categories?post=111521"},{"taxonomy":"post_tag","embeddable":true,"href":"https:\/\/linitiative.ca\/International\/wp-json\/wp\/v2\/tags?post=111521"}],"curies":[{"name":"wp","href":"https:\/\/api.w.org\/{rel}","templated":true}]}}