{"id":111522,"date":"2021-02-18T09:19:16","date_gmt":"2021-02-18T14:19:16","guid":{"rendered":"https:\/\/linitiative.ca\/International\/%ef%bb%bfle-proprietaire-de-latelier-de-textile-transfere-a-la-prison-locale\/"},"modified":"2021-02-18T09:19:16","modified_gmt":"2021-02-18T14:19:16","slug":"%ef%bb%bfle-proprietaire-de-latelier-de-textile-transfere-a-la-prison-locale","status":"publish","type":"post","link":"https:\/\/linitiative.ca\/International\/%ef%bb%bfle-proprietaire-de-latelier-de-textile-transfere-a-la-prison-locale\/","title":{"rendered":"\ufeffLe propri\u00e9taire de l\u2019atelier de textile transf\u00e9r\u00e9 \u00e0 la prison locale"},"content":{"rendered":"<p class=\"has-text-color c1\"><strong>Drame de Tanger<\/strong><\/p>\n<p class=\"c2\"><strong>Karim Ben Amar<\/strong><\/p>\n<p class=\"has-text-color has-vivid-red-color\"><strong>Le procureur pr\u00e8s le tribunal de premi\u00e8re instance de Tanger a tranch\u00e9. Adil El Boulaili, propri\u00e9taire de l\u2019atelier de confection textile de Tanger, impliqu\u00e9 dans le drame du 8 f\u00e9vrier dernier, a \u00e9t\u00e9 transf\u00e9r\u00e9, mercredi 17 f\u00e9vrier 2021 \u00e0 la prison locale de Tanger.<\/strong><\/p>\n<p>Le procureur pr\u00e8s le tribunal de premi\u00e8re instance de la ville a d\u00e9cid\u00e9 de le poursuivre pour six chefs d\u2019inculpation: homicide involontaire, blessures involontaires, violation des dispositions de l\u2019\u00e9tat d\u2019urgence sanitaire, ouverture d\u2019une entreprise sans autorisation, emploi de mineurs et enfin violation des conditions de sant\u00e9 et de s\u00e9curit\u00e9.<\/p>\n<p>Le Parquet g\u00e9n\u00e9ral a d\u00e9pos\u00e9 une requ\u00eate pour mener une enqu\u00eate \u00e0 l\u2019encontre du propri\u00e9taire de cette unit\u00e9 et de tous ceux qui seraient impliqu\u00e9s dans cet incident, indique un communiqu\u00e9 du procureur du Roi pr\u00e8s le Tribunal de premi\u00e8re instance de Tanger.<\/p>\n<p>Apr\u00e8s interrogatoire pr\u00e9liminaire, le juge d\u2019instruction a d\u00e9cid\u00e9 de placer en prison le propri\u00e9taire de cette unit\u00e9 de production, en attendant l\u2019ach\u00e8vement des proc\u00e9dures d\u2019enqu\u00eate, pr\u00e9cise le procureur du Roi.<\/p>\n<p>Pour rappel, 28 ouvriers ont p\u00e9ris dans les inondations survenues dans les sous-sols de la villa am\u00e9nag\u00e9e en usine, situ\u00e9e au quartier tang\u00e9rois de Hay Ennasr \u00e0 Braness.<\/p>\n<p>Auteur: M&rsquo;hammed rahal<br \/>\n<a href=\"http:\/\/albayane.press.ma\/%EF%BB%BFle-proprietaire-de-latelier-de-textile-transfere-a-la-prison-locale.html\">Cliquez ici pour lire l&rsquo;article depuis sa source.<\/a><\/p>\n","protected":false},"excerpt":{"rendered":"<p>Drame de Tanger Karim Ben Amar Le procureur pr\u00e8s le tribunal de premi\u00e8re instance de Tanger a tranch\u00e9. Adil El Boulaili, propri\u00e9taire de l\u2019atelier de confection textile de Tanger, impliqu\u00e9 dans le drame du 8 f\u00e9vrier dernier, a \u00e9t\u00e9 transf\u00e9r\u00e9, mercredi 17 f\u00e9vrier 2021 \u00e0 la prison locale de Tanger. Le procureur pr\u00e8s le tribunal [&hellip;]<\/p>\n","protected":false},"author":1760,"featured_media":0,"comment_status":"closed","ping_status":"closed","sticky":false,"template":"","format":"standard","meta":{"fifu_image_url":"","fifu_image_alt":"","footnotes":""},"categories":[73,54],"tags":[],"class_list":["post-111522","post","type-post","status-publish","format-standard","hentry","category-actualite","category-maroc"],"_links":{"self":[{"href":"https:\/\/linitiative.ca\/International\/wp-json\/wp\/v2\/posts\/111522","targetHints":{"allow":["GET"]}}],"collection":[{"href":"https:\/\/linitiative.ca\/International\/wp-json\/wp\/v2\/posts"}],"about":[{"href":"https:\/\/linitiative.ca\/International\/wp-json\/wp\/v2\/types\/post"}],"author":[{"embeddable":true,"href":"https:\/\/linitiative.ca\/International\/wp-json\/wp\/v2\/users\/1760"}],"replies":[{"embeddable":true,"href":"https:\/\/linitiative.ca\/International\/wp-json\/wp\/v2\/comments?post=111522"}],"version-history":[{"count":0,"href":"https:\/\/linitiative.ca\/International\/wp-json\/wp\/v2\/posts\/111522\/revisions"}],"wp:attachment":[{"href":"https:\/\/linitiative.ca\/International\/wp-json\/wp\/v2\/media?parent=111522"}],"wp:term":[{"taxonomy":"category","embeddable":true,"href":"https:\/\/linitiative.ca\/International\/wp-json\/wp\/v2\/categories?post=111522"},{"taxonomy":"post_tag","embeddable":true,"href":"https:\/\/linitiative.ca\/International\/wp-json\/wp\/v2\/tags?post=111522"}],"curies":[{"name":"wp","href":"https:\/\/api.w.org\/{rel}","templated":true}]}}