{"id":111523,"date":"2021-02-18T10:03:22","date_gmt":"2021-02-18T15:03:22","guid":{"rendered":"https:\/\/linitiative.ca\/International\/abdelkebir-khatibi-et-la-pensee-universelle\/"},"modified":"2021-02-18T10:03:22","modified_gmt":"2021-02-18T15:03:22","slug":"abdelkebir-khatibi-et-la-pensee-universelle","status":"publish","type":"post","link":"https:\/\/linitiative.ca\/International\/abdelkebir-khatibi-et-la-pensee-universelle\/","title":{"rendered":"Abdelk\u00e9bir Khatibi et la pens\u00e9e universelle !"},"content":{"rendered":"<p class=\"c1\"><strong>Par Noureddine Mhakkak<\/strong><\/p>\n<p><strong>I-Citation d\u2019Abdelk\u00e9bir Khatibi : \u00ab Il a grandi dans un quartier d\u2019El Jadida proche de la mer. Enfance qu\u2019il c\u00e9l\u00e9brera plus tard en construisant son r\u00e9cit \u00ab\u00a0Amour Bilingue\u00a0\u00bb comme une m\u00e9taphore oc\u00e9anique \u00bb .<\/strong><\/p>\n<p>II-On ne peut pas voir la beaut\u00e9 du monde si on ne poss\u00e8de pas des yeux qui aiment et qui connaissent cette beaut\u00e9\u2026 ! La beaut\u00e9 est toujours l\u00e0, mais rares sont les gens qui la voient et qui la pr\u00e9cisent vraiment \u2026 !\u00a0 On ne peut pas appr\u00e9cier un profond livre tels les livres de Fiodor Dosto\u00efevski ou de Frederick Nietzche ou de Jacques Derrida.., si on n\u2019a pas une profonde culture et un vrai go\u00fbt qui nous aident \u00e0 comprendre et \u00e0 aimer ce genre de livres \u2026 !<\/p>\n<p>En \u00e9crivant ces mots-l\u00e0, j\u2019ai pens\u00e9 \u00e0 notre \u00e9crivain Abdelk\u00e9bir Khatibi. Ce grand homme des Arts et des Lettres qui a pu franchir les portes ferm\u00e9es des signes et entrer seul dans des salles obscures pour comprendre et faire comprendre aux autres leurs significations.<\/p>\n<p>D\u00e8s son premier livre jusqu\u2019au dernier, Abdelk\u00e9bir Khatibi n\u2019a pas cess\u00e9 de poser des questions. Des questions sur l\u2019identit\u00e9, des questions sur l\u2019alt\u00e9rit\u00e9, des questions sur la langue, et des questions sur les questions Elles-m\u00eames. Mais en posant ce genre des questions il n\u2019a pas cess\u00e9 aussi d\u2019y trouver des r\u00e9ponses. Des r\u00e9ponses qui sont bas\u00e9es surtout sur sa riche culture et ses riches exp\u00e9riences.<\/p>\n<p>Abdelk\u00e9bir Khatibi, en \u00e9crivant ses livres, il a voulu que son \u00e9criture reste libre par sa fa\u00e7on d\u2019aborder les choses et sa fa\u00e7on de choisir ses propres mots. Car l\u2019\u00e9criture n\u2019\u00e9tait jamais, selon l\u2019expression de Roland Barthes, innocente. Ainsi, il a r\u00e9ussi d \u2018\u00e9crire des vrais livres, des livres qui portent des grandes id\u00e9es, des id\u00e9es qui ont laiss\u00e9 des traces sur le champ culturel universel<\/p>\n<p>Le but de l\u2019\u00e9criture, chez Abdelk\u00e9bir Khatibi c\u2019est \u00a0\u00bb de porter la vie \u00e0 l\u2019\u00e9tat d\u2019une puissance non personnelle. \u00a0\u00bb selon l\u2019expression de l\u2019\u00e9crivain penseur Gilles Deleuze<\/p>\n<p>III- Lire Abdelk\u00e9bir Khatibi est une aventure qui ne m\u00e8ne qu\u2019\u00e0 la s\u00e9duction ! Une S\u00e9duction culturelle qui a un commencement mais qui n\u2019a pas de fin. Car ses \u0153uvres nous poussent \u00e0 r\u00e9fl\u00e9chir dans les significations des signes, tous les signes, \u00e0 partir des images simples jusqu\u2019aux traits du tatouage et \u00e0 d\u00e9chiffrer le sens des mots, \u00e0 partir des simples phrases jusqu\u2019au sens des grands textes de l\u2019humanit\u00e9.<\/p>\n<p>Lire Abdelk\u00e9bir Khatibi est une fa\u00e7on de d\u00e9couvrir un champ culturel tr\u00e8s riche par sa diversit\u00e9, un champ culturel o\u00f9 la po\u00e9sie atteint la philosophie et le roman rejoint la sociologie. Pour Abdelk\u00e9bir Khatibi lorsqu\u2019un champ culturel se ferme il y a toujours un autre champ culturel qui s\u2019ouvre. Ainsi Abdelk\u00e9bir Khatibi n\u2019a jamais cess\u00e9 de chercher sur d\u2019autres horizons culturelles, tel un Sindbad savant, pour trouver des signes qui lui donnent l\u2019envie de les d\u00e9couvrir et de les connaitre et de les faire connaitre aux autres.<\/p>\n<p>C\u2019est gr\u00e2ce \u00e0 cet esprit cr\u00e9atif que Abdelkh\u00e9bir Khatibi est devenu l\u2019un des grands ma\u00eetres de la pens\u00e9e et la litt\u00e9rature universelles.<\/p>\n<p>Auteur: M&rsquo;hammed rahal<br \/>\n<a href=\"http:\/\/albayane.press.ma\/abdelkebir-khatibi-et-la-pensee-universelle.html\">Cliquez ici pour lire l&rsquo;article depuis sa source.<\/a><\/p>\n","protected":false},"excerpt":{"rendered":"<p>Par Noureddine Mhakkak I-Citation d\u2019Abdelk\u00e9bir Khatibi : \u00ab Il a grandi dans un quartier d\u2019El Jadida proche de la mer. Enfance qu\u2019il c\u00e9l\u00e9brera plus tard en construisant son r\u00e9cit \u00ab\u00a0Amour Bilingue\u00a0\u00bb comme une m\u00e9taphore oc\u00e9anique \u00bb . II-On ne peut pas voir la beaut\u00e9 du monde si on ne poss\u00e8de pas des yeux qui aiment [&hellip;]<\/p>\n","protected":false},"author":1760,"featured_media":0,"comment_status":"closed","ping_status":"closed","sticky":false,"template":"","format":"standard","meta":{"fifu_image_url":"","fifu_image_alt":"","footnotes":""},"categories":[73,54],"tags":[],"class_list":["post-111523","post","type-post","status-publish","format-standard","hentry","category-actualite","category-maroc"],"_links":{"self":[{"href":"https:\/\/linitiative.ca\/International\/wp-json\/wp\/v2\/posts\/111523","targetHints":{"allow":["GET"]}}],"collection":[{"href":"https:\/\/linitiative.ca\/International\/wp-json\/wp\/v2\/posts"}],"about":[{"href":"https:\/\/linitiative.ca\/International\/wp-json\/wp\/v2\/types\/post"}],"author":[{"embeddable":true,"href":"https:\/\/linitiative.ca\/International\/wp-json\/wp\/v2\/users\/1760"}],"replies":[{"embeddable":true,"href":"https:\/\/linitiative.ca\/International\/wp-json\/wp\/v2\/comments?post=111523"}],"version-history":[{"count":0,"href":"https:\/\/linitiative.ca\/International\/wp-json\/wp\/v2\/posts\/111523\/revisions"}],"wp:attachment":[{"href":"https:\/\/linitiative.ca\/International\/wp-json\/wp\/v2\/media?parent=111523"}],"wp:term":[{"taxonomy":"category","embeddable":true,"href":"https:\/\/linitiative.ca\/International\/wp-json\/wp\/v2\/categories?post=111523"},{"taxonomy":"post_tag","embeddable":true,"href":"https:\/\/linitiative.ca\/International\/wp-json\/wp\/v2\/tags?post=111523"}],"curies":[{"name":"wp","href":"https:\/\/api.w.org\/{rel}","templated":true}]}}