{"id":111524,"date":"2021-02-18T12:19:31","date_gmt":"2021-02-18T17:19:31","guid":{"rendered":"https:\/\/linitiative.ca\/International\/adoption-dun-projet-de-decret-instituant-une-caisse-nationale-de-retraites-et-dassurances\/"},"modified":"2021-02-18T12:19:31","modified_gmt":"2021-02-18T17:19:31","slug":"adoption-dun-projet-de-decret-instituant-une-caisse-nationale-de-retraites-et-dassurances","status":"publish","type":"post","link":"https:\/\/linitiative.ca\/International\/adoption-dun-projet-de-decret-instituant-une-caisse-nationale-de-retraites-et-dassurances\/","title":{"rendered":"Adoption d\u2019un projet de d\u00e9cret instituant une caisse nationale de retraites et d\u2019assurances"},"content":{"rendered":"<p class=\"c4\">Le conseil de gouvernement, r\u00e9uni jeudi par visioconf\u00e9rence, sous la pr\u00e9sidence du chef du gouvernement, Saad Dine El Otmani, a examin\u00e9 et adopt\u00e9 le projet de d\u00e9cret N\u00b0 2.21.06 concernant la mise en \u0153uvre de certaines dispositions du Dahir N\u00b0 1.59.301 du 27 octobre 1959 instituant une caisse nationale de retraites et d\u2019assurances.<\/p>\n<p class=\"c4\">Pr\u00e9sent\u00e9 par le ministre de l\u2019\u00c9conomie, des Finances et de la R\u00e9forme administrative, ce projet vise \u00e0 d\u00e9signer l\u2019autorit\u00e9 gouvernementale charg\u00e9e des finances comme \u00e9tant le d\u00e9partement concern\u00e9 par la loi susmentionn\u00e9e, a soulign\u00e9 le ministre de l\u2019\u00c9ducation nationale, de la Formation professionnelle, de l\u2019Enseignement sup\u00e9rieur et de la Recherche scientifique, porte-parole du gouvernement, M. Saaid Amzazi, dans un communiqu\u00e9 lu lors d\u2019un point de presse \u00e0 l\u2019issue de ce conseil.<\/p>\n<p class=\"c4\">Le projet de d\u00e9cret vise \u00e9galement, ajoute le ministre, \u00e0 d\u00e9finir les conditions d\u2019assurance autoris\u00e9es par la Caisse nationale des retraites et d\u2019assurances, relatives aux tarifs d\u2019assurance agr\u00e9es par la Caisse nationale de retraites et d\u2019assurances, et \u00e0 d\u00e9terminer la contribution de l\u2019assur\u00e9 aux prestations techniques et b\u00e9n\u00e9fices financiers que r\u00e9alise la Caisse nationale de retraites et d\u2019assurances par la cotisation de l\u2019assurance autoris\u00e9e.<\/p>\n<p class=\"c4\">Il d\u00e9finit aussi les informations et \u00e9l\u00e9ments \u00e0 inclure dans les contrats d\u2019assurance individuelle et collective ainsi que les informations qui doivent \u00eatre communiqu\u00e9es \u00e0 l\u2019assur\u00e9 par la Caisse nationale de retraites et d\u2019assurances.<\/p>\n<p class=\"c4\">Ce d\u00e9cret pr\u00e9cise \u00e9galement les canaux qui peuvent \u00eatre utilis\u00e9s par la Caisse pour payer les compensations et collecter les contributions et les capitaux constituant ses revenus, a ajout\u00e9 M. Amzazi.<\/p>\n<p>Auteur: Soufiane ELAHMAR<br \/>\n<a href=\"http:\/\/www.mapoujda.ma\/fr\/adoption-dun-projet-de-decret-instituant-une-caisse-nationale-de-retraites-et-dassurances\/\">Cliquez ici pour lire l&rsquo;article depuis sa source.<\/a><\/p>\n","protected":false},"excerpt":{"rendered":"<p>Le conseil de gouvernement, r\u00e9uni jeudi par visioconf\u00e9rence, sous la pr\u00e9sidence du chef du gouvernement, Saad Dine El Otmani, a examin\u00e9 et adopt\u00e9 le projet de d\u00e9cret N\u00b0 2.21.06 concernant la mise en \u0153uvre de certaines dispositions du Dahir N\u00b0 1.59.301 du 27 octobre 1959 instituant une caisse nationale de retraites et d\u2019assurances. Pr\u00e9sent\u00e9 par [&hellip;]<\/p>\n","protected":false},"author":1788,"featured_media":0,"comment_status":"closed","ping_status":"closed","sticky":false,"template":"","format":"standard","meta":{"fifu_image_url":"","fifu_image_alt":"","footnotes":""},"categories":[54,76],"tags":[],"class_list":["post-111524","post","type-post","status-publish","format-standard","hentry","category-maroc","category-regions"],"_links":{"self":[{"href":"https:\/\/linitiative.ca\/International\/wp-json\/wp\/v2\/posts\/111524","targetHints":{"allow":["GET"]}}],"collection":[{"href":"https:\/\/linitiative.ca\/International\/wp-json\/wp\/v2\/posts"}],"about":[{"href":"https:\/\/linitiative.ca\/International\/wp-json\/wp\/v2\/types\/post"}],"author":[{"embeddable":true,"href":"https:\/\/linitiative.ca\/International\/wp-json\/wp\/v2\/users\/1788"}],"replies":[{"embeddable":true,"href":"https:\/\/linitiative.ca\/International\/wp-json\/wp\/v2\/comments?post=111524"}],"version-history":[{"count":0,"href":"https:\/\/linitiative.ca\/International\/wp-json\/wp\/v2\/posts\/111524\/revisions"}],"wp:attachment":[{"href":"https:\/\/linitiative.ca\/International\/wp-json\/wp\/v2\/media?parent=111524"}],"wp:term":[{"taxonomy":"category","embeddable":true,"href":"https:\/\/linitiative.ca\/International\/wp-json\/wp\/v2\/categories?post=111524"},{"taxonomy":"post_tag","embeddable":true,"href":"https:\/\/linitiative.ca\/International\/wp-json\/wp\/v2\/tags?post=111524"}],"curies":[{"name":"wp","href":"https:\/\/api.w.org\/{rel}","templated":true}]}}