{"id":111526,"date":"2021-02-18T13:37:28","date_gmt":"2021-02-18T18:37:28","guid":{"rendered":"https:\/\/linitiative.ca\/International\/approbation-dun-projet-de-loi-relatif-au-processus-electoral\/"},"modified":"2021-02-18T13:37:28","modified_gmt":"2021-02-18T18:37:28","slug":"approbation-dun-projet-de-loi-relatif-au-processus-electoral","status":"publish","type":"post","link":"https:\/\/linitiative.ca\/International\/approbation-dun-projet-de-loi-relatif-au-processus-electoral\/","title":{"rendered":"Approbation d\u2019un projet de loi relatif au processus \u00e9lectoral"},"content":{"rendered":"<p class=\"c4\">Le Conseil de gouvernement, r\u00e9uni jeudi par visioconf\u00e9rence sous la pr\u00e9sidence du Chef du Gouvernement Saad Dine El Otmani, a approuv\u00e9 le projet de loi n\u00b0 10.21 modifiant et compl\u00e9tant la loi n\u00b0 57.11 relative aux listes \u00e9lectorales g\u00e9n\u00e9rales, aux op\u00e9rations de r\u00e9f\u00e9rendums et \u00e0 l\u2019utilisation des moyens audiovisuels publics lors des campagnes \u00e9lectorales et r\u00e9f\u00e9rendaires.<\/p>\n<p class=\"c4\">Pr\u00e9sent\u00e9 par le ministre de l\u2019Int\u00e9rieur, le texte fixe les d\u00e9lais relatifs respectivement aux nouvelles demandes d\u2019inscription et les demandes de transfert d\u2019inscription sur les listes \u00e9lectorales g\u00e9n\u00e9rales, aux r\u00e9unions des Commissions administratives, au d\u00e9p\u00f4t des tableaux rectificatifs, \u00e0 la communication des d\u00e9cisions des Commissions aux personnes concern\u00e9es, ainsi qu\u2019\u00e0 la date d\u2019arr\u00eat des listes \u00e9lectorales g\u00e9n\u00e9rales, a indiqu\u00e9 M. Saaid Amzazi, Porte-parole du gouvernement, dans un communiqu\u00e9 lu lors d\u2019un point de presse tenu \u00e0 l\u2019issue du Conseil.<\/p>\n<p class=\"c4\">Le projet de loi, a-t-il ajout\u00e9, comprend \u00e9galement des dispositions qui encouragent les citoyens ayant obtenu leur Carte nationale d\u2019identit\u00e9 \u00e9lectronique pour la premi\u00e8re fois, en particulier les jeunes, \u00e0 s\u2019inscrire sur les listes \u00e9lectorales g\u00e9n\u00e9rales.<\/p>\n<p class=\"c4\">Le ministre a soulign\u00e9 qu\u2019en r\u00e9ponse aux demandes des partis politiques concernant l\u2019abrogation de la disposition interdisant l\u2019utilisation de certains symboles nationaux dans la campagne \u00e9lectorale qui conduit dans certains cas \u00e0 l\u2019annulation des \u00e9lections, le projet de loi propose de lever l\u2019interdiction actuellement stipul\u00e9e de l\u2019utilisation de l\u2019hymne national et du portrait officiel de Sa Majest\u00e9 le Roi install\u00e9 dans les salles accueillant les r\u00e9unions \u00e9lectorales \u00e0 l\u2019occasion des campagnes \u00e9lectorales.<\/p>\n<p class=\"c4\">D\u2019autre part, le projet de loi pr\u00e9voit de nouvelles dispositions permettant l\u2019activation du fonds de soutien pour promouvoir la repr\u00e9sentativit\u00e9 des femmes au profit des porteurs de projets de sensibilisation et de formation dans les domaines li\u00e9s aux \u00e9lections r\u00e9gionales et \u00e0 la Chambre professionnelle, avec ce que cela exige au niveau de l\u2019abrogation de l\u2019article 288 de la loi n\u00b0 97-9 formant Code \u00e9lectoral.<\/p>\n<p>Auteur: Soufiane ELAHMAR<br \/>\n<a href=\"http:\/\/www.mapoujda.ma\/fr\/approbation-dun-projet-de-loi-relatif-au-processus-electoral\/\">Cliquez ici pour lire l&rsquo;article depuis sa source.<\/a><\/p>\n","protected":false},"excerpt":{"rendered":"<p>Le Conseil de gouvernement, r\u00e9uni jeudi par visioconf\u00e9rence sous la pr\u00e9sidence du Chef du Gouvernement Saad Dine El Otmani, a approuv\u00e9 le projet de loi n\u00b0 10.21 modifiant et compl\u00e9tant la loi n\u00b0 57.11 relative aux listes \u00e9lectorales g\u00e9n\u00e9rales, aux op\u00e9rations de r\u00e9f\u00e9rendums et \u00e0 l\u2019utilisation des moyens audiovisuels publics lors des campagnes \u00e9lectorales et [&hellip;]<\/p>\n","protected":false},"author":1788,"featured_media":0,"comment_status":"closed","ping_status":"closed","sticky":false,"template":"","format":"standard","meta":{"fifu_image_url":"","fifu_image_alt":"","footnotes":""},"categories":[54,76],"tags":[],"class_list":["post-111526","post","type-post","status-publish","format-standard","hentry","category-maroc","category-regions"],"_links":{"self":[{"href":"https:\/\/linitiative.ca\/International\/wp-json\/wp\/v2\/posts\/111526","targetHints":{"allow":["GET"]}}],"collection":[{"href":"https:\/\/linitiative.ca\/International\/wp-json\/wp\/v2\/posts"}],"about":[{"href":"https:\/\/linitiative.ca\/International\/wp-json\/wp\/v2\/types\/post"}],"author":[{"embeddable":true,"href":"https:\/\/linitiative.ca\/International\/wp-json\/wp\/v2\/users\/1788"}],"replies":[{"embeddable":true,"href":"https:\/\/linitiative.ca\/International\/wp-json\/wp\/v2\/comments?post=111526"}],"version-history":[{"count":0,"href":"https:\/\/linitiative.ca\/International\/wp-json\/wp\/v2\/posts\/111526\/revisions"}],"wp:attachment":[{"href":"https:\/\/linitiative.ca\/International\/wp-json\/wp\/v2\/media?parent=111526"}],"wp:term":[{"taxonomy":"category","embeddable":true,"href":"https:\/\/linitiative.ca\/International\/wp-json\/wp\/v2\/categories?post=111526"},{"taxonomy":"post_tag","embeddable":true,"href":"https:\/\/linitiative.ca\/International\/wp-json\/wp\/v2\/tags?post=111526"}],"curies":[{"name":"wp","href":"https:\/\/api.w.org\/{rel}","templated":true}]}}