{"id":111527,"date":"2021-02-18T11:24:55","date_gmt":"2021-02-18T16:24:55","guid":{"rendered":"https:\/\/linitiative.ca\/International\/transport-aerien-un-nouveau-directeur-nomme\/"},"modified":"2021-02-18T11:24:55","modified_gmt":"2021-02-18T16:24:55","slug":"transport-aerien-un-nouveau-directeur-nomme","status":"publish","type":"post","link":"https:\/\/linitiative.ca\/International\/transport-aerien-un-nouveau-directeur-nomme\/","title":{"rendered":"Transport a\u00e9rien: Un nouveau directeur nomm\u00e9"},"content":{"rendered":"<p class=\"rtejustify\">Un nouveau du transport a\u00e9rien a \u00e9t\u00e9 nomm\u00e9 lors du Conseil de gouvernement. Il s&rsquo;agit de Tarik Talbi nomm\u00e9 directeur du transport a\u00e9rien \u00e0 la Direction g\u00e9n\u00e9rale de l&rsquo;aviation civile (D\u00e9partement du Transport a\u00e9rien). Au d\u00e9partement du Tourisme, Hasna Zarrouk a \u00e9t\u00e9 d\u00e9sign\u00e9e directrice de la strat\u00e9gie et de la coop\u00e9ration.<\/p>\n<p>Auteur: hgueye<br \/>\n<a href=\"https:\/\/www.leconomiste.com\/flash-infos\/transport-aerien-un-nouveau-directeur-nomme\">Cliquez ici pour lire l&rsquo;article depuis sa source.<\/a><\/p>\n","protected":false},"excerpt":{"rendered":"<p>Un nouveau du transport a\u00e9rien a \u00e9t\u00e9 nomm\u00e9 lors du Conseil de gouvernement. Il s&rsquo;agit de Tarik Talbi nomm\u00e9 directeur du transport a\u00e9rien \u00e0 la Direction g\u00e9n\u00e9rale de l&rsquo;aviation civile (D\u00e9partement du Transport a\u00e9rien). Au d\u00e9partement du Tourisme, Hasna Zarrouk a \u00e9t\u00e9 d\u00e9sign\u00e9e directrice de la strat\u00e9gie et de la coop\u00e9ration. Auteur: hgueye Cliquez ici [&hellip;]<\/p>\n","protected":false},"author":1763,"featured_media":0,"comment_status":"closed","ping_status":"closed","sticky":false,"template":"","format":"standard","meta":{"fifu_image_url":"","fifu_image_alt":"","footnotes":""},"categories":[78,54],"tags":[],"class_list":["post-111527","post","type-post","status-publish","format-standard","hentry","category-economie","category-maroc"],"_links":{"self":[{"href":"https:\/\/linitiative.ca\/International\/wp-json\/wp\/v2\/posts\/111527","targetHints":{"allow":["GET"]}}],"collection":[{"href":"https:\/\/linitiative.ca\/International\/wp-json\/wp\/v2\/posts"}],"about":[{"href":"https:\/\/linitiative.ca\/International\/wp-json\/wp\/v2\/types\/post"}],"author":[{"embeddable":true,"href":"https:\/\/linitiative.ca\/International\/wp-json\/wp\/v2\/users\/1763"}],"replies":[{"embeddable":true,"href":"https:\/\/linitiative.ca\/International\/wp-json\/wp\/v2\/comments?post=111527"}],"version-history":[{"count":0,"href":"https:\/\/linitiative.ca\/International\/wp-json\/wp\/v2\/posts\/111527\/revisions"}],"wp:attachment":[{"href":"https:\/\/linitiative.ca\/International\/wp-json\/wp\/v2\/media?parent=111527"}],"wp:term":[{"taxonomy":"category","embeddable":true,"href":"https:\/\/linitiative.ca\/International\/wp-json\/wp\/v2\/categories?post=111527"},{"taxonomy":"post_tag","embeddable":true,"href":"https:\/\/linitiative.ca\/International\/wp-json\/wp\/v2\/tags?post=111527"}],"curies":[{"name":"wp","href":"https:\/\/api.w.org\/{rel}","templated":true}]}}