{"id":111528,"date":"2021-02-18T11:50:58","date_gmt":"2021-02-18T16:50:58","guid":{"rendered":"https:\/\/linitiative.ca\/International\/taux-debiteurs-baisse-de-046-point-en-2020\/"},"modified":"2021-02-18T11:50:58","modified_gmt":"2021-02-18T16:50:58","slug":"taux-debiteurs-baisse-de-046-point-en-2020","status":"publish","type":"post","link":"https:\/\/linitiative.ca\/International\/taux-debiteurs-baisse-de-046-point-en-2020\/","title":{"rendered":"Taux d\u00e9biteurs: Baisse de 0,46 point en 2020"},"content":{"rendered":"<p class=\"rtejustify\">Le taux d\u00e9biteur moyen appliqu\u00e9 par les banques s&rsquo;est \u00e9tabli \u00e0 4,42% au 4\u00e8me trimestre 2020, en hausse de 0,08 point sur trois mois. Compar\u00e9 \u00e0 la m\u00eame p\u00e9riode en 2019, il a baiss\u00e9 de 0,49 point. Sur l&rsquo;ensemble de l&rsquo;ann\u00e9e, le loyer de l&rsquo;argent a diminu\u00e9 de 0,46 point \u00e0 4,53% gr\u00e2ce notamment \u00e0 la double baisse du taux directeur en mars et juin.<\/p>\n<p class=\"rtejustify\"><em>F.Fa.<\/em><\/p>\n<p>Auteur: hgueye<br \/>\n<a href=\"https:\/\/www.leconomiste.com\/flash-infos\/taux-debiteurs-baisse-de-0-46-point-en-2020\">Cliquez ici pour lire l&rsquo;article depuis sa source.<\/a><\/p>\n","protected":false},"excerpt":{"rendered":"<p>Le taux d\u00e9biteur moyen appliqu\u00e9 par les banques s&rsquo;est \u00e9tabli \u00e0 4,42% au 4\u00e8me trimestre 2020, en hausse de 0,08 point sur trois mois. Compar\u00e9 \u00e0 la m\u00eame p\u00e9riode en 2019, il a baiss\u00e9 de 0,49 point. Sur l&rsquo;ensemble de l&rsquo;ann\u00e9e, le loyer de l&rsquo;argent a diminu\u00e9 de 0,46 point \u00e0 4,53% gr\u00e2ce notamment \u00e0 [&hellip;]<\/p>\n","protected":false},"author":1763,"featured_media":0,"comment_status":"closed","ping_status":"closed","sticky":false,"template":"","format":"standard","meta":{"fifu_image_url":"","fifu_image_alt":"","footnotes":""},"categories":[78,54],"tags":[],"class_list":["post-111528","post","type-post","status-publish","format-standard","hentry","category-economie","category-maroc"],"_links":{"self":[{"href":"https:\/\/linitiative.ca\/International\/wp-json\/wp\/v2\/posts\/111528","targetHints":{"allow":["GET"]}}],"collection":[{"href":"https:\/\/linitiative.ca\/International\/wp-json\/wp\/v2\/posts"}],"about":[{"href":"https:\/\/linitiative.ca\/International\/wp-json\/wp\/v2\/types\/post"}],"author":[{"embeddable":true,"href":"https:\/\/linitiative.ca\/International\/wp-json\/wp\/v2\/users\/1763"}],"replies":[{"embeddable":true,"href":"https:\/\/linitiative.ca\/International\/wp-json\/wp\/v2\/comments?post=111528"}],"version-history":[{"count":0,"href":"https:\/\/linitiative.ca\/International\/wp-json\/wp\/v2\/posts\/111528\/revisions"}],"wp:attachment":[{"href":"https:\/\/linitiative.ca\/International\/wp-json\/wp\/v2\/media?parent=111528"}],"wp:term":[{"taxonomy":"category","embeddable":true,"href":"https:\/\/linitiative.ca\/International\/wp-json\/wp\/v2\/categories?post=111528"},{"taxonomy":"post_tag","embeddable":true,"href":"https:\/\/linitiative.ca\/International\/wp-json\/wp\/v2\/tags?post=111528"}],"curies":[{"name":"wp","href":"https:\/\/api.w.org\/{rel}","templated":true}]}}