{"id":111530,"date":"2021-02-18T12:04:48","date_gmt":"2021-02-18T17:04:48","guid":{"rendered":"https:\/\/linitiative.ca\/International\/elections-2-projets-de-loi-adoptes\/"},"modified":"2021-02-18T12:04:48","modified_gmt":"2021-02-18T17:04:48","slug":"elections-2-projets-de-loi-adoptes","status":"publish","type":"post","link":"https:\/\/linitiative.ca\/International\/elections-2-projets-de-loi-adoptes\/","title":{"rendered":"\u00c9lections: 2 projets de loi adopt\u00e9s"},"content":{"rendered":"<p class=\"rtejustify\">La r\u00e9union du Conseil du gouvernement a \u00e9t\u00e9 marqu\u00e9e par l&rsquo;adoption de 2 nouveaux projets de loi relatifs aux \u00e9lections.<\/p>\n<p class=\"rtejustify\">Le premier porte sur l&rsquo;encadrement de l&rsquo;utilisation des m\u00e9dias audiovisuels durant la campagne \u00e9lectorale et le 2e sur la r\u00e9vision des listes \u00e9lectorales des membres des chambres professionnelles.<\/p>\n<p class=\"rtejustify\"><em>M.A.M.<\/em><\/p>\n<p class=\"rtejustify\">\u00a0<\/p>\n<p>Auteur: mbasraoui<br \/>\n<a href=\"https:\/\/www.leconomiste.com\/flash-infos\/elections-2-projets-de-loi-adoptes\">Cliquez ici pour lire l&rsquo;article depuis sa source.<\/a><\/p>\n","protected":false},"excerpt":{"rendered":"<p>La r\u00e9union du Conseil du gouvernement a \u00e9t\u00e9 marqu\u00e9e par l&rsquo;adoption de 2 nouveaux projets de loi relatifs aux \u00e9lections. Le premier porte sur l&rsquo;encadrement de l&rsquo;utilisation des m\u00e9dias audiovisuels durant la campagne \u00e9lectorale et le 2e sur la r\u00e9vision des listes \u00e9lectorales des membres des chambres professionnelles. M.A.M. \u00a0 Auteur: mbasraoui Cliquez ici pour [&hellip;]<\/p>\n","protected":false},"author":1763,"featured_media":0,"comment_status":"closed","ping_status":"closed","sticky":false,"template":"","format":"standard","meta":{"fifu_image_url":"","fifu_image_alt":"","footnotes":""},"categories":[78,54],"tags":[],"class_list":["post-111530","post","type-post","status-publish","format-standard","hentry","category-economie","category-maroc"],"_links":{"self":[{"href":"https:\/\/linitiative.ca\/International\/wp-json\/wp\/v2\/posts\/111530","targetHints":{"allow":["GET"]}}],"collection":[{"href":"https:\/\/linitiative.ca\/International\/wp-json\/wp\/v2\/posts"}],"about":[{"href":"https:\/\/linitiative.ca\/International\/wp-json\/wp\/v2\/types\/post"}],"author":[{"embeddable":true,"href":"https:\/\/linitiative.ca\/International\/wp-json\/wp\/v2\/users\/1763"}],"replies":[{"embeddable":true,"href":"https:\/\/linitiative.ca\/International\/wp-json\/wp\/v2\/comments?post=111530"}],"version-history":[{"count":0,"href":"https:\/\/linitiative.ca\/International\/wp-json\/wp\/v2\/posts\/111530\/revisions"}],"wp:attachment":[{"href":"https:\/\/linitiative.ca\/International\/wp-json\/wp\/v2\/media?parent=111530"}],"wp:term":[{"taxonomy":"category","embeddable":true,"href":"https:\/\/linitiative.ca\/International\/wp-json\/wp\/v2\/categories?post=111530"},{"taxonomy":"post_tag","embeddable":true,"href":"https:\/\/linitiative.ca\/International\/wp-json\/wp\/v2\/tags?post=111530"}],"curies":[{"name":"wp","href":"https:\/\/api.w.org\/{rel}","templated":true}]}}