{"id":111531,"date":"2021-02-18T12:24:18","date_gmt":"2021-02-18T17:24:18","guid":{"rendered":"https:\/\/linitiative.ca\/International\/covid19-477-nouveaux-cas-22-millions-de-vaccines\/"},"modified":"2021-02-18T12:24:18","modified_gmt":"2021-02-18T17:24:18","slug":"covid19-477-nouveaux-cas-22-millions-de-vaccines","status":"publish","type":"post","link":"https:\/\/linitiative.ca\/International\/covid19-477-nouveaux-cas-22-millions-de-vaccines\/","title":{"rendered":"Covid19: 477 nouveaux cas; 2,2 millions de vaccin\u00e9s"},"content":{"rendered":"<p class=\"rtejustify\">Le Maroc a enregistr\u00e9 <span class=\"c4\">477\u00a0<\/span>nouveaux cas de Covid19 durant les derni\u00e8res 24 heures, ce qui porte le total \u00e0 <span class=\"c4\">480 056\u00a0<\/span>cas confirm\u00e9s, d&rsquo;apr\u00e8s le nouveau bilan du minist\u00e8re de la Sant\u00e9 de ce jeudi 18\u00a0f\u00e9vrier 2021. Le nombre de personnes vaccin\u00e9es se chiffre \u00e0 <span class=\"c4\">2 233 123<\/span>, indique \u00e9galement le minist\u00e8re. Casablanca-Settat a enregistr\u00e9 <span class=\"c4\">252\u00a0<\/span>nouveaux cas, alors que la r\u00e9gion de<span class=\"c4\">\u00a0Tanger -T\u00e9touan- Al Hoceima<\/span> en compte <span class=\"c5\">51<\/span><span class=\"c5\">\u00a0<\/span>. Au total, <span class=\"c4\">10 589\u00a0<\/span>nouveaux tests ont \u00e9t\u00e9 r\u00e9alis\u00e9s.<\/p>\n<p class=\"rtejustify\">Quant au nombre de d\u00e9c\u00e8s, il s&rsquo;\u00e9tablit \u00e0 <span class=\"c4\">8 524\u00a0<\/span>, soit <strong>7\u00a0<\/strong>morts de plus en 24 heures (taux de l\u00e9talit\u00e9 1,8%), alors que <span class=\"c4\">970\u00a0<\/span>nouvelles gu\u00e9risons ont \u00e9t\u00e9 recens\u00e9es, soit au total <span class=\"c4\">462 436<\/span>(taux de gu\u00e9rison 96,3%). Le nombre de cas encore actifs atteint <span class=\"c4\">9 096<\/span>, dont <span class=\"c4\">432\u00a0<\/span>s\u00e9v\u00e8res. Parmi ces derniers,\u00a0<strong>36<\/strong> sont sous intubation, alors que <span class=\"c4\">242\u00a0<\/span>sont sous ventilation non invasive.<\/p>\n<p class=\"rtejustify\">Par ailleurs, le taux d&rsquo;occupation des lits d\u00e9di\u00e9s au Covid-19 atteint <strong>13,7%<\/strong>.<\/p>\n<blockquote readability=\"4.75\">\n<p class=\"rtejustify\"><strong>Pour plus de d\u00e9tails, voir l&rsquo;\u00e9volution en temps r\u00e9el de l&rsquo;\u00e9pid\u00e9mie sur <a href=\"https:\/\/www.leconomiste.com\/covid19\/\">https:\/\/www.leconomiste.com\/covid19\/<\/a><\/strong><\/p>\n<\/blockquote>\n<p>Auteur: mbasraoui<br \/>\n<a href=\"https:\/\/www.leconomiste.com\/flash-infos\/covid19-477-nouveaux-cas-2-2-million-de-vaccines\">Cliquez ici pour lire l&rsquo;article depuis sa source.<\/a><\/p>\n","protected":false},"excerpt":{"rendered":"<p>Le Maroc a enregistr\u00e9 477\u00a0nouveaux cas de Covid19 durant les derni\u00e8res 24 heures, ce qui porte le total \u00e0 480 056\u00a0cas confirm\u00e9s, d&rsquo;apr\u00e8s le nouveau bilan du minist\u00e8re de la Sant\u00e9 de ce jeudi 18\u00a0f\u00e9vrier 2021. Le nombre de personnes vaccin\u00e9es se chiffre \u00e0 2 233 123, indique \u00e9galement le minist\u00e8re. Casablanca-Settat a enregistr\u00e9 252\u00a0nouveaux [&hellip;]<\/p>\n","protected":false},"author":1763,"featured_media":0,"comment_status":"closed","ping_status":"closed","sticky":false,"template":"","format":"standard","meta":{"fifu_image_url":"","fifu_image_alt":"","footnotes":""},"categories":[78,54],"tags":[],"class_list":["post-111531","post","type-post","status-publish","format-standard","hentry","category-economie","category-maroc"],"_links":{"self":[{"href":"https:\/\/linitiative.ca\/International\/wp-json\/wp\/v2\/posts\/111531","targetHints":{"allow":["GET"]}}],"collection":[{"href":"https:\/\/linitiative.ca\/International\/wp-json\/wp\/v2\/posts"}],"about":[{"href":"https:\/\/linitiative.ca\/International\/wp-json\/wp\/v2\/types\/post"}],"author":[{"embeddable":true,"href":"https:\/\/linitiative.ca\/International\/wp-json\/wp\/v2\/users\/1763"}],"replies":[{"embeddable":true,"href":"https:\/\/linitiative.ca\/International\/wp-json\/wp\/v2\/comments?post=111531"}],"version-history":[{"count":0,"href":"https:\/\/linitiative.ca\/International\/wp-json\/wp\/v2\/posts\/111531\/revisions"}],"wp:attachment":[{"href":"https:\/\/linitiative.ca\/International\/wp-json\/wp\/v2\/media?parent=111531"}],"wp:term":[{"taxonomy":"category","embeddable":true,"href":"https:\/\/linitiative.ca\/International\/wp-json\/wp\/v2\/categories?post=111531"},{"taxonomy":"post_tag","embeddable":true,"href":"https:\/\/linitiative.ca\/International\/wp-json\/wp\/v2\/tags?post=111531"}],"curies":[{"name":"wp","href":"https:\/\/api.w.org\/{rel}","templated":true}]}}