{"id":111532,"date":"2021-02-18T11:30:00","date_gmt":"2021-02-18T16:30:00","guid":{"rendered":"https:\/\/linitiative.ca\/International\/lonu-appelle-a-coordonner-la-vaccination-contre-le-covid-19\/"},"modified":"2021-02-18T11:30:00","modified_gmt":"2021-02-18T16:30:00","slug":"lonu-appelle-a-coordonner-la-vaccination-contre-le-covid-19","status":"publish","type":"post","link":"https:\/\/linitiative.ca\/International\/lonu-appelle-a-coordonner-la-vaccination-contre-le-covid-19\/","title":{"rendered":"L&rsquo;ONU appelle \u00e0 coordonner la vaccination contre le Covid-19"},"content":{"rendered":"<p class=\"p1 c3\"><span class=\"c2\">Le Temps-Agences-Les membres du Conseil de s\u00e9curit\u00e9 de l&rsquo;ONU ont lanc\u00e9 hier des appels \u00e0 un effort mondial coordonn\u00e9 pour vacciner contre le Covid-19, avertissant que les in\u00e9galit\u00e9s b\u00e9antes dans les efforts initiaux mettent la plan\u00e8te enti\u00e8re en danger.<\/span><\/p>\n<p class=\"p1 c3\"><span class=\"c2\">Lors d&rsquo;une rare visioconf\u00e9rence minist\u00e9rielle consacr\u00e9e \u00e0 la sant\u00e9, un domaine non habituellement du ressort du Conseil de s\u00e9curit\u00e9, plusieurs chefs de la diplomatie ont r\u00e9clam\u00e9 davantage d&rsquo;unit\u00e9 face \u00e0 un fl\u00e9au mondial.<\/span><\/p>\n<p class=\"p1 c3\"><span class=\"c2\">\u00ab\u00a0Le monde a urgemment besoin d&rsquo;un plan mondial de vaccination pour rassembler tous ceux qui ont la puissance, l&rsquo;expertise scientifique et les capacit\u00e9s de production et financi\u00e8res requises\u00a0\u00bb, a soulign\u00e9 en introduction le secr\u00e9taire g\u00e9n\u00e9ral de l&rsquo;ONU, Antonio Guterres.<\/span><\/p>\n<p class=\"p1 c3\"><span class=\"c2\">\u00ab\u00a0Le G20 (rassemblant les vingt plus puissantes \u00e9conomies de la plan\u00e8te) est bien plac\u00e9 pour \u00e9tablir un groupe de travail d&rsquo;urgence charg\u00e9 de pr\u00e9parer un tel plan mondial de vaccination et de coordonner sa mise en oeuvre et son financement\u00a0\u00bb, a-t-il ajout\u00e9, en estimant aussi que le G7, sous pr\u00e9sidence britannique et dont un sommet est pr\u00e9vu vendredi, \u00ab\u00a0peut cr\u00e9er l&rsquo;\u00e9lan n\u00e9cessaire pour mobiliser les ressources financi\u00e8res\u00a0\u00bb.<\/span><\/p>\n<p class=\"p1 c3\"><span class=\"c2\">Parmi les 15 membres du Conseil de s\u00e9curit\u00e9, figurent les plus gros producteurs de vaccins: Etats-Unis, Russie, Chine, Royaume-Uni et Inde.<\/span><\/p>\n<p class=\"p1 c3\"><span class=\"c2\">Plusieurs ministres, comme le Chinois Wang Yi ou le Britannique Dominic Raab, ont r\u00e9clam\u00e9 \u00ab\u00a0plus de solidarit\u00e9 et de coop\u00e9ration\u00a0\u00bb.<\/span><\/p>\n<p class=\"p1 c3\"><span class=\"c2\">Le chef de l&rsquo;ONU a d\u00e9nonc\u00e9 des \u00ab\u00a0progr\u00e8s en mati\u00e8re de vaccination extr\u00eamement in\u00e9gaux et injustes\u00a0\u00bb. \u00ab\u00a0Dix pays seulement ont administr\u00e9 75% de tous les vaccins Covid-19. Pendant ce temps, plus de 130 pays n&rsquo;ont pas re\u00e7u une seule dose\u00a0\u00bb, a-t-il lanc\u00e9.<\/span><\/p>\n<p class=\"p1 c3\"><span class=\"c2\">Le chef de la diplomatie mexicaine, Marcelo Ebrard Casaubon, s&rsquo;en est aussi pris \u00e0 une \u00ab\u00a0injustice\u00a0\u00bb et \u00e0 \u00ab\u00a0une fracture de plus en plus profonde\u00a0\u00bb entre quelques pays riches qui \u00ab\u00a0s&rsquo;accaparent les vaccins\u00a0\u00bb et les autres.<\/span><\/p>\n<p class=\"p1 c3\"><span class=\"c2\">Le chef de la diplomatie am\u00e9ricaine, Antony Blinken, a annonc\u00e9 que les Etats-Unis allaient verser avant la fin du mois plus de 200 millions de dollars \u00e0 l&rsquo;Organisation mondiale de la Sant\u00e9 (OMS).<\/span><\/p>\n<p class=\"p1 c3\"><span class=\"c2\">Henrietta Fore, directrice de l&rsquo;agence onusienne Unicef, a affirm\u00e9 que \u00ab\u00a0dans cet effort historique, nous devons inclure les millions de personnes qui vivent ou fuient les conflits et l&rsquo;instabilit\u00e9\u00a0\u00bb.<\/span><\/p>\n<p class=\"p1 c3\"><span class=\"c2\">Les ministres indien S. Jaishankar et chinois ont annonc\u00e9 que leurs pays allaient fournir des vaccins pour les Casques bleus.<\/span><\/p>\n<p>Auteur: letemps1<br \/>\n<a href=\"http:\/\/www.letemps.com.tn\/article\/119324\/lonu-appelle-%C3%A0-coordonner-la-vaccination-contre-le-covid-19\">Cliquez ici pour lire l&rsquo;article depuis sa source.<\/a><\/p>\n","protected":false},"excerpt":{"rendered":"<p>Le Temps-Agences-Les membres du Conseil de s\u00e9curit\u00e9 de l&rsquo;ONU ont lanc\u00e9 hier des appels \u00e0 un effort mondial coordonn\u00e9 pour vacciner contre le Covid-19, avertissant que les in\u00e9galit\u00e9s b\u00e9antes dans les efforts initiaux mettent la plan\u00e8te enti\u00e8re en danger. Lors d&rsquo;une rare visioconf\u00e9rence minist\u00e9rielle consacr\u00e9e \u00e0 la sant\u00e9, un domaine non habituellement du ressort du [&hellip;]<\/p>\n","protected":false},"author":1773,"featured_media":0,"comment_status":"closed","ping_status":"closed","sticky":false,"template":"","format":"standard","meta":{"fifu_image_url":"","fifu_image_alt":"","footnotes":""},"categories":[73,55],"tags":[],"class_list":["post-111532","post","type-post","status-publish","format-standard","hentry","category-actualite","category-tunisie"],"_links":{"self":[{"href":"https:\/\/linitiative.ca\/International\/wp-json\/wp\/v2\/posts\/111532","targetHints":{"allow":["GET"]}}],"collection":[{"href":"https:\/\/linitiative.ca\/International\/wp-json\/wp\/v2\/posts"}],"about":[{"href":"https:\/\/linitiative.ca\/International\/wp-json\/wp\/v2\/types\/post"}],"author":[{"embeddable":true,"href":"https:\/\/linitiative.ca\/International\/wp-json\/wp\/v2\/users\/1773"}],"replies":[{"embeddable":true,"href":"https:\/\/linitiative.ca\/International\/wp-json\/wp\/v2\/comments?post=111532"}],"version-history":[{"count":0,"href":"https:\/\/linitiative.ca\/International\/wp-json\/wp\/v2\/posts\/111532\/revisions"}],"wp:attachment":[{"href":"https:\/\/linitiative.ca\/International\/wp-json\/wp\/v2\/media?parent=111532"}],"wp:term":[{"taxonomy":"category","embeddable":true,"href":"https:\/\/linitiative.ca\/International\/wp-json\/wp\/v2\/categories?post=111532"},{"taxonomy":"post_tag","embeddable":true,"href":"https:\/\/linitiative.ca\/International\/wp-json\/wp\/v2\/tags?post=111532"}],"curies":[{"name":"wp","href":"https:\/\/api.w.org\/{rel}","templated":true}]}}