{"id":111534,"date":"2021-02-18T11:30:00","date_gmt":"2021-02-18T16:30:00","guid":{"rendered":"https:\/\/linitiative.ca\/International\/memoires-et-histoire-de-hechmi-habib-kooli\/"},"modified":"2021-02-18T11:30:00","modified_gmt":"2021-02-18T16:30:00","slug":"memoires-et-histoire-de-hechmi-habib-kooli","status":"publish","type":"post","link":"https:\/\/linitiative.ca\/International\/memoires-et-histoire-de-hechmi-habib-kooli\/","title":{"rendered":"M\u00e9moires et Histoire de Hechmi Habib Kooli"},"content":{"rendered":"<p class=\"p1 c3\"><span class=\"c2\"><strong>Le Temps \u2013 Mohamed KILANI<\/strong><\/span><\/p>\n<p class=\"p1 c3\"><span class=\"c2\"><strong>Parce que sa trajectoire est digne de partage que Hechmi Kooli nous gratifie d\u2019un livre dont le titre est \u00e0 lui seul \u00e9vocateur : M\u00e9moires et Histoire.<\/strong><\/span><\/p>\n<p class=\"p1 c4\"><span class=\"c2\">L\u2019auteur est l\u2019un des capitaines de l\u2019industrie du textile en Tunisie. Sa carri\u00e8re s\u2019est \u00e9tal\u00e9e sur 60 ans, entre secteurs public et priv\u00e9. Ses performances ne se comptent pas de l\u2019avis de ses contemporains, qu\u2019ils soient ses sup\u00e9rieurs, ses coll\u00e8gues ou ses collaborateurs.<\/span><\/p>\n<p class=\"p1 c4\"><span class=\"c2\">En v\u00e9ritable conteur, Hechmi Kooli vous entra\u00eene, vous captive, vous invite dans ses univers, voire ses royaumes, l\u00e0 o\u00f9 il a grandi, appris et travaill\u00e9. Il vous introduit dans son monde affectif qui le distingue des autres. Il vous parle avec la sensibilit\u00e9 d\u2019un enfant, heureux de restituer des souvenirs sans revendiquer le statut de h\u00e9ros ou le m\u00e9rite d\u2019un superman. Certaines p\u00e9rip\u00e9ties insolites ne le mettent pas sous le meilleur jour, signe d\u2019un art de l\u2019autod\u00e9rision qui caract\u00e9rise les \u00e2mes sup\u00e9rieures. Les souffrances endur\u00e9es \u00e0 Roubaix lors du rituel sacr\u00e9 du bizutage illustre parfaitement le mode de pens\u00e9e de l\u2019homme et son humilit\u00e9.<\/span><\/p>\n<p class=\"p1 c4\"><span class=\"c2\">Roubaix, justement. Hechmi Kooli d\u00e9couvre la capitale du textile en octobre 1956. Apr\u00e8s son baccalaur\u00e9at d\u00e9croch\u00e9 au lyc\u00e9e de Sousse qui a forg\u00e9 son caract\u00e8re et habilit\u00e9 \u00e0 prendre \u00e0 bras le corps son propre destin, il opte pour cette fili\u00e8re, quasiment par engagement naturel : l\u2019enfant de Ksar Hellal est pr\u00e9destin\u00e9 \u00e0 embrasser une carri\u00e8re dans un secteur qui a fait la renomm\u00e9e de la ville, outre le Congr\u00e8s du N\u00e9o Destour en mars 1934. Le jeune \u00e9tudiant est convaincu qu\u2019un boulevard est ouvert devant la ville et le secteur pour peu que la modernisation s\u2019en m\u00eale. La suite est une v\u00e9ritable saga qui se vit en trois \u00e9tapes :<span class=\"Apple-converted-space\">\u00a0<\/span><\/span><\/p>\n<p class=\"p1 c4\"><span class=\"c2\">1 -Les \u00e9tudes \u00e0 Roubaix qui durent trois ans. L\u2019auteur nous permet de l\u2019accompagner dans son premier voyage par bateau et train avec une \u00e9tonnante m\u00e9moire qui retient de menus d\u00e9tails et qui font le charme du r\u00e9cit. Les \u00e9tudes dans leur complexit\u00e9 sont d\u00e9taill\u00e9es avec pr\u00e9cision quant aux mati\u00e8res, et aux enseignants, cit\u00e9s tous sous l\u2019angle tant humain que p\u00e9dagogique. Un exercice hors du commun qui fait de document des archives pour l\u2019ENSAIT (Ecole nationale sup\u00e9rieure des arts et industries textiles de Roubaix) elle-m\u00eame. Hechmi Kooli est, faut-il le pr\u00e9ciser le premier Tunisie dipl\u00f4m\u00e9 de cette \u00e9cole. Etant m\u00eame l\u2019embl\u00e8me de son pays, certains l\u2019appelaient Bourguiba puisque son pr\u00e9nom est Hechmi-Habib. Un sujet de fiert\u00e9 fort l\u00e9gitime.<\/span><\/p>\n<p class=\"p1 c4\"><span class=\"c2\">1-<span class=\"Apple-converted-space\">\u00a0<\/span> La carri\u00e8re dans le secteur public. Aur\u00e9ol\u00e9 d\u2019un dipl\u00f4me d\u2019ing\u00e9nieur en textile, il d\u00e9marre sans tarder sa carri\u00e8re comme directeur de la production \u00e0 Ksar Hellal. Sa passion pour le travail est ainsi mise \u00e0 contribution puisque le volume et la qualit\u00e9 du produit sont les seuls indicateurs de sa comp\u00e9tence et de ses performances. L\u00e0, le jeune homme est dans son jardin : il se plait dans son r\u00f4le, alliant rigueur et humanisme, autorit\u00e9 et souplesse, fermet\u00e9 et tol\u00e9rance. Son potentiel acad\u00e9mique technique, conjugu\u00e9 \u00e0 ses qualit\u00e9s de manager lui ont apport\u00e9 le charisme que nul ne peut contester ou alt\u00e9rer. Cela durera ann\u00e9es qui lui ont permis de vivre des moments exceptionnels dans son microcosme professionnel. Les rencontres avec les tenants du pouvoir ont \u00e9t\u00e9 autant de bonus. La plus marquante a \u00e9t\u00e9 celle avec Bourguiba- le vrai-, ancien camarade du p\u00e8re Ali Kooli au Coll\u00e8ge Sadiki.<\/span><\/p>\n<p class=\"p1 c4\"><span class=\"c2\">2-<span class=\"Apple-converted-space\">\u00a0<\/span> Le secteur priv\u00e9. Le d\u00e9veloppement du secteur et les sollicitations du priv\u00e9 d\u00e9cident \u00e0 la place de Hechmi Kooli. Quinze ans dans le secteur public entre Ksar Hellal et Bir Kassaa avec leurs lots de promotions et de satisfactions pr\u00e9dispos\u00e9 le bonhomme \u00e0 voler de ses propres ailes et de s\u2019affirmer dans un registre pointu, celui de la lingerie et ses d\u00e9riv\u00e9s. Quarante-trois ans s\u2019\u00e9couleront \u00e0 une cadence r\u00e9guli\u00e8re qui ont permis \u00e0 l\u2019homme d\u2019occuper son pr\u00e9 carr\u00e9 et de rayonner m\u00eame \u00e0 l\u2019international.<\/span><\/p>\n<p class=\"p1 c4\"><span class=\"c2\">Mais au-del\u00e0 du parcours professionnel, l\u2019auteur ne se prive pas de nous gratifier d\u2019un r\u00e9cit relatif \u00e0 ses autres faits d\u2019armes dans le syndical, la politique et l\u2019associatif. A l\u2019\u00e9vidence, l\u2019homme ne s\u2019est pas ennuy\u00e9 dans sa vie. Les carnets de voyage aux quatre coins du monde sont \u00e9galement des curiosit\u00e9s consubstantielles \u00e0 la nature d\u2019un homme expansif, empathique et port\u00e9 vers l\u2019autre. Le seul inventaire des noms figurant dans ce livre est \u00e0 lui seul symptomatique de la nature sp\u00e9cifique de l\u2019homme. Des passages hautement didactiques aideront le lecteur \u00e0 mieux s\u2019incruster dans le domaine du textile pour saisir les nuances entre l\u2019origine des tissus, l\u2019\u00e9volution du textile \u00e0 travers l\u2019histoire, la cartographie de la production tant sur le plan arabe ou mondial et l\u2019\u00e9volution du secteur en Tunisie et le palier gravi par notre pays sur<span class=\"Apple-converted-space\">\u00a0<\/span> le march\u00e9 mondial<\/span><\/p>\n<p class=\"p1 c4\"><span class=\"c2\">En somme, un livre d\u2019histoire autour de la trajectoire singuli\u00e8re d\u2019un homme g\u00e9n\u00e9reux \u00e0 toutes les \u00e9chelles. Avec cet ouvrage, il livre ses souvenirs et ses secrets et ne conserve pour lui que le minimum.<\/span><\/p>\n<p class=\"p1 c3\">\u00a0<\/p>\n<p class=\"p2 c5\"><span class=\"c2\"><strong>M.K.<\/strong><\/span><\/p>\n<p>Auteur: letemps1<br \/>\n<a href=\"http:\/\/www.letemps.com.tn\/article\/119326\/m%C3%A9moires-et-histoire-de-hechmi-habib-kooli\">Cliquez ici pour lire l&rsquo;article depuis sa source.<\/a><\/p>\n","protected":false},"excerpt":{"rendered":"<p>Le Temps \u2013 Mohamed KILANI Parce que sa trajectoire est digne de partage que Hechmi Kooli nous gratifie d\u2019un livre dont le titre est \u00e0 lui seul \u00e9vocateur : M\u00e9moires et Histoire. L\u2019auteur est l\u2019un des capitaines de l\u2019industrie du textile en Tunisie. Sa carri\u00e8re s\u2019est \u00e9tal\u00e9e sur 60 ans, entre secteurs public et priv\u00e9. [&hellip;]<\/p>\n","protected":false},"author":1773,"featured_media":0,"comment_status":"closed","ping_status":"closed","sticky":false,"template":"","format":"standard","meta":{"fifu_image_url":"","fifu_image_alt":"","footnotes":""},"categories":[73,55],"tags":[],"class_list":["post-111534","post","type-post","status-publish","format-standard","hentry","category-actualite","category-tunisie"],"_links":{"self":[{"href":"https:\/\/linitiative.ca\/International\/wp-json\/wp\/v2\/posts\/111534","targetHints":{"allow":["GET"]}}],"collection":[{"href":"https:\/\/linitiative.ca\/International\/wp-json\/wp\/v2\/posts"}],"about":[{"href":"https:\/\/linitiative.ca\/International\/wp-json\/wp\/v2\/types\/post"}],"author":[{"embeddable":true,"href":"https:\/\/linitiative.ca\/International\/wp-json\/wp\/v2\/users\/1773"}],"replies":[{"embeddable":true,"href":"https:\/\/linitiative.ca\/International\/wp-json\/wp\/v2\/comments?post=111534"}],"version-history":[{"count":0,"href":"https:\/\/linitiative.ca\/International\/wp-json\/wp\/v2\/posts\/111534\/revisions"}],"wp:attachment":[{"href":"https:\/\/linitiative.ca\/International\/wp-json\/wp\/v2\/media?parent=111534"}],"wp:term":[{"taxonomy":"category","embeddable":true,"href":"https:\/\/linitiative.ca\/International\/wp-json\/wp\/v2\/categories?post=111534"},{"taxonomy":"post_tag","embeddable":true,"href":"https:\/\/linitiative.ca\/International\/wp-json\/wp\/v2\/tags?post=111534"}],"curies":[{"name":"wp","href":"https:\/\/api.w.org\/{rel}","templated":true}]}}