{"id":111535,"date":"2021-02-18T11:30:00","date_gmt":"2021-02-18T16:30:00","guid":{"rendered":"https:\/\/linitiative.ca\/International\/le-musicien-tunisien-hamadi-ben-othman-nest-plus\/"},"modified":"2021-02-18T11:30:00","modified_gmt":"2021-02-18T16:30:00","slug":"le-musicien-tunisien-hamadi-ben-othman-nest-plus","status":"publish","type":"post","link":"https:\/\/linitiative.ca\/International\/le-musicien-tunisien-hamadi-ben-othman-nest-plus\/","title":{"rendered":"Le musicien tunisien Hamadi Ben Othman n\u2019est plus"},"content":{"rendered":"<p class=\"p1 c3\"><span class=\"c2\"><strong>Le Temps-TAP &#8211; Le compositeur tunisien Hamadi Ben Othman est d\u00e9c\u00e9d\u00e9 mardi16 f\u00e9vrier 2021 \u00e0 l\u2019\u00e2ge de 75ans. Il \u00e9tait connu par ses magnifiques compositions et \u00e9tait laur\u00e9at du prix de la meilleure production musicale d\u00e9cern\u00e9e par l\u2019Acad\u00e9mie Arabe de Musique en 2015.<span class=\"Apple-converted-space\">\u00a0<\/span><\/strong><\/span><\/p>\n<p class=\"p1 c4\"><span class=\"c2\">Il fut l\u2019un des pionniers de la renaissance de la musique tunisienne dans les ann\u00e9es 80\u2019. Son apport consid\u00e9rable au sein du Minist\u00e8re des Affaires Culturelles et dans les deux \u00e9tablissements de la Radio et de la T\u00e9l\u00e9vision, a fait de lui l\u2019un des fondateurs du paysage moderne de la musique en Tunisie.<\/span><\/p>\n<p class=\"p1 c4\"><span class=\"c2\">N\u00e9 le 31 janvier 1946 \u00e0 Tunis, le compositeur a \u00e9galement \u00e9t\u00e9 \u00e0 la t\u00eate de diff\u00e9rentes troupes musicales, principalement la Troupe nationale de la Musique et la Troupe des arts populaires, entre 1985 et 1990.<\/span><\/p>\n<p class=\"p1 c4\"><span class=\"c2\">Cet artiste qui a collabor\u00e9 avec la plupart des troupes th\u00e9\u00e2trales \u00e0 compos\u00e9 pour plus de 40 \u0153uvres th\u00e9\u00e2trales et la musique embl\u00e9matique des Journ\u00e9es Th\u00e9\u00e2trales de Carthage (JTC), depuis sa cr\u00e9ation en 1983. Il a \u00e9galement compos\u00e9 la musique de feuilletons \u00e0 succ\u00e8s diffus\u00e9s sur la cha\u00eene de la T\u00e9l\u00e9vision tunisienne comme \u00ab\u00a0El Kottab al bab \u00a0\u00bb \u00ab\u00a0Bab el khoukha \u00a0\u00bb et \u00ab\u00a0Ekhoua we zman \u00ab\u00a0.<\/span><\/p>\n<p class=\"p1 c3\">\u00a0<\/p>\n<p class=\"p1 c4\"><span class=\"c2\">Dans le cin\u00e9ma, Ben Othmane est auteur de musiques de films comme \u00ab\u00a0Poussi\u00e8res de Diamant \u00a0\u00bb (Chich Kan) (1991) de Mohamed Ben Mahmoud et Fadhel Jaibi et \u00ab\u00a0Le Sultan de la M\u00e9dina \u00a0\u00bb de Moncef Douib (1992) et \u00a0\u00bb Habiba Mesika, la Danse de feu\u00a0\u00bb de Selma Baccar (1995).<\/span><\/p>\n<p>Auteur: letemps1<br \/>\n<a href=\"http:\/\/www.letemps.com.tn\/article\/119327\/le-musicien-tunisien-hamadi-ben-othman-n%E2%80%99est-plus\">Cliquez ici pour lire l&rsquo;article depuis sa source.<\/a><\/p>\n","protected":false},"excerpt":{"rendered":"<p>Le Temps-TAP &#8211; Le compositeur tunisien Hamadi Ben Othman est d\u00e9c\u00e9d\u00e9 mardi16 f\u00e9vrier 2021 \u00e0 l\u2019\u00e2ge de 75ans. Il \u00e9tait connu par ses magnifiques compositions et \u00e9tait laur\u00e9at du prix de la meilleure production musicale d\u00e9cern\u00e9e par l\u2019Acad\u00e9mie Arabe de Musique en 2015.\u00a0 Il fut l\u2019un des pionniers de la renaissance de la musique tunisienne [&hellip;]<\/p>\n","protected":false},"author":1773,"featured_media":0,"comment_status":"closed","ping_status":"closed","sticky":false,"template":"","format":"standard","meta":{"fifu_image_url":"","fifu_image_alt":"","footnotes":""},"categories":[73,55],"tags":[],"class_list":["post-111535","post","type-post","status-publish","format-standard","hentry","category-actualite","category-tunisie"],"_links":{"self":[{"href":"https:\/\/linitiative.ca\/International\/wp-json\/wp\/v2\/posts\/111535","targetHints":{"allow":["GET"]}}],"collection":[{"href":"https:\/\/linitiative.ca\/International\/wp-json\/wp\/v2\/posts"}],"about":[{"href":"https:\/\/linitiative.ca\/International\/wp-json\/wp\/v2\/types\/post"}],"author":[{"embeddable":true,"href":"https:\/\/linitiative.ca\/International\/wp-json\/wp\/v2\/users\/1773"}],"replies":[{"embeddable":true,"href":"https:\/\/linitiative.ca\/International\/wp-json\/wp\/v2\/comments?post=111535"}],"version-history":[{"count":0,"href":"https:\/\/linitiative.ca\/International\/wp-json\/wp\/v2\/posts\/111535\/revisions"}],"wp:attachment":[{"href":"https:\/\/linitiative.ca\/International\/wp-json\/wp\/v2\/media?parent=111535"}],"wp:term":[{"taxonomy":"category","embeddable":true,"href":"https:\/\/linitiative.ca\/International\/wp-json\/wp\/v2\/categories?post=111535"},{"taxonomy":"post_tag","embeddable":true,"href":"https:\/\/linitiative.ca\/International\/wp-json\/wp\/v2\/tags?post=111535"}],"curies":[{"name":"wp","href":"https:\/\/api.w.org\/{rel}","templated":true}]}}