{"id":111536,"date":"2021-02-18T11:30:00","date_gmt":"2021-02-18T16:30:00","guid":{"rendered":"https:\/\/linitiative.ca\/International\/alice-au-pays-des-merveilles-vue-par-des-peintres\/"},"modified":"2021-02-18T11:30:00","modified_gmt":"2021-02-18T16:30:00","slug":"alice-au-pays-des-merveilles-vue-par-des-peintres","status":"publish","type":"post","link":"https:\/\/linitiative.ca\/International\/alice-au-pays-des-merveilles-vue-par-des-peintres\/","title":{"rendered":"\u00ab Alice au Pays des Merveilles \u00bb, vue par des peintres"},"content":{"rendered":"<p class=\"p1 c3\"><span class=\"c2\"><strong>Le Temps-Hechmi KHALLADI<\/strong><\/span><\/p>\n<p class=\"p1 c3\"><span class=\"c2\"><strong>Depuis le samedi 30 janvier et jusqu\u2019au 15 mars prochain, Musk and Amber Galery pr\u00e9sente \u00ab IT\u2019S ONLY A DREAM \u00bb, une exposition collective exceptionnelle qui r\u00e9unit 25 artistes-peintres autour du th\u00e8me \u00ab Alice au Pays des merveilles \u00bb, le fameux conte de Lewis Carroll. Une charmante rencontre entre litt\u00e9rature et peinture.<span class=\"Apple-converted-space\">\u00a0<\/span><\/strong><\/span><\/p>\n<p class=\"p1 c4\"><span class=\"c2\">Les exposants sont : Abdesselem Elfaleh, AjnoS, Beatrice Brunazzo, Gloria Giorgia Gaspari, Bessma Haddaoui, Elena Fregni, Faten Gaddes, Fatima J. Atallah, H\u00e8la Lamine, Hicham Lahlou, L\u2019Homme Jaune, Ivana Flores, Lina Ben Ayed, Marianne Catzaras, Meriem Bouderbela, Michela Margherita Sarti, Mohammed Elouanti, Omar Bey, Othmane Taleb, Sadek Lamri, Samir Makhlouf, V\u00e9ronique Engels, Wissem Ben Hassine et Walid Zouari. Tous ces artistes, tunisiens et \u00e9trangers, ont \u00e9t\u00e9 soigneusement s\u00e9lectionn\u00e9s par Michela Margherita Sarti, commissaire de l\u2019exposition.<\/span><\/p>\n<p class=\"p1 c4\"><span class=\"c2\">L\u2019on se souvient encore d\u2019\u00abAlice au pays des merveilles \u00bb, cette histoire imaginaire que nous avons lue et relue avec beaucoup d\u2019admiration dans notre enfance, qui \u00ab raconte l\u2019histoire d&rsquo;Alice, une jeune fille qui se retrouve catapult\u00e9e dans un \u00abland\u00bb souterrain fait de paradoxes et d&rsquo;absurdit\u00e9s, un monde fantastique peupl\u00e9 d&rsquo;\u00e9tranges cr\u00e9atures&#8230; un monde o\u00f9 l\u2019impossible n\u2019existe pas&#8230; Ce conte est rest\u00e9 dans l\u2019histoire comme un grand chef-d\u2019\u0153uvre qui a fait r\u00eaver les enfants du monde entier, ayant travers\u00e9 les ann\u00e9es sans prendre une ride et en s\u2019adaptant aux diff\u00e9rents modes graphiques (cin\u00e9ma, chanson, illustrations, bandes dessin\u00e9es, peintures\u2026)<\/span><\/p>\n<p class=\"p1 c4\"><span class=\"c2\">L\u2019\u0153uvre de Lewis Caroll \u00abAlice aux pays des merveilles\u00bb semble \u00eatre aux yeux des artistes une source intarissable dont ils ne cessent de s\u2019inspirer\u2026 En effet, plusieurs peintres ont peint les personnages et les univers d\u2019\u00abAlice aux pays des merveilles \u00bb, cr\u00e9ant des \u0153uvres artistiques ludiques et passionnants aussi bien pour enfants que pour adultes, tout en rendant hommage au conte de Lewis Carroll. D\u00e9j\u00e0 en 1969, Salvador Dal\u00ed, l\u2019illustre peintre espagnol, a pos\u00e9 sa signature dans une s\u00e9rie d\u2019illustrations oniriques concernant ce conte. La derni\u00e8re adaptation en images est celle r\u00e9alis\u00e9e par l\u2019illustrateur Benjamin Lacombe en 2015.<span class=\"Apple-converted-space\">\u00a0<\/span><\/span><\/p>\n<p class=\"p1 c4\"><span class=\"c2\">Dans cette exposition, il s\u2019agit donc de convertir ce conte de f\u00e9e en images, moyennant la vision, l\u2019imaginaire et les \u00e9motions du peintre qu\u2019il transcrit sur la toile. C\u2019est que le visiteur va plonger dans un monde magique, fantastique, envo\u00fbtant, voire surr\u00e9aliste. Les \u0153uvres expos\u00e9es proposent un univers doux, charmant, magique et tendre avec des personnages mignons et attachants, offrant ainsi un monde o\u00f9 se m\u00ealent humour, f\u00e9\u00e9rie et \u00e9tranget\u00e9. Les dessins sont tr\u00e8s fournis, d\u00e9taill\u00e9s et fantastiques, avec des couleurs flamboyantes, claires et gaies : un travail minutieux et talentueux !<\/span><\/p>\n<p class=\"p1 c4\"><span class=\"c2\">Pour les amateurs des arts plastiques ou ceux qui pr\u00e9voient une escapade dans les Berges du Lac, ne ratez pas cette exposition qui se tient jusqu\u2019au 15 mars prochain.<\/span><\/p>\n<p class=\"p1 c3\">\u00a0<\/p>\n<p class=\"p2 c5\"><span class=\"c2\"><strong>H.K<\/strong><\/span><\/p>\n<p>Auteur: letemps1<br \/>\n<a href=\"http:\/\/www.letemps.com.tn\/article\/119328\/%C2%AB-alice-au-pays-des-merveilles-%C2%BB-vue-par-des-peintres\">Cliquez ici pour lire l&rsquo;article depuis sa source.<\/a><\/p>\n","protected":false},"excerpt":{"rendered":"<p>Le Temps-Hechmi KHALLADI Depuis le samedi 30 janvier et jusqu\u2019au 15 mars prochain, Musk and Amber Galery pr\u00e9sente \u00ab IT\u2019S ONLY A DREAM \u00bb, une exposition collective exceptionnelle qui r\u00e9unit 25 artistes-peintres autour du th\u00e8me \u00ab Alice au Pays des merveilles \u00bb, le fameux conte de Lewis Carroll. Une charmante rencontre entre litt\u00e9rature et peinture.\u00a0 [&hellip;]<\/p>\n","protected":false},"author":1773,"featured_media":0,"comment_status":"closed","ping_status":"closed","sticky":false,"template":"","format":"standard","meta":{"fifu_image_url":"","fifu_image_alt":"","footnotes":""},"categories":[73,55],"tags":[],"class_list":["post-111536","post","type-post","status-publish","format-standard","hentry","category-actualite","category-tunisie"],"_links":{"self":[{"href":"https:\/\/linitiative.ca\/International\/wp-json\/wp\/v2\/posts\/111536","targetHints":{"allow":["GET"]}}],"collection":[{"href":"https:\/\/linitiative.ca\/International\/wp-json\/wp\/v2\/posts"}],"about":[{"href":"https:\/\/linitiative.ca\/International\/wp-json\/wp\/v2\/types\/post"}],"author":[{"embeddable":true,"href":"https:\/\/linitiative.ca\/International\/wp-json\/wp\/v2\/users\/1773"}],"replies":[{"embeddable":true,"href":"https:\/\/linitiative.ca\/International\/wp-json\/wp\/v2\/comments?post=111536"}],"version-history":[{"count":0,"href":"https:\/\/linitiative.ca\/International\/wp-json\/wp\/v2\/posts\/111536\/revisions"}],"wp:attachment":[{"href":"https:\/\/linitiative.ca\/International\/wp-json\/wp\/v2\/media?parent=111536"}],"wp:term":[{"taxonomy":"category","embeddable":true,"href":"https:\/\/linitiative.ca\/International\/wp-json\/wp\/v2\/categories?post=111536"},{"taxonomy":"post_tag","embeddable":true,"href":"https:\/\/linitiative.ca\/International\/wp-json\/wp\/v2\/tags?post=111536"}],"curies":[{"name":"wp","href":"https:\/\/api.w.org\/{rel}","templated":true}]}}