{"id":111539,"date":"2021-02-18T15:14:16","date_gmt":"2021-02-18T20:14:16","guid":{"rendered":"https:\/\/linitiative.ca\/International\/pros-al-sadd-bounedjah-blesse\/"},"modified":"2021-02-18T15:14:16","modified_gmt":"2021-02-18T20:14:16","slug":"pros-al-sadd-bounedjah-blesse","status":"publish","type":"post","link":"https:\/\/linitiative.ca\/International\/pros-al-sadd-bounedjah-blesse\/","title":{"rendered":"Pros : Al Sadd: Bounedjah bless\u00e9"},"content":{"rendered":"<div readability=\"32\">\n<p>Auteur : <span>Riad O.<\/span> <span class=\"time\">jeudi 18 f\u00e9vrier 2021 18:26<\/span><\/p>\n<\/div>\n<div id=\"post_core\" readability=\"39\">\n<p>L\u2019attaquant Alg\u00e9rien d\u2019Al Sadd, Baghdad Bounedjah a \u00e9t\u00e9 victime d\u2019une blessure aujourd\u2019hui lors du match de son \u00e9quipe face \u00e0 Al Rayyan. Aussit\u00f4t apr\u00e8s le coup de sifflet final de l\u2019arbitre, l\u2019enfant d\u2019Oran est tomb\u00e9 par terre, en recevant les premiers soins par le staff m\u00e9dical d\u2019Al Sadd. Pour l\u2019heure, on ne connait pas encore la gravit\u00e9 de la blessure de l\u2019attaquant de l\u2019EN.<\/p>\n<p><span class=\"c1\"><strong>Riad O.<\/strong><\/span><\/p>\n<p><strong>Publi\u00e9 dans :<\/strong> <span>Bounedjah<\/span><\/p>\n<\/div>\n<p>Auteur:<br \/>\n<a href=\"http:\/\/www.lebuteur.com\/article\/detail?titre=al-sadd-bounedjah-blesse&#038;id=99119&#038;utm_source=feedburner&#038;utm_medium=feed&#038;utm_campaign=Feed%3A+GalerieFArtciles+%28Les+derniers+articles++-+lebuteur.com%29\">Cliquez ici pour lire l&rsquo;article depuis sa source.<\/a><\/p>\n","protected":false},"excerpt":{"rendered":"<p>Auteur : Riad O. jeudi 18 f\u00e9vrier 2021 18:26 L\u2019attaquant Alg\u00e9rien d\u2019Al Sadd, Baghdad Bounedjah a \u00e9t\u00e9 victime d\u2019une blessure aujourd\u2019hui lors du match de son \u00e9quipe face \u00e0 Al Rayyan. Aussit\u00f4t apr\u00e8s le coup de sifflet final de l\u2019arbitre, l\u2019enfant d\u2019Oran est tomb\u00e9 par terre, en recevant les premiers soins par le staff m\u00e9dical [&hellip;]<\/p>\n","protected":false},"author":1738,"featured_media":0,"comment_status":"closed","ping_status":"closed","sticky":false,"template":"","format":"standard","meta":{"fifu_image_url":"\/\/cdn.lebuteur.com\/data\/images\/article\/thumbs\/large-al-sadd-bounedjah-blesse-b46dc.jpg","fifu_image_alt":"Pros : Al Sadd: Bounedjah bless\u00e9","footnotes":""},"categories":[53,75],"tags":[],"class_list":["post-111539","post","type-post","status-publish","format-standard","hentry","category-algerie","category-sport"],"_links":{"self":[{"href":"https:\/\/linitiative.ca\/International\/wp-json\/wp\/v2\/posts\/111539","targetHints":{"allow":["GET"]}}],"collection":[{"href":"https:\/\/linitiative.ca\/International\/wp-json\/wp\/v2\/posts"}],"about":[{"href":"https:\/\/linitiative.ca\/International\/wp-json\/wp\/v2\/types\/post"}],"author":[{"embeddable":true,"href":"https:\/\/linitiative.ca\/International\/wp-json\/wp\/v2\/users\/1738"}],"replies":[{"embeddable":true,"href":"https:\/\/linitiative.ca\/International\/wp-json\/wp\/v2\/comments?post=111539"}],"version-history":[{"count":0,"href":"https:\/\/linitiative.ca\/International\/wp-json\/wp\/v2\/posts\/111539\/revisions"}],"wp:attachment":[{"href":"https:\/\/linitiative.ca\/International\/wp-json\/wp\/v2\/media?parent=111539"}],"wp:term":[{"taxonomy":"category","embeddable":true,"href":"https:\/\/linitiative.ca\/International\/wp-json\/wp\/v2\/categories?post=111539"},{"taxonomy":"post_tag","embeddable":true,"href":"https:\/\/linitiative.ca\/International\/wp-json\/wp\/v2\/tags?post=111539"}],"curies":[{"name":"wp","href":"https:\/\/api.w.org\/{rel}","templated":true}]}}