{"id":111541,"date":"2021-02-18T05:20:21","date_gmt":"2021-02-18T10:20:21","guid":{"rendered":"https:\/\/linitiative.ca\/International\/noureddine-belmeddah-depute-a-lassemblee-populaire-nationale-il-y-a-des-cas-tragiques-qui-necessitent-urgemment-detre-rapatries\/"},"modified":"2021-02-18T05:20:21","modified_gmt":"2021-02-18T10:20:21","slug":"noureddine-belmeddah-depute-a-lassemblee-populaire-nationale-il-y-a-des-cas-tragiques-qui-necessitent-urgemment-detre-rapatries","status":"publish","type":"post","link":"https:\/\/linitiative.ca\/International\/noureddine-belmeddah-depute-a-lassemblee-populaire-nationale-il-y-a-des-cas-tragiques-qui-necessitent-urgemment-detre-rapatries\/","title":{"rendered":"Noureddine Belmeddah. D\u00e9put\u00e9 \u00e0 l\u2019Assembl\u00e9e populaire nationale : \u00abIl y a des cas tragiques qui n\u00e9cessitent urgemment d\u2019\u00eatre rapatri\u00e9s\u00bb"},"content":{"rendered":"<h4 class=\"title-14\"\/>\n<div class=\"featured_image\"><img loading=\"lazy\" decoding=\"async\" width=\"519\" height=\"432\" src=\"https:\/\/www.elwatan.com\/wp-content\/uploads\/2021\/02\/IMG_4323.gif\" class=\"attachment-post-thumbnail size-post-thumbnail wp-post-image\" alt=\"Noureddine Belmeddah. D\u00e9put\u00e9 \u00e0 l\u2019Assembl\u00e9e populaire nationale\"\/> <span class=\"featured-image-caption\">Photo : D. R.<\/span><\/div>\n<p class=\"p4\"><span class=\"s2\"><strong>Rapatriement, fermeture des fronti\u00e8res, autorisation de voyager, rapatriement des d\u00e9pouilles des Alg\u00e9riens d\u00e9c\u00e9d\u00e9s \u00e0 l\u2019\u00e9tranger, \u00e9migration clandestine, le d\u00e9put\u00e9 \u00e0 l\u00b4Assembl\u00e9e populaire nationale (APN) Noureddine Belmeddah nous r\u00e9v\u00e8le, dans cet entretien, certaines v\u00e9rit\u00e9s concernant les nouveaux d\u00e9fis qu\u2019affrontent les Alg\u00e9riens \u00e9tablis \u00e0 l\u00b4\u00e9tranger, surtout depuis l\u00b4apparition de la pand\u00e9mie de Covid-19.<\/strong><\/span><\/p>\n<p class=\"p6\"><em><strong><span class=\"s3\">\u2013 Le programme de rapatriement effectu\u00e9 depuis cinq pays, \u00e0 savoir la France, l\u2019Allemagne, l\u2019Espagne, le Canada et les Emirats arabes unis, lanc\u00e9 le 23 d\u00e9cembre 2020 et pr\u00e9vu jusqu\u2019au 31 janvier 2021 a \u00e9t\u00e9 subitement suspendu. Pourquoi, \u00e0 votre avis ?<\/span><\/strong><\/em><\/p>\n<p class=\"p6\"><span class=\"s3\">Croyez-moi, je n\u2019ai pas cess\u00e9, \u00e0 travers le courrier, de sensibiliser les hautes autorit\u00e9s du pays, dont le pr\u00e9sident de la R\u00e9publique et le Premier ministre, leur demandant d\u2019ouvrir les fronti\u00e8res pour permettre \u00e0 nos concitoyens bloqu\u00e9s de pouvoir rentrer au pays.<\/span><\/p>\n<p class=\"p6\"><span class=\"s3\">Au d\u00e9part, il y a eu un \u00e9cho favorable \u00e0 nos sollicitations et une promesse que l\u2019op\u00e9ration de rapatriement allait \u00eatre facilit\u00e9e et surtout qu\u2019elle n\u2019allait pas \u00eatre stopp\u00e9e. Malheureusement, nous avons \u00e9t\u00e9 choqu\u00e9s par la d\u00e9cision de suspension des vols de rapatriement sans pr\u00e9avis et sans explications de la part des services concern\u00e9s.<\/span><\/p>\n<p class=\"p6\"><span class=\"s3\">Il a \u00e9t\u00e9 ainsi d\u00e9cid\u00e9 de ne garder que trois vols \u00e0 partir de Paris dans le sillage de la troisi\u00e8me vague de Covid-19 qui touche plusieurs pays. J\u2019ai alors saisi, avec mon coll\u00e8gue le s\u00e9nateur Abdelouahab Benzaim, le pr\u00e9sident de la R\u00e9publique lui demandant d\u2019ouvrir des dessertes \u00e0 partir de tous les pays et sans inscription pr\u00e9alable et d\u2019autoriser nos ressortissants \u00e0 rentrer au pays via d\u2019autres compagnies a\u00e9riennes.<\/span><\/p>\n<p class=\"p6\"><em><span class=\"s3\"><strong>\u2013 A combien estimez-vous le nombre d\u00b4Alg\u00e9riens coinc\u00e9s aux quatre coins du monde ?<\/strong><\/span><\/em><\/p>\n<p class=\"p6\"><span class=\"s3\">Je n\u2019ai personnellement pas de donn\u00e9es exactes, mais je sais qu\u2019il y a beaucoup de nos concitoyens qui avaient d\u00fbment quitt\u00e9 le territoire national avec des visas touristiques et qui sont bloqu\u00e9s \u00e0 ce jour, notamment en Turquie o\u00f9 ils sont des milliers.<\/span><\/p>\n<p class=\"p6\"><span class=\"s3\">C\u2019est-\u00e0-dire qu\u2019il y a un nombre consid\u00e9rable d\u2019Alg\u00e9riens attendant avec impatience de rentrer au pays pour diff\u00e9rentes raisons, dont la scolarit\u00e9 des enfants et les malades. Il y a h\u00e9las des cas tragiques qui n\u00e9cessitent urgemment d\u2019\u00eatres rapatri\u00e9s. Figurez-vous que certains avec qui nous avons \u00e9chang\u00e9 \u00e9clatent en sanglots quand ils racontent leur souffrance de ne pouvoir rentrer en Alg\u00e9rie.<\/span><\/p>\n<p class=\"p6\"><em><strong><span class=\"s3\">\u2013 Le gouvernement a fait machine arri\u00e8re sur l\u2019engagement de l\u2019Etat \u00e0 prendre en charge les frais de rapatriement des d\u00e9pouilles des Alg\u00e9riens d\u00e9c\u00e9d\u00e9s \u00e0 l\u2019\u00e9tranger. Une disposition de la loi de finances compl\u00e9mentaire (LFC) 2020 vient d\u2019annuler une loi dont vous \u00eates justement \u00e0 l\u00b4origine, en revenant aux dispositions de l\u2019article 92 de la loi de finances 2016 disposant que l\u2019Etat prend en charge les frais de rapatriement seulement des \u00abpersonnes n\u00e9cessiteuses\u00bb. Que s\u2019est-il pass\u00e9 exactement ?<\/span><\/strong><\/em><\/p>\n<p class=\"p6\"><span class=\"s3\">Le transfert des d\u00e9pouilles des Alg\u00e9riens d\u00e9c\u00e9d\u00e9s \u00e0 l\u2019\u00e9tranger est un sujet qui tient en haleine notre communaut\u00e9 depuis des ann\u00e9es. En tant que d\u00e9put\u00e9 de l\u2019\u00e9migration, j\u2019ai \u00e9videmment pris \u00e0 bras-le- corps cette \u00e9pineuse question.<\/span><\/p>\n<p class=\"p6\"><span class=\"s3\">Je rappelle ainsi que j\u2019\u00e9tais \u00e0 l\u2019origine de la disposition relative \u00e0 la prise en charge par l\u2019Etat des frais de rapatriement des d\u00e9pouilles introduite dans la loi de finances 2014 et qui a \u00e9t\u00e9 rejet\u00e9e par le gouvernement, la commission des finances et la majorit\u00e9 des partis politiques.<\/span><\/p>\n<p class=\"p6\"><span class=\"s3\">Il a fallu attendre le mois d\u2019avril 2016 pour que cette disposition entre en vigueur apr\u00e8s la promulgation des textes d\u2019application, qui expliquaient que cette facilitation profitera uniquement aux ressortissants dont les ressources ne suffisent pas pour rapatrier leurs proches d\u00e9c\u00e9d\u00e9s.<\/span><\/p>\n<p class=\"p6\"><span class=\"s3\">Depuis, des dizaines de milliers de d\u00e9pouilles ont \u00e9t\u00e9 rapatri\u00e9es jusqu\u2019\u00e0 l\u2019arriv\u00e9e du pr\u00e9sident Tebboune, qui a \u00e9largi cet avantage \u00e0 tous les Alg\u00e9riens d\u00e9c\u00e9d\u00e9s \u00e0 l\u00b4\u00e9tranger, quel que soit leur statut social, c\u2019est-\u00e0-dire exactement comme je l\u2019avais propos\u00e9 dans la premi\u00e8re mouture.<\/span><\/p>\n<p class=\"p6\"><span class=\"s3\">Mais coup de th\u00e9\u00e2tre, cette disposition a \u00e9t\u00e9 une nouvelle fois amend\u00e9e avant son adoption en mai 2020, dans le cadre de la loi de finances, quand le gouvernement avait invoqu\u00e9 les effets de la double crise financi\u00e8re et sanitaire. On est revenu \u00e0 la formule de 2015, qui limite la prise en charge des rapatriements des d\u00e9pouilles aux seules personnes n\u00e9cessiteuses.<\/span><\/p>\n<p class=\"p6\"><em><strong><span class=\"s3\">\u2013 Depuis quelques mois, 4 jeunes harraga observent un sit-in devant le consulat d\u2019Alg\u00e9rie \u00e0 Alicante pour demander des laissez-passer pour revenir en Alg\u00e9rie. Que savez-vous de cette histoire\u00a0?<\/span><\/strong><\/em><\/p>\n<p class=\"p6\"><span class=\"s3\">Oui, en effet, c\u2019est la triste r\u00e9alit\u00e9 que vit un nombre important d\u2019Alg\u00e9riens qui ne disposent pas de documents de r\u00e9sidence ni de passeports, parmi eux, ceux qui \u00e9taient arriv\u00e9s ces derniers mois en Espagne \u00e0 bord de ces embarcations de la mort.<\/span><\/p>\n<p class=\"p6\"><span class=\"s3\">J\u2019ai renc ontr\u00e9 ces malheureux qui regrettent leur aventure, et j\u2019ai transmis leurs pr\u00e9occupations au consul qui les a re\u00e7us et les a inform\u00e9s qu\u2019il a sollicit\u00e9 l\u2019autorisation des autorit\u00e9s alg\u00e9riennes pour leur remettre des laissez-passer pour pouvoir rentrer au pays.<\/span><\/p>\n<p class=\"p6\"><span class=\"s3\">A l\u2019heure actuelle, le consul dit n\u2019avoir pas encore re\u00e7u de r\u00e9ponse d\u2019Alger, au pr\u00e9texte que la priorit\u00e9 des rapatriements est donn\u00e9e aux ressortissants qui disposent de documents de r\u00e9sidence. J\u2019ai \u00e9galement saisi, dimanche dernier, le ministre des Affaires \u00e9trang\u00e8res au sujet de l\u2019application de la loi relative au transfert des d\u00e9pouilles des personnes de conditions modestes et j\u2019en ai profit\u00e9 pour l\u2019informer sur le probl\u00e8me des harraga bloqu\u00e9s ici, en Espagne, sans papiers.<\/span><\/p>\n<p><span class=\"post-views-label\">Post Views:<\/span> <span class=\"post-views-count\">1\u00a0543<\/span><\/p>\n<p><br class=\"c2\"\/><\/p>\n<div class=\"ichhar-moneytagnative c5\" id=\"ichhar-1267611925\">\n<p>Advertisements<\/p>\n<\/div>\n<p><br class=\"c2\"\/><br \/>\n<br class=\"c6\"\/><\/p>\n<p>Auteur: Anis Khecheba<br \/>\n<a href=\"https:\/\/www.elwatan.com\/edition\/actualite\/il-y-a-des-cas-tragiques-qui-necessitent-urgemment-detre-rapatries-18-02-2021\">Cliquez ici pour lire l&rsquo;article depuis sa source.<\/a><\/p>\n","protected":false},"excerpt":{"rendered":"<p>Photo : D. R. Rapatriement, fermeture des fronti\u00e8res, autorisation de voyager, rapatriement des d\u00e9pouilles des Alg\u00e9riens d\u00e9c\u00e9d\u00e9s \u00e0 l\u2019\u00e9tranger, \u00e9migration clandestine, le d\u00e9put\u00e9 \u00e0 l\u00b4Assembl\u00e9e populaire nationale (APN) Noureddine Belmeddah nous r\u00e9v\u00e8le, dans cet entretien, certaines v\u00e9rit\u00e9s concernant les nouveaux d\u00e9fis qu\u2019affrontent les Alg\u00e9riens \u00e9tablis \u00e0 l\u00b4\u00e9tranger, surtout depuis l\u00b4apparition de la pand\u00e9mie de Covid-19. [&hellip;]<\/p>\n","protected":false},"author":1743,"featured_media":0,"comment_status":"closed","ping_status":"closed","sticky":false,"template":"","format":"standard","meta":{"fifu_image_url":"https:\/\/www.elwatan.com\/wp-content\/uploads\/2021\/02\/IMG_4323.gif","fifu_image_alt":"Noureddine Belmeddah. D\u00e9put\u00e9 \u00e0 l\u2019Assembl\u00e9e populaire nationale : \u00abIl y a des cas tragiques qui n\u00e9cessitent urgemment d\u2019\u00eatre rapatri\u00e9s\u00bb","footnotes":""},"categories":[73,53],"tags":[],"class_list":["post-111541","post","type-post","status-publish","format-standard","hentry","category-actualite","category-algerie"],"_links":{"self":[{"href":"https:\/\/linitiative.ca\/International\/wp-json\/wp\/v2\/posts\/111541","targetHints":{"allow":["GET"]}}],"collection":[{"href":"https:\/\/linitiative.ca\/International\/wp-json\/wp\/v2\/posts"}],"about":[{"href":"https:\/\/linitiative.ca\/International\/wp-json\/wp\/v2\/types\/post"}],"author":[{"embeddable":true,"href":"https:\/\/linitiative.ca\/International\/wp-json\/wp\/v2\/users\/1743"}],"replies":[{"embeddable":true,"href":"https:\/\/linitiative.ca\/International\/wp-json\/wp\/v2\/comments?post=111541"}],"version-history":[{"count":0,"href":"https:\/\/linitiative.ca\/International\/wp-json\/wp\/v2\/posts\/111541\/revisions"}],"wp:attachment":[{"href":"https:\/\/linitiative.ca\/International\/wp-json\/wp\/v2\/media?parent=111541"}],"wp:term":[{"taxonomy":"category","embeddable":true,"href":"https:\/\/linitiative.ca\/International\/wp-json\/wp\/v2\/categories?post=111541"},{"taxonomy":"post_tag","embeddable":true,"href":"https:\/\/linitiative.ca\/International\/wp-json\/wp\/v2\/tags?post=111541"}],"curies":[{"name":"wp","href":"https:\/\/api.w.org\/{rel}","templated":true}]}}