{"id":111542,"date":"2021-02-18T05:21:13","date_gmt":"2021-02-18T10:21:13","guid":{"rendered":"https:\/\/linitiative.ca\/International\/arrivee-des-variants-un-risque-a-prendre-au-serieux\/"},"modified":"2021-02-18T05:21:13","modified_gmt":"2021-02-18T10:21:13","slug":"arrivee-des-variants-un-risque-a-prendre-au-serieux","status":"publish","type":"post","link":"https:\/\/linitiative.ca\/International\/arrivee-des-variants-un-risque-a-prendre-au-serieux\/","title":{"rendered":"Arriv\u00e9e des variants, un risque \u00e0 prendre au s\u00e9rieux"},"content":{"rendered":"<h4 class=\"title-14\">Le directeur de l\u2019Institut Pasteur appelle \u00e0 la vigilance<\/h4>\n<div class=\"featured_image\"><img loading=\"lazy\" decoding=\"async\" width=\"567\" height=\"282\" src=\"https:\/\/www.elwatan.com\/wp-content\/uploads\/2021\/02\/institut-pasterur.gif\" class=\"attachment-post-thumbnail size-post-thumbnail wp-post-image\" alt=\"\"\/> <span class=\"featured-image-caption\">Photo : D. R.<\/span><\/div>\n<p class=\"p4\"><span class=\"s1\"><strong>Le D<sup>r<\/sup> Fawzi Derrar met en garde contre le risque de l\u2019arriv\u00e9e d\u2019un variant du coronavirus. <em>\u00abLe risque z\u00e9ro n\u2019existe pas\u00bb<\/em>, a-t-il averti. <em>\u00abLa prudence est aujourd\u2019hui de mise, bien que l\u2019\u00e9pid\u00e9mie soit en d\u00e9clin \u00e0 travers le monde.\u00bb<\/em><\/strong><\/span><\/p>\n<p class=\"p4\"><span class=\"s1\"><strong>E<\/strong><\/span>n attendant l\u2019acc\u00e9l\u00e9ration du rythme de la vaccination contre la Covid-19 et son intensification \u00e0 travers le pays pour arriver \u00e0 atteindre l\u2019immunit\u00e9 collective, les appels \u00e0 la vigilance et au respect des mesures barri\u00e8res se multiplient.<\/p>\n<p class=\"p4\"><span class=\"s1\">Le directeur g\u00e9n\u00e9ral de l\u2019Institut Pasteur d\u2019Alg\u00e9rie et membre du comit\u00e9 scientifique de suivi de l\u2019\u00e9volution de la pand\u00e9mie, le D<sup>r<\/sup> Fawzi Derrar, met en garde contre le risque de l\u2019arriv\u00e9e d\u2019un variant du coronavirus. <em>\u00abLe risque z\u00e9ro n\u2019existe pas\u00bb<\/em>, a-t-il averti. <em>\u00abLa prudence est aujourd\u2019hui de mise, bien que l\u2019\u00e9pid\u00e9mie soit en d\u00e9clin \u00e0 travers le monde. Ce qui n\u2019\u00e9carte pas de nouveaux rebonds, comme cela a \u00e9t\u00e9 constat\u00e9 ailleurs, dans d\u2019autres pays, notamment en Europe, provoqu\u00e9s par les variants britannique et sud-africain\u00bb<\/em>, pr\u00e9cise le sp\u00e9cialiste en virologie.<\/span><\/p>\n<p class=\"p4\"><span class=\"s1\">La diminution du nombre d\u2019infections de la Covid-19 dans notre pays est obtenue, a-t-il signal\u00e9, gr\u00e2ce aux mesures de restriction mises en place depuis le d\u00e9but de l\u2019\u00e9pid\u00e9mie, notamment la fermeture des fronti\u00e8res. Un avantage ayant permis, a-t-il expliqu\u00e9, d\u2019affaiblir l\u2019ancienne souche du Sars-Cov-2, qui semble dispara\u00eetre progressivement, et la diminution du nombre de cas au niveau mondial est aujourd\u2019hui constat\u00e9e.<\/span><\/p>\n<p class=\"p4\"><span class=\"s1\"><em>\u00abL\u2019arriv\u00e9e de ces variants a activ\u00e9 la dynamique de l\u2019\u00e9pid\u00e9mie dans ces pays, au moment des plus grands d\u00e9confinements, une situation \u00e9pid\u00e9miologique favorable aux contaminations et leur acc\u00e9l\u00e9ration. C\u2019est cela que nous devons \u00e9viter, pour ne pas retomber dans la m\u00eame situation qu\u2019en Europe, notamment en France,<\/em> <em>Allemagne et Espagne, o\u00f9 les variants sont en forte progression avec des taux de pr\u00e9sence tr\u00e8s importants\u00bb<\/em>, a-t-il soulign\u00e9, en citant l\u2019exemple de la Suisse, au contraire, qui semble \u00eatre \u00e9pargn\u00e9e, <em>\u00abmalgr\u00e9 l\u2019arriv\u00e9e du variant, pour le moment, parce que les mesures de restriction ont \u00e9t\u00e9 maintenues\u00bb.<\/em><\/span><\/p>\n<p class=\"p4\"><span class=\"s1\">Le sp\u00e9cialiste en virologie n\u2019\u00e9carte pas l\u2019introduction d\u2019un des variants, qui sont tout de m\u00eame dangereux, dans notre pays.<\/span><\/p>\n<p class=\"p4\"><span class=\"s1\">Pour lui, la situation \u00e9pid\u00e9miologique en Alg\u00e9rie est <em>\u00abtr\u00e8s envi\u00e9e par de nombreux pays, car elle est l\u2019une des meilleures dans le monde, avec un nombre de contaminations qui est en dessous des 200 cas par 24 heures et moins de 5 d\u00e9c\u00e8s. C\u2019est pourquoi nous insistons sur le respect des mesures barri\u00e8res et le renforcement des contr\u00f4les sanitaires aux fronti\u00e8res pour justement \u00e9viter ces nouveaux variants, sachant que des vols a\u00e9riens sont assur\u00e9s pour les rapatriements \u00e0 partir de pays o\u00f9 ces variants sont tr\u00e8s actifs, alors que les restrictions sur certains secteurs aux grandes affluences ont \u00e9t\u00e9 lev\u00e9es. Nous n\u2019avons pas le droit au rel\u00e2chement\u00bb<\/em>, a-t-il encore insist\u00e9.<\/span><\/p>\n<p class=\"p4\"><span class=\"s1\">Il revient sur la stabilit\u00e9 de l\u2019\u00e9pid\u00e9mie qui est un avantage pour aller vers son contr\u00f4le, sachant que les deux indicateurs essentiels permettant le suivi de l\u2019\u00e9pid\u00e9mie \u2013 les taux d\u2019admission en consultation, en r\u00e9animation et le taux de positivit\u00e9 \u2013 affichent des signaux verts.<\/span><\/p>\n<p class=\"p4\"><strong><span class=\"s1\">Vigilance<\/span><\/strong><\/p>\n<p class=\"p4\"><span class=\"s1\"><em>\u00abLe taux de positivit\u00e9 est actuellement de 20%, alors qu\u2019il \u00e9tait de pr\u00e8s de 45% il y a deux mois. Mais ce niveau n\u2019emp\u00eache pas de rester vigilant et maintenir la surveillance \u00e0 tous les niveaux\u00bb<\/em>, a-t-il recommand\u00e9. <em>\u00abCes derniers jours, le nombre de RT\/PCR de diagnostic r\u00e9alis\u00e9s par l\u2019IPA ne d\u00e9passe pas les 130 pr\u00e9l\u00e8vements au niveau national. C\u2019est tr\u00e8s bien\u00bb<\/em>, a-t-il encore signal\u00e9.<\/span><\/p>\n<p class=\"p4\"><span class=\"s1\">Justement en termes de surveillance du virus, qu\u2019en est-il du s\u00e9quen\u00e7age g\u00e9nomique, le directeur de l\u2019Institut Pasteur d\u2019Alg\u00e9rie (IPA) rassure qu\u2019au niveau du laboratoire de Sidi Fredj, deux s\u00e9quenceurs sont actuellement fonctionnels.<\/span><\/p>\n<p class=\"p4\"><span class=\"s1\"><em>\u00abDes mutations du coronavirus ont \u00e9t\u00e9 effectivement identifi\u00e9es sur des RT\/ PCR suspectes selon une strat\u00e9gie de s\u00e9quen\u00e7age, mais qui n\u2019ont pas un impact sur l\u2019activit\u00e9 du virus. Il faut rappeler qu\u2019une centaine de mutations sont identifi\u00e9es sur le coronavirus, dont certaines r\u00e9activent le virus, comme les nouveaux variants, alors que d\u2019autres n\u2019ont aucun impact sur la circulation du virus. C\u2019est le cas chez nous\u00bb,<\/em> a-t-il encore expliqu\u00e9. Et d\u2019insister sur le fait de maintenir la vigilance et <em>\u00abpr\u00e9venir l\u2019explosion de l\u2019\u00e9pid\u00e9mie, d\u2019autant que ces variants sont \u00e0 craindre du fait de leur vitesse de propagation\u00bb<\/em>.<\/span><\/p>\n<p class=\"p7\"><span class=\"s1\">La situation \u00e9pid\u00e9miologique actuelle est, selon lui, propice pour acc\u00e9l\u00e9rer la campagne de vaccination, car de prochains lots de vaccins seront r\u00e9ceptionn\u00e9s d\u2019ici la fin du mois en cours, dont le vaccin russe Sputnik V sur les 450\u00a0000 doses restantes, le vaccin chinois de Sinopharm pr\u00e8s de 200\u00a0000 doses et 700\u00a0000 du vaccin d\u2019AstraZeneca\/Oxford dans le cadre du programme Covax.<\/span><\/p>\n<p class=\"p7\"><span class=\"s1\">Par ailleurs, des n\u00e9gociations sont en cours avec le laboratoire Pfizer pour l\u2019acquisition de quelques millions de doses de son vaccin d\u00e9velopp\u00e9 avec BioNtech. Il est donc attendu pr\u00e8s d\u2019un million de doses de vaccins d\u2019ici la fin du mois de f\u00e9vrier. <em>\u00abUne bonne quantit\u00e9 pour poursuivre la vaccination des personnels de sant\u00e9 et celle des personnes \u00e2g\u00e9es et des malades chroniques\u00bb<\/em>, a-t-il estim\u00e9.<\/span><\/p>\n<p class=\"p7\"><span class=\"s1\">A la question de savoir s\u2019il y a une indication particuli\u00e8re pour la non-utilisation du vaccin d\u2019AstraZeneca chez les personnes \u00e2g\u00e9es de 65 ans et plus, comme cela a \u00e9t\u00e9 d\u00e9cid\u00e9 dans certains pays, le virologue affirme : <em>\u00abAssez de donn\u00e9es sont aujourd\u2019hui disponibles pour dire que ce vaccin est actif pour les personnes de la tranche d\u2019\u00e2ge au-del\u00e0 de 65 ans. L\u2019OMS a annonc\u00e9 la semaine derni\u00e8re l\u2019homologation d\u2019urgence de ce vaccin et les experts ont recommand\u00e9 son utilisation pour limiter les formes graves et les d\u00e9c\u00e8s.\u00bb<\/em><\/span><\/p>\n<p class=\"p7\"><span class=\"s1\">En attendant, la plateforme pour la prise de RDV de vaccination serait sur le point d\u2019\u00eatre lanc\u00e9e au d\u00e9but de la semaine prochaine et les inscriptions au niveau des EPSP sont \u00e9galement ouvertes, a annonc\u00e9 le D<sup>r<\/sup> Fourar, porte-parole du comit\u00e9 scientifique et charg\u00e9 de la campagne de vaccination.<\/span><\/p>\n<blockquote readability=\"26\">\n<p class=\"p7\"><strong>Rupture des m\u00e9dicaments radioactifs : Attente du renouvellement de l\u2019accord du premier minist\u00e8re<\/strong><\/p>\n<p class=\"p12\"><span class=\"s1\">Des malades atteints de cancer de la thyro\u00efde et autres maladies relevant de la m\u00e9decine nucl\u00e9aire sont en attente depuis plusieurs mois de leurs traitements pour des s\u00e9ances de radioth\u00e9rapie conduite par IRM, notamment.<\/span><\/p>\n<p class=\"p12\"><span class=\"s1\">Ces m\u00e9dicaments radioactifs, dont la dur\u00e9e de vie est tr\u00e8s r\u00e9duite, utilis\u00e9s \u00e9galement pour le diagnostic de m\u00e9tastases osseuses et autres pathologies canc\u00e9reuses ne sont plus disponibles au niveau des centres de m\u00e9decine nucl\u00e9aire.<\/span><\/p>\n<p class=\"p12\"><span class=\"s1\">Le minist\u00e8re de la Sant\u00e9 et la PCH sont en attente de l\u2019accord du Premier minist\u00e8re de la reconduction du gr\u00e9 \u00e0 gr\u00e9 simple qui avait \u00e9t\u00e9 sign\u00e9 par Ahmed Ouyahia, actuellement incarc\u00e9r\u00e9, pour l\u2019acquisition de ces m\u00e9dicaments, qui sont en cours d\u2019acheminement, avons-nous appris. Leur d\u00e9douanement au pied de l\u2019avion est pr\u00e9vu pour demain. <em><strong>D. K.<\/strong><\/em><\/span><\/p>\n<\/blockquote>\n<p><span class=\"post-views-label\">Post Views:<\/span> <span class=\"post-views-count\">1\u00a0603<\/span><\/p>\n<p><br class=\"c2\"\/><\/p>\n<div class=\"ichhar-moneytagnative c5\" id=\"ichhar-2000290066\">\n<p>Advertisements<\/p>\n<\/div>\n<p><br class=\"c2\"\/><br \/>\n<br class=\"c6\"\/><\/p>\n<p>Auteur: Anis Khecheba<br \/>\n<a href=\"https:\/\/www.elwatan.com\/edition\/actualite\/arrivee-des-variants-un-risque-a-prendre-au-serieux-18-02-2021\">Cliquez ici pour lire l&rsquo;article depuis sa source.<\/a><\/p>\n","protected":false},"excerpt":{"rendered":"<p>Le directeur de l\u2019Institut Pasteur appelle \u00e0 la vigilance Photo : D. R. Le Dr Fawzi Derrar met en garde contre le risque de l\u2019arriv\u00e9e d\u2019un variant du coronavirus. \u00abLe risque z\u00e9ro n\u2019existe pas\u00bb, a-t-il averti. \u00abLa prudence est aujourd\u2019hui de mise, bien que l\u2019\u00e9pid\u00e9mie soit en d\u00e9clin \u00e0 travers le monde.\u00bb En attendant l\u2019acc\u00e9l\u00e9ration [&hellip;]<\/p>\n","protected":false},"author":1743,"featured_media":0,"comment_status":"closed","ping_status":"closed","sticky":false,"template":"","format":"standard","meta":{"fifu_image_url":"https:\/\/www.elwatan.com\/wp-content\/uploads\/2021\/02\/institut-pasterur.gif","fifu_image_alt":"Arriv\u00e9e des variants, un risque \u00e0 prendre au s\u00e9rieux","footnotes":""},"categories":[73,53],"tags":[],"class_list":["post-111542","post","type-post","status-publish","format-standard","hentry","category-actualite","category-algerie"],"_links":{"self":[{"href":"https:\/\/linitiative.ca\/International\/wp-json\/wp\/v2\/posts\/111542","targetHints":{"allow":["GET"]}}],"collection":[{"href":"https:\/\/linitiative.ca\/International\/wp-json\/wp\/v2\/posts"}],"about":[{"href":"https:\/\/linitiative.ca\/International\/wp-json\/wp\/v2\/types\/post"}],"author":[{"embeddable":true,"href":"https:\/\/linitiative.ca\/International\/wp-json\/wp\/v2\/users\/1743"}],"replies":[{"embeddable":true,"href":"https:\/\/linitiative.ca\/International\/wp-json\/wp\/v2\/comments?post=111542"}],"version-history":[{"count":0,"href":"https:\/\/linitiative.ca\/International\/wp-json\/wp\/v2\/posts\/111542\/revisions"}],"wp:attachment":[{"href":"https:\/\/linitiative.ca\/International\/wp-json\/wp\/v2\/media?parent=111542"}],"wp:term":[{"taxonomy":"category","embeddable":true,"href":"https:\/\/linitiative.ca\/International\/wp-json\/wp\/v2\/categories?post=111542"},{"taxonomy":"post_tag","embeddable":true,"href":"https:\/\/linitiative.ca\/International\/wp-json\/wp\/v2\/tags?post=111542"}],"curies":[{"name":"wp","href":"https:\/\/api.w.org\/{rel}","templated":true}]}}