{"id":111545,"date":"2021-02-18T09:56:41","date_gmt":"2021-02-18T14:56:41","guid":{"rendered":"https:\/\/linitiative.ca\/International\/proces-des-presumes-auteurs-de-lenlevement-et-assassinat-dherve-gourdel-la-peine-capitale-retenue-contre-le-principal-accuse-mise-a-jour-20h05\/"},"modified":"2021-02-18T09:56:41","modified_gmt":"2021-02-18T14:56:41","slug":"proces-des-presumes-auteurs-de-lenlevement-et-assassinat-dherve-gourdel-la-peine-capitale-retenue-contre-le-principal-accuse-mise-a-jour-20h05","status":"publish","type":"post","link":"https:\/\/linitiative.ca\/International\/proces-des-presumes-auteurs-de-lenlevement-et-assassinat-dherve-gourdel-la-peine-capitale-retenue-contre-le-principal-accuse-mise-a-jour-20h05\/","title":{"rendered":"Proc\u00e8s des pr\u00e9sum\u00e9s auteurs de l\u2019enl\u00e8vement et assassinat d\u2019Herv\u00e9 Gourdel : La peine capitale retenue contre le principal accus\u00e9 (mise \u00e0 jour 20h05)"},"content":{"rendered":"<h4 class=\"title-14\"\/>\n<div class=\"featured_image\"><img loading=\"lazy\" decoding=\"async\" width=\"594\" height=\"399\" src=\"https:\/\/www.elwatan.com\/wp-content\/uploads\/2021\/02\/Herve\u0301-Gourdel.gif\" class=\"attachment-post-thumbnail size-post-thumbnail wp-post-image\" alt=\"Herv\u00e9 Gourdel\"\/> <span class=\"featured-image-caption\">Herv\u00e9 Gourdel a \u00e9t\u00e9 assassin\u00e9 par un groupe terroriste dans le massif du Djurdjura en septembre 2014 \/ Photo : D. R.<\/span><\/div>\n<p>L\u2019accus\u00e9 principal Abdelmalek Hamzaoui dit Abderrahmane Abou Hafs a ni\u00e9, devant le tribunal criminel d\u2019Alger, avoir pris part a l\u2019enl\u00e8vement de Herv\u00e9 Gourdel, au Djurdjura, en septembre 2014, et son assassinat.<\/p>\n<p>Il a tent\u00e9 de susciter le doute en affirmant que les r\u00e9v\u00e9lations contenues dans l\u2019arr\u00eat de renvoi, sont \u00ab\u00a0un film\u00a0\u00bb que les gendarmes lui ont exig\u00e9 de raconter.<\/p>\n<p>Lors de son interrogatoire, il se contredit \u00e0 plusieurs fois et se montre souvent non convaincant.<\/p>\n<p>Le proc\u00e8s se poursuit avec les plaidoiries des avocats de la partie civile.<\/p>\n<p>La peine de mort est requise contre Abdelmalek Hamzaoui et 3 ans de prison assortie de 100 000 Da d\u2019amande contre les cinq accus\u00e9s qui sont poursuivis pour le d\u00e9lit de non d\u00e9nonciation de crime.<\/p>\n<p>Le proc\u00e8s se poursuit avec les plaidoiries des avocats.<\/p>\n<p>Les avocats du principal accus\u00e9 plaident l\u2019acquittement pour les griefs d\u2019assassinat et de la pr\u00e9m\u00e9ditation et des circonstances attenuantes pour l\u2019accusation d\u2019appartenance \u00e0 un groupe terroriste.<\/p>\n<p>La peine capitale est retenue par le tribunal criminel d\u2019Alger contre Abdelmalek Hamzaoui, accus\u00e9 principal dans l\u2019enl\u00e8vement et l\u2019assassinat de Herv\u00e9 Gourdel.<\/p>\n<p>Le tribunal a acquitt\u00e9 les cinq accompagnateurs de Gourdel.<\/p>\n<p><span class=\"post-views-label\">Post Views:<\/span> <span class=\"post-views-count\">814<\/span><\/p>\n<p><br class=\"c2\"\/><\/p>\n<div class=\"ichhar-moneytagnative c5\" id=\"ichhar-184183122\">\n<p>Advertisements<\/p>\n<\/div>\n<p><br class=\"c2\"\/><br \/>\n<br class=\"c6\"\/><\/p>\n<p>Auteur: Mohand Yahiaoui<br \/>\n<a href=\"https:\/\/www.elwatan.com\/edition\/actualite\/proces-des-presumes-auteurs-de-lenlevement-et-assassinat-dherve-gourdel-le-principal-accuse-nie-les-faits-en-recourant-a-la-strategie-du-doute-18-02-2021\">Cliquez ici pour lire l&rsquo;article depuis sa source.<\/a><\/p>\n","protected":false},"excerpt":{"rendered":"<p>Herv\u00e9 Gourdel a \u00e9t\u00e9 assassin\u00e9 par un groupe terroriste dans le massif du Djurdjura en septembre 2014 \/ Photo : D. R. L\u2019accus\u00e9 principal Abdelmalek Hamzaoui dit Abderrahmane Abou Hafs a ni\u00e9, devant le tribunal criminel d\u2019Alger, avoir pris part a l\u2019enl\u00e8vement de Herv\u00e9 Gourdel, au Djurdjura, en septembre 2014, et son assassinat. Il a [&hellip;]<\/p>\n","protected":false},"author":1743,"featured_media":0,"comment_status":"closed","ping_status":"closed","sticky":false,"template":"","format":"standard","meta":{"fifu_image_url":"https:\/\/www.elwatan.com\/wp-content\/uploads\/2021\/02\/Herve\u0301-Gourdel.gif","fifu_image_alt":"Proc\u00e8s des pr\u00e9sum\u00e9s auteurs de l\u2019enl\u00e8vement et assassinat d\u2019Herv\u00e9 Gourdel : La peine capitale retenue contre le principal accus\u00e9 (mise \u00e0 jour 20h05)","footnotes":""},"categories":[73,53],"tags":[],"class_list":["post-111545","post","type-post","status-publish","format-standard","hentry","category-actualite","category-algerie"],"_links":{"self":[{"href":"https:\/\/linitiative.ca\/International\/wp-json\/wp\/v2\/posts\/111545","targetHints":{"allow":["GET"]}}],"collection":[{"href":"https:\/\/linitiative.ca\/International\/wp-json\/wp\/v2\/posts"}],"about":[{"href":"https:\/\/linitiative.ca\/International\/wp-json\/wp\/v2\/types\/post"}],"author":[{"embeddable":true,"href":"https:\/\/linitiative.ca\/International\/wp-json\/wp\/v2\/users\/1743"}],"replies":[{"embeddable":true,"href":"https:\/\/linitiative.ca\/International\/wp-json\/wp\/v2\/comments?post=111545"}],"version-history":[{"count":0,"href":"https:\/\/linitiative.ca\/International\/wp-json\/wp\/v2\/posts\/111545\/revisions"}],"wp:attachment":[{"href":"https:\/\/linitiative.ca\/International\/wp-json\/wp\/v2\/media?parent=111545"}],"wp:term":[{"taxonomy":"category","embeddable":true,"href":"https:\/\/linitiative.ca\/International\/wp-json\/wp\/v2\/categories?post=111545"},{"taxonomy":"post_tag","embeddable":true,"href":"https:\/\/linitiative.ca\/International\/wp-json\/wp\/v2\/tags?post=111545"}],"curies":[{"name":"wp","href":"https:\/\/api.w.org\/{rel}","templated":true}]}}