{"id":111546,"date":"2021-02-17T19:01:00","date_gmt":"2021-02-18T00:01:00","guid":{"rendered":"https:\/\/linitiative.ca\/International\/tunis-paris-la-relation-sest-elle-affaiblie\/"},"modified":"2021-02-17T19:01:00","modified_gmt":"2021-02-18T00:01:00","slug":"tunis-paris-la-relation-sest-elle-affaiblie","status":"publish","type":"post","link":"https:\/\/linitiative.ca\/International\/tunis-paris-la-relation-sest-elle-affaiblie\/","title":{"rendered":"Tunis \u2013 Paris : La relation s\u2019est-elle affaiblie ?"},"content":{"rendered":"<p>Saint-Thomas qui ne croit que ce qu\u2019il voit, s\u2019en serait rendu compte imm\u00e9diatement. Au moins deux fois. La premi\u00e8re\u00a0: trois mois apr\u00e8s son arriv\u00e9e \u00e0 Paris, fin octobre dernier, le nouvel ambassadeur de Tunisie en France, Karim Jamoussi, ancien ministre de la Justice (et de la D\u00e9fense par int\u00e9rim) attend encore de remettre ses lettres de cr\u00e9ances. Sa nomination mettait fin \u00e0 une longue vacance \u00e0 la t\u00eate de l\u2019ambassade, depuis le rappel \u00e0 Tunis, un an auparavant, en novembre 2019, de l\u2019ancien titulaire de la charge, l\u2019ambassadeur Abdelaziz Rassaa. Sans l\u2019accomplissement de cet acte fondateur de son accr\u00e9ditation, il se trouve tr\u00e8s limit\u00e9 dans ses contacts et activit\u00e9s, alors qu&rsquo;il est d\u00e9j\u00e0 ob\u00e9r\u00e9 par les contraintes du protocole sanitaire anti-Covid-19. Pourquoi faire attendre la Tunisie, s&rsquo;interroge-t-on?<\/p>\n<p>Il est vrai que l\u2019ambassadeur Jamoussi n\u2019est pas le seul chef de poste nouvellement d\u00e9sign\u00e9 \u00e0 Paris \u00e0 n\u2019avoir pas encore \u00e9t\u00e9 admis \u00e0 pareille c\u00e9r\u00e9monie officielle. Mais, au vu de la qualit\u00e9 des relations tuniso-fran\u00e7aise, ce retard ne trouve pas d\u2019explication. Il suscite, d\u2019autant plus d\u2019interrogations que le nouvel ambassadeur de France \u00e0 Tunis, Andr\u00e9 Parant, arriv\u00e9 \u00e0 Tunis en septembre, \u00e9tait re\u00e7u quelques semaines seulement apr\u00e8s, par le pr\u00e9sident Kais Sa\u00efed le 23 octobre 2020.<\/p>\n<h2>Pour la France, la Tunisie n\u2019est pas prioritaire pour l\u2019aide au d\u00e9veloppement\u00a0?<\/h2>\n<p>La deuxi\u00e8me constatation est elle aussi \u00e9difiante. Mercredi prochain, Jean-Yves Le Drian, ministre de l&rsquo;Europe et des Affaires \u00e9trang\u00e8res pr\u00e9sentera \u00e0 l\u2019Assembl\u00e9e nationale un projet de loi devant \u00ab\u00a0donner un nouvel \u00e9lan\u00a0\u00e0 la politique fran\u00e7aise de d\u00e9veloppement solidaire\u00a0\u00bb. La France qui portera son aide publique au d\u00e9veloppement \u00e0 0,55% de sa richesse nationale (promesse \u00e9lectorale du pr\u00e9sident Macron), concentrera ses dons sur 19 pays prioritaires. La Tunisie, selon des sources bien inform\u00e9es, n\u2019en ferait pas partie. Faisant face \u00e0 une pand\u00e9mie sanitaire de grande ampleur, coupl\u00e9e avec une crise \u00e9conomique et sociale d\u2019une rare gravit\u00e9, elle est pourtant \u00e9ligible \u00e0 un soutien financier massif. Pourquoi en exclure la Tunisie, s&rsquo;en \u00e9tonne-t-on?<\/p>\n<h2>Et pourtant, le courant passe entre Sa\u00efed et Macron<\/h2>\n<p>Deux faits qui confirment une relation faible entre Tunis et Paris, ces derniers mois, malgr\u00e9 toute l\u2019ardeur que s\u2019emploient \u00e0 y mettre les deux chefs d\u2019\u00c9tat, Emmanuel Macron et Kais Sa\u00efed. La visite du pr\u00e9sident Sa\u00efed \u00e0 Paris, le 23 juin dernier \u00e9tait marqu\u00e9e par un accueil chaleureux et des entretiens fructueux, soulignent d\u2019une m\u00eame voix l\u2019\u00c9lys\u00e9e et Carthage. Des entretiens t\u00e9l\u00e9phoniques fr\u00e9quents leurs permettent \u00e9galement de poursuivre leurs concertations, ajoutent leurs communicants.<\/p>\n<h2>Pour Matignon, l\u2019entretien Mechichi \u2013 Castex ne m\u00e9ritait aucune mention<\/h2>\n<p>Au niveau des gouvernement des deux pays, Hichem Mechichi, s\u2019\u00e9tait rendu \u00e0 Paris, accompagn\u00e9 de trois ministres et du secr\u00e9taire d\u2019\u00c9tat aux Affaires \u00e9trang\u00e8res, et avait \u00e9t\u00e9 re\u00e7u, le 14 d\u00e9cembre par son homologue Jean Castex. Une prise de contact en pr\u00e9vision de la tenue \u00e0 Tunis en mars prochain, de la r\u00e9union du Haut conseil de coop\u00e9ration, qu\u2019ils devaient co-pr\u00e9sider. Avec l\u2019\u00e9volution de la situation politique en Tunisie, il serait difficile de confirmer que cette r\u00e9union puisse avoir lieu \u00e0 la date initialement pr\u00e9vue. Sauf que\u2026<\/p>\n<p>Fait marquant, aucune mention de la rencontre Mechichi &#8211; Castex n\u2019a en effet \u00e9t\u00e9 relev\u00e9e sur le site officiel de Matignon et aucun communiqu\u00e9 de presse y aff\u00e9rent n\u2019a \u00e9t\u00e9 publi\u00e9 du c\u00f4t\u00e9 fran\u00e7ais, comme si l\u2019entretien n\u2019a pas eu lieu.<\/p>\n<p>Habitu\u00e9s \u00e0 arrondir les angles, les diplomates des deux pays minimiseront ces faits (qu\u2019ils ne sauraient nier) et s\u2019\u00e9chineront \u00e0 balayer toutes interrogations. Mais Saint-Thomas attend de voir, pour croire.<\/p>\n<p><strong>T.H.<\/strong><\/p>\n<p>Auteur:<br \/>\n<a href=\"https:\/\/www.leaders.com.tn\/article\/31452-tunis-paris-pourquoi-la-relation-s-est-affaiblie\">Cliquez ici pour lire l&rsquo;article depuis sa source.<\/a><\/p>\n","protected":false},"excerpt":{"rendered":"<p>Saint-Thomas qui ne croit que ce qu\u2019il voit, s\u2019en serait rendu compte imm\u00e9diatement. Au moins deux fois. La premi\u00e8re\u00a0: trois mois apr\u00e8s son arriv\u00e9e \u00e0 Paris, fin octobre dernier, le nouvel ambassadeur de Tunisie en France, Karim Jamoussi, ancien ministre de la Justice (et de la D\u00e9fense par int\u00e9rim) attend encore de remettre ses lettres [&hellip;]<\/p>\n","protected":false},"author":1772,"featured_media":0,"comment_status":"closed","ping_status":"closed","sticky":false,"template":"","format":"standard","meta":{"fifu_image_url":"","fifu_image_alt":"","footnotes":""},"categories":[73,55],"tags":[],"class_list":["post-111546","post","type-post","status-publish","format-standard","hentry","category-actualite","category-tunisie"],"_links":{"self":[{"href":"https:\/\/linitiative.ca\/International\/wp-json\/wp\/v2\/posts\/111546","targetHints":{"allow":["GET"]}}],"collection":[{"href":"https:\/\/linitiative.ca\/International\/wp-json\/wp\/v2\/posts"}],"about":[{"href":"https:\/\/linitiative.ca\/International\/wp-json\/wp\/v2\/types\/post"}],"author":[{"embeddable":true,"href":"https:\/\/linitiative.ca\/International\/wp-json\/wp\/v2\/users\/1772"}],"replies":[{"embeddable":true,"href":"https:\/\/linitiative.ca\/International\/wp-json\/wp\/v2\/comments?post=111546"}],"version-history":[{"count":0,"href":"https:\/\/linitiative.ca\/International\/wp-json\/wp\/v2\/posts\/111546\/revisions"}],"wp:attachment":[{"href":"https:\/\/linitiative.ca\/International\/wp-json\/wp\/v2\/media?parent=111546"}],"wp:term":[{"taxonomy":"category","embeddable":true,"href":"https:\/\/linitiative.ca\/International\/wp-json\/wp\/v2\/categories?post=111546"},{"taxonomy":"post_tag","embeddable":true,"href":"https:\/\/linitiative.ca\/International\/wp-json\/wp\/v2\/tags?post=111546"}],"curies":[{"name":"wp","href":"https:\/\/api.w.org\/{rel}","templated":true}]}}