{"id":111548,"date":"2021-02-18T05:01:00","date_gmt":"2021-02-18T10:01:00","guid":{"rendered":"https:\/\/linitiative.ca\/International\/semaine-des-zones-humides-mettre-en-evuidence-lapport-de-ces-zones-a-la-preservation-des-ressources-en-eau\/"},"modified":"2021-02-18T05:01:00","modified_gmt":"2021-02-18T10:01:00","slug":"semaine-des-zones-humides-mettre-en-evuidence-lapport-de-ces-zones-a-la-preservation-des-ressources-en-eau","status":"publish","type":"post","link":"https:\/\/linitiative.ca\/International\/semaine-des-zones-humides-mettre-en-evuidence-lapport-de-ces-zones-a-la-preservation-des-ressources-en-eau\/","title":{"rendered":"Semaine des Zones Humides : Mettre en \u00e9vuidence l&rsquo;apport de ces zones \u00e0 la pr\u00e9servation des ressources en eau"},"content":{"rendered":"<p><img decoding=\"async\" src=\"\/uploads\/FCK_files\/Mohamed-Boufaroua(1).jpg\" alt=\"\" width=\"15%\" vspace=\"5\" hspace=\"5\" align=\"right\"\/><span class=\"c2\"><em><strong>Par Mohamed Boufaroua &#8211;<\/strong><\/em><\/span> Les zones humides sont des \u00e9tendues de lacs, de sebkhas, de marais, de fagnes, de tourbi\u00e8res, ou d&rsquo;eau naturelles ou artificielles, permanentes ou temporaires o\u00f9 l&rsquo;eau est statique ou courante, douce, saum\u00e2tre ou sal\u00e9e, y compris les rivages fr\u00e9quent\u00e9s par les oiseaux d&rsquo;eau. Ce sont des milieux d\u2019une grande productivit\u00e9 biologique, v\u00e9g\u00e9tale et animale et constituent de ce fait des habitats d\u2019un int\u00e9r\u00eat inestimable pour l\u2019Homme sur le plans socio-\u00e9conomique, culturel, \u00e9ducatif et r\u00e9cr\u00e9atif.<\/p>\n<p>La Convention internationale sur les zones humides d\u2019importance internationale, plus connue sous le nom de Convention de Ramsar, est un trait\u00e9 international qui pr\u00f4ne la conservation et l\u2019utilisation rationnelle des zones humides. C\u2019est le seul trait\u00e9 mondial portant sur un seul \u00e9cosyst\u00e8me.<\/p>\n<p><img decoding=\"async\" src=\"\/uploads\/FCK_files\/Affiche(4).jpg\" alt=\"\" width=\"35%\" vspace=\"5\" hspace=\"5\" align=\"right\"\/>Consid\u00e9r\u00e9es habituellement comme des zones \u00e0 l\u2019abandon ou des foyers de maladies, les zones humides sont vitales pour l\u2019humanit\u00e9 et cela, \u00e0 plus d\u2019un titre:<\/p>\n<p class=\"c4\"><span class=\"c3\"><strong>\u2022<\/strong><\/span> Les zones humides sont la source de l\u2019eau douce;<\/p>\n<p class=\"c4\"><span class=\"c3\"><strong>\u2022<\/strong><\/span> Les zones humides nourrissent l\u2019humanit\u00e9;<\/p>\n<p class=\"c4\"><span class=\"c3\"><strong>\u2022<\/strong><\/span> Les zones humides sont les amortisseurs de la nature (impact des crues, tsunamis, ouragans, \u2026);<\/p>\n<p class=\"c4\"><span class=\"c3\"><strong>\u2022<\/strong><\/span> Les zones humides jouent un r\u00f4le critique pour la biodiversit\u00e9;<\/p>\n<p class=\"c4\"><span class=\"c3\"><strong>\u2022<\/strong><\/span> Les zones humides cr\u00e9ent des produits et moyens d\u2019existence durables.<\/p>\n<p>La Journ\u00e9e Mondiale des zones Humides, c\u00e9l\u00e9br\u00e9e annuellement au mois de F\u00e9vrier, constitue une occasion pour sensibiliser le public \u00e0 l\u2019importance des zones humides pour l\u2019homme et notre plan\u00e8te.<\/p>\n<p>Pour cette ann\u00e9e, Le Secr\u00e9tariat de la Convention de Ramsar a choisi pour l\u2019\u00e9dition 2021 de la Journ\u00e9e Mondiale des Zones Humides (JMZH) le th\u00e8me \u00abZones humides et eau\u00bb pour mettre en \u00e9vidence le r\u00f4le primordial jou\u00e9 par les zones humides et la coexistence ins\u00e9parable avec les ressources en eau.<\/p>\n<p>Nous traversons une crise de l\u2019eau douce de plus en plus grave qui menace tant les \u00eatres humains que notre plan\u00e8te. Nous utilisons plus d\u2019eau douce que la nature ne peut en reconstituer, d\u00e9truisant ainsi l\u2019\u00e9cosyst\u00e8me dont d\u00e9pendent le plus l\u2019eau et toute forme de vie \u2013 les zones humides.<\/p>\n<p class=\"c5\"><img decoding=\"async\" src=\"\/uploads\/FCK_files\/1J8758.jpg\" alt=\"\" width=\"100%\" vspace=\"5\" hspace=\"5\" align=\"middle\"\/><\/p>\n<p>La campagne 2021 met en \u00e9vidence la contribution des zones humides \u00e0 la quantit\u00e9 et \u00e0 la qualit\u00e9 de l\u2019eau douce sur notre plan\u00e8te. L\u2019eau et les zones humides sont li\u00e9es dans une coexistence ins\u00e9parable qui est vitale pour la vie, notre bien-\u00eatre et la sant\u00e9 de notre plan\u00e8te.<\/p>\n<p>Dans ce cadre, la Semaine des Zones Humides sera organis\u00e9e conjointement par le Fonds Mondial pour la Nature-Afrique du Nord (WWF-NA) et la Direction G\u00e9n\u00e9rale des For\u00eats (DGF) du 22 au 25 F\u00e9vrier 2021 de 10h \u00e0 13h chaque jour.<\/p>\n<p>Cette ann\u00e9e, et consid\u00e9rant les conditions de s\u00e9curit\u00e9 dues au Covid 19, l&rsquo;\u00e9v\u00e8nement sera organis\u00e9 en ligne. Une salle a \u00e9t\u00e9 r\u00e9serv\u00e9e \u00e0 l\u2019h\u00f4tel Golden Tulipes El Mechtel pour les intervenants et les journalistes.<\/p>\n<p>L\u2019allocution de l\u2019ouverture sera assur\u00e9e par\u00a0 le Directeur G\u00e9n\u00e9ral des For\u00eats Mr Mohamed Boufaroua et par La\u00a0 Coordinatrice du D\u00e9partement Eau Douce au sein du Fonds Mondial pour la Nature- Afrique du Nord (WWF-NA) Mme Imen Raies.<\/p>\n<p class=\"c5\"><img decoding=\"async\" src=\"\/uploads\/FCK_files\/D645805.jpg\" alt=\"\" width=\"100%\" vspace=\"5\" hspace=\"5\" align=\"middle\"\/><\/p>\n<p>L\u2019\u00e9v\u00e8nement permettra de rassembler en plus des principales parties prenantes impliqu\u00e9es dans la gestion des zones humides tunisiennes \u00e0 l\u2019\u00e9chelle nationale, r\u00e9gionale et locale, des m\u00e9dias locaux et nationaux (TV, radios, presse \u00e9crite et en ligne) pour couvrir l\u2019\u00e9v\u00e8nement et participer aux d\u00e9bats.<\/p>\n<p><span class=\"c6\"><strong>Note aux \u00e9diteurs<br \/><\/strong><\/span><\/p>\n<p>Le projet GEMWET \u00abConservation et D\u00e9veloppement Durable des Zones Humides C\u00f4ti\u00e8res \u00e0 Hautes Valeur Ecologique\u00bb dans le cadre duquel est organis\u00e9 cet \u00e9v\u00e8nement, est mis en \u0153uvre \u00e0 Ghar El Melh dans l\u2019objectif de contribuer au d\u00e9veloppement \u00e9conomique, socioculturel et \u00e9cologique autour des zones humides de la ville et en particulier de la lagune du m\u00eame nom.<\/p>\n<p><img decoding=\"async\" src=\"\/uploads\/FCK_files\/1J28761.jpg\" alt=\"\" width=\"100%\" vspace=\"5\" hspace=\"5\" align=\"middle\"\/><\/p>\n<p>Le Projet est men\u00e9 par le Fonds Mondial pour la Nature \u2013 Afrique du Nord (WWF NA)en partenariat avec un ensemble de partenaires r\u00e9gionaux et nationaux : Stichting Bird Life Europe, Association des Amis des Oiseaux (AAO), Global Water Partnership Mediterranean (GWP-Med), Centre d\u2019Activit\u00e9s r\u00e9gionales du programme d\u2019Actions prioritaires de l\u2019ONU Environnement (CAR\/PAP), Institut National Agronomique de Tunis (INAT) , Tour du Valat (TdV) et le Centre de la Coop\u00e9ration pour la M\u00e9diterran\u00e9e de l\u2019Union Internationale pour la Conservation de la Nature en M\u00e9diterran\u00e9e (IUCN Med)<\/p>\n<p class=\"c8\"><strong>Mohamed Boufaroua<\/strong><br \/><span class=\"c7\"><em>Ing\u00e9nieur G\u00e9n\u00e9ral, PhD<br \/>Directeur G\u00e9n\u00e9ral des for\u00eats<br \/>Minist\u00e8re de l&rsquo;Agriculture, de la p\u00eache et des ressources hydrauliques<\/em><\/span><br \/>\u00a0<\/p>\n<p>Auteur:<br \/>\n<a href=\"https:\/\/www.leaders.com.tn\/article\/31454-semaine-des-zones-humides-mettre-en-evuidence-l-apport-de-ces-zones-a-la-preservation-des-ressources-en-eaus\">Cliquez ici pour lire l&rsquo;article depuis sa source.<\/a><\/p>\n","protected":false},"excerpt":{"rendered":"<p>Par Mohamed Boufaroua &#8211; Les zones humides sont des \u00e9tendues de lacs, de sebkhas, de marais, de fagnes, de tourbi\u00e8res, ou d&rsquo;eau naturelles ou artificielles, permanentes ou temporaires o\u00f9 l&rsquo;eau est statique ou courante, douce, saum\u00e2tre ou sal\u00e9e, y compris les rivages fr\u00e9quent\u00e9s par les oiseaux d&rsquo;eau. Ce sont des milieux d\u2019une grande productivit\u00e9 biologique, [&hellip;]<\/p>\n","protected":false},"author":1772,"featured_media":0,"comment_status":"closed","ping_status":"closed","sticky":false,"template":"","format":"standard","meta":{"fifu_image_url":"\/uploads\/FCK_files\/Mohamed-Boufaroua(1).jpg","fifu_image_alt":"<div>Semaine des Zones Humides : Mettre en \u00e9vuidence l'apport de ces zones \u00e0 la pr\u00e9servation des ressources en eau<\/div>","footnotes":""},"categories":[73,55],"tags":[],"class_list":["post-111548","post","type-post","status-publish","format-standard","hentry","category-actualite","category-tunisie"],"_links":{"self":[{"href":"https:\/\/linitiative.ca\/International\/wp-json\/wp\/v2\/posts\/111548","targetHints":{"allow":["GET"]}}],"collection":[{"href":"https:\/\/linitiative.ca\/International\/wp-json\/wp\/v2\/posts"}],"about":[{"href":"https:\/\/linitiative.ca\/International\/wp-json\/wp\/v2\/types\/post"}],"author":[{"embeddable":true,"href":"https:\/\/linitiative.ca\/International\/wp-json\/wp\/v2\/users\/1772"}],"replies":[{"embeddable":true,"href":"https:\/\/linitiative.ca\/International\/wp-json\/wp\/v2\/comments?post=111548"}],"version-history":[{"count":0,"href":"https:\/\/linitiative.ca\/International\/wp-json\/wp\/v2\/posts\/111548\/revisions"}],"wp:attachment":[{"href":"https:\/\/linitiative.ca\/International\/wp-json\/wp\/v2\/media?parent=111548"}],"wp:term":[{"taxonomy":"category","embeddable":true,"href":"https:\/\/linitiative.ca\/International\/wp-json\/wp\/v2\/categories?post=111548"},{"taxonomy":"post_tag","embeddable":true,"href":"https:\/\/linitiative.ca\/International\/wp-json\/wp\/v2\/tags?post=111548"}],"curies":[{"name":"wp","href":"https:\/\/api.w.org\/{rel}","templated":true}]}}