{"id":111551,"date":"2021-02-18T05:00:00","date_gmt":"2021-02-18T10:00:00","guid":{"rendered":"https:\/\/linitiative.ca\/International\/les-independantistes-catalans-en-forte-majorite-au-parlement-regional\/"},"modified":"2021-02-18T05:00:00","modified_gmt":"2021-02-18T10:00:00","slug":"les-independantistes-catalans-en-forte-majorite-au-parlement-regional","status":"publish","type":"post","link":"https:\/\/linitiative.ca\/International\/les-independantistes-catalans-en-forte-majorite-au-parlement-regional\/","title":{"rendered":"Les ind\u00e9pendantistes catalans en forte majorit\u00e9 au Parlement r\u00e9gional"},"content":{"rendered":"<p>En Catalogne les ind\u00e9pendantistes renforcent leur majorit\u00e9 au Parlement r\u00e9gional. A l&rsquo;issue de l&rsquo;\u00e9lection de dimanche dernier, l&rsquo;ensemble des partis s\u00e9paratistes a d\u00e9pass\u00e9 les 50% des voix, et c&rsquo;est plus qu&rsquo;en 2017. Trente-deux si\u00e8ges reviennent au parti Ensemble pour la Catalogne de l&rsquo;ex-pr\u00e9sident r\u00e9gional en exil Carles Puigdemont, tandis que la Gauche r\u00e9publicaine de Catalogne (ERC) obtient trente-trois si\u00e8ges. Neuf si\u00e8ges ont par ailleurs \u00e9t\u00e9 remport\u00e9s par les radicaux de la CUP. Ces trois partis renforcent ainsi leur majorit\u00e9 avec 74 si\u00e8ges contre 70.\u00a0<br \/>La r\u00e9gion est actuellement gouvern\u00e9e par ces deux partis, mais ils affichent quelques divergences sur la question de l&rsquo;ind\u00e9pendance : celui de Carles Puigdemont pr\u00f4ne une attitude f\u00e9roce face \u00e0 Madrid, tandis que l&rsquo;ERC, plus mod\u00e9r\u00e9e, avait soutenu le Premier ministre socialiste Pedro Sanchez pour faire voter son programme au Parlement. Et c&rsquo;est le candidat de ce dernier parti, Pere Aragones, qui devient le nouveau pr\u00e9sident r\u00e9gional, trois ans apr\u00e8s la tentative de s\u00e9cession rat\u00e9e. \u00abJe voudrais envoyer un message aux autorit\u00e9s europ\u00e9ennes : les r\u00e9sultats sont clairs. Nous, les partis pro-ind\u00e9pendance, avons une majorit\u00e9. Nous avons r\u00e9colt\u00e9 plus de 50% du vote populaire. Le peuple catalan a parl\u00e9 : le temps est venu de n\u00e9gocier un r\u00e9f\u00e9rendum d&rsquo;autod\u00e9termination\u00bb, a-t-il d\u00e9clar\u00e9.<br \/>R. I.<\/p>\n<p>Auteur:<br \/>\n<a href=\"https:\/\/www.lesoirdalgerie.com\/monde\/les-independantistes-catalans-en-forte-majorite-au-parlement-regional-56580\">Cliquez ici pour lire l&rsquo;article depuis sa source.<\/a><\/p>\n","protected":false},"excerpt":{"rendered":"<p>En Catalogne les ind\u00e9pendantistes renforcent leur majorit\u00e9 au Parlement r\u00e9gional. A l&rsquo;issue de l&rsquo;\u00e9lection de dimanche dernier, l&rsquo;ensemble des partis s\u00e9paratistes a d\u00e9pass\u00e9 les 50% des voix, et c&rsquo;est plus qu&rsquo;en 2017. Trente-deux si\u00e8ges reviennent au parti Ensemble pour la Catalogne de l&rsquo;ex-pr\u00e9sident r\u00e9gional en exil Carles Puigdemont, tandis que la Gauche r\u00e9publicaine de Catalogne [&hellip;]<\/p>\n","protected":false},"author":1741,"featured_media":0,"comment_status":"closed","ping_status":"closed","sticky":false,"template":"","format":"standard","meta":{"fifu_image_url":"","fifu_image_alt":"","footnotes":""},"categories":[73,53],"tags":[],"class_list":["post-111551","post","type-post","status-publish","format-standard","hentry","category-actualite","category-algerie"],"_links":{"self":[{"href":"https:\/\/linitiative.ca\/International\/wp-json\/wp\/v2\/posts\/111551","targetHints":{"allow":["GET"]}}],"collection":[{"href":"https:\/\/linitiative.ca\/International\/wp-json\/wp\/v2\/posts"}],"about":[{"href":"https:\/\/linitiative.ca\/International\/wp-json\/wp\/v2\/types\/post"}],"author":[{"embeddable":true,"href":"https:\/\/linitiative.ca\/International\/wp-json\/wp\/v2\/users\/1741"}],"replies":[{"embeddable":true,"href":"https:\/\/linitiative.ca\/International\/wp-json\/wp\/v2\/comments?post=111551"}],"version-history":[{"count":0,"href":"https:\/\/linitiative.ca\/International\/wp-json\/wp\/v2\/posts\/111551\/revisions"}],"wp:attachment":[{"href":"https:\/\/linitiative.ca\/International\/wp-json\/wp\/v2\/media?parent=111551"}],"wp:term":[{"taxonomy":"category","embeddable":true,"href":"https:\/\/linitiative.ca\/International\/wp-json\/wp\/v2\/categories?post=111551"},{"taxonomy":"post_tag","embeddable":true,"href":"https:\/\/linitiative.ca\/International\/wp-json\/wp\/v2\/tags?post=111551"}],"curies":[{"name":"wp","href":"https:\/\/api.w.org\/{rel}","templated":true}]}}